{"id":6146,"date":"2025-01-23T11:23:52","date_gmt":"2025-01-23T11:23:52","guid":{"rendered":"https:\/\/ikimisli.tr\/?p=6146"},"modified":"2025-01-23T11:23:52","modified_gmt":"2025-01-23T11:23:52","slug":"mhp-o-haberlere-de-kizdi","status":"publish","type":"post","link":"https:\/\/ikimisli.tr\/index.php\/2025\/01\/23\/mhp-o-haberlere-de-kizdi\/","title":{"rendered":"MHP o haberlere de k\u0131zd\u0131"},"content":{"rendered":"<p>Milyonlarca hayran\u0131 bulunan sanat\u00e7\u0131 Ferdi Tayfur&#8217;un vefat\u0131, T\u00fcrkiye genelinde b\u00fcy\u00fck bir h\u00fczne yol a\u00e7t\u0131. 79 ya\u015f\u0131nda, organ yetmezli\u011fi nedeniyle hayat\u0131n\u0131 kaybeden Tayfur, hem m\u00fczi\u011fiyle hem de ki\u015fili\u011fiyle pek \u00e7ok ki\u015finin kalbinde iz b\u0131rakt\u0131.<\/p>\n<p>Sanat\u00e7\u0131n\u0131n vefat\u0131n\u0131n akabinde, bilhassa toplumsal medyada ve medya organlar\u0131nda Tayfur&#8217;un hayat\u0131, m\u00fczi\u011fi ve miras\u0131 \u00fczerine bir\u00e7ok yorum yap\u0131ld\u0131. \u00a0Ferdi Tayfur&#8217;un vefat\u0131n\u0131n akabinde g\u00fcndeme gelen ailevi m\u00fcnasebetler ve miras hususlar\u0131yla ilgili arg\u00fcmanlar i\u00e7in dikkat \u00e7eken bir ikaz geldi.<\/p>\n<p><b>MHP O HABERLER \u0130\u00c7\u0130N \u0130HTAR YAPTI<\/b><\/p>\n<p>Milliyet\u00e7i Hareket Partisi (MHP) Genel Lider Yard\u0131mc\u0131s\u0131 \u0130smail \u00d6zdemir, \u00fcnl\u00fc sanat\u00e7\u0131 Ferdi Tayfur&#8217;un vefat\u0131n\u0131n akabinde g\u00fcndeme gelen ailevi ilgiler ve miras mevzular\u0131na ait toplumsal medya \u00fczerinden bir a\u00e7\u0131klama yapt\u0131. \u00d6zdemir, bu \u00e7e\u015fit hususlar\u0131n aile i\u00e7indeki huzuru zedeleyebilece\u011fine ve toplumda olumsuz tesirlere yol a\u00e7abilece\u011fine dikkat \u00e7ekerek, bu t\u0131p problemlerin kamuoyunun \u00f6n\u00fcnde tart\u0131\u015f\u0131lmas\u0131n\u0131n, Ferdi Tayfur\u2019un an\u0131s\u0131na da ziyan verebilece\u011fini s\u00f6z etti.<\/p>\n<p>\u00d6zdemir, \u015funlar\u0131 kaydetti: &#8220;B\u00f6ylesine de\u011ferli bir sanat\u00e7\u0131 mezar\u0131na \u015fimdi konulmu\u015f ve v\u00fccudu dahi so\u011fumam\u0131\u015fken, kimi ailevi mevzular\u0131n\u0131n televizyon ekranlar\u0131nda tart\u0131\u015fma konusu yap\u0131lmas\u0131 asla hakikat de\u011fildir.<\/p>\n<p>T\u00fcm yay\u0131n kurulu\u015flar\u0131n\u0131, merhum sanatkar\u0131m\u0131z\u0131n aziz an\u0131s\u0131na ve milletimizin ortak ac\u0131s\u0131na h\u00fcrmeten, bu problemleri insani \u00f6l\u00e7\u00fclere yak\u0131\u015f\u0131r bir hassasiyetle ele almaya davet ediyoruz.<\/p>\n<p>B\u0131rak\u0131n merhumun ailesi de kendi ac\u0131s\u0131n\u0131 ya\u015fas\u0131n, an\u0131lar\u0131n\u0131 korusun, h\u00fcrmetle yad\u0131n\u0131 yaps\u0131n, ailevi mevzular\u0131 kendi b\u00fcnyesinde de\u011ferlendirsin.<\/p>\n<p>Bu \u00f6l\u00e7\u00fclere h\u00fcrmet duyulmas\u0131n\u0131n, bizim mutlak beklentimiz oldu\u011fu bilinmelidir.<\/p>\n<p>Milliyet\u00e7i Hareket Partisi olarak can\u0131m\u0131zdan can bildi\u011fimiz Ferdi Tayfur&#8217;a bir sefer daha Cenab\u0131allah&#8217;tan rahmet dilerken, her t\u00fcrl\u00fc hukukunu m\u00fcdafaa hassasiyetimizi sonuna kadar koruma edece\u011fimizi de kamuoyuna h\u00fcrmetle arz ederiz.&#8221;<\/p>\n<div>\n<p>https:\/\/twitter.com\/ismailozdemirrr\/status\/1877333056949797325<\/p>\n<\/p><\/div>\n<p>\u00a0<\/p>\n","protected":false},"excerpt":{"rendered":"<p>MHP Genel Lider Yard\u0131mc\u0131s\u0131 \u0130smail \u00d6zdemir, \u00fcnl\u00fc sanat\u00e7\u0131 Ferdi Tayfur&#8217;un vefat\u0131n\u0131n akabinde g\u00fcndeme gelen ailevi ba\u011flar ve miras bahislerine ait toplumsal medya \u00fczerinden yapt\u0131\u011f\u0131 a\u00e7\u0131klamada, bu t\u0131p problemlerin kamuoyunda tart\u0131\u015f\u0131lmamas\u0131 gerekti\u011fini belirterek, Ferdi Tayfur\u2019un aziz an\u0131s\u0131na h\u00fcrmet g\u00f6sterilmesi gerekti\u011fi ikaz\u0131n\u0131 yapt\u0131.<\/p>\n","protected":false},"author":1,"featured_media":6147,"comment_status":"open","ping_status":"open","sticky":false,"template":"","format":"standard","meta":{"footnotes":""},"categories":[25],"tags":[87,1179,1624,818],"class_list":["post-6146","post","type-post","status-publish","format-standard","has-post-thumbnail","hentry","category-gundem","tag-aile","tag-ferdi","tag-konulari","tag-sanatci"],"_links":{"self":[{"href":"https:\/\/ikimisli.tr\/index.php\/wp-json\/wp\/v2\/posts\/6146","targetHints":{"allow":["GET"]}}],"collection":[{"href":"https:\/\/ikimisli.tr\/index.php\/wp-json\/wp\/v2\/posts"}],"about":[{"href":"https:\/\/ikimisli.tr\/index.php\/wp-json\/wp\/v2\/types\/post"}],"author":[{"embeddable":true,"href":"https:\/\/ikimisli.tr\/index.php\/wp-json\/wp\/v2\/users\/1"}],"replies":[{"embeddable":true,"href":"https:\/\/ikimisli.tr\/index.php\/wp-json\/wp\/v2\/comments?post=6146"}],"version-history":[{"count":1,"href":"https:\/\/ikimisli.tr\/index.php\/wp-json\/wp\/v2\/posts\/6146\/revisions"}],"predecessor-version":[{"id":6148,"href":"https:\/\/ikimisli.tr\/index.php\/wp-json\/wp\/v2\/posts\/6146\/revisions\/6148"}],"wp:featuredmedia":[{"embeddable":true,"href":"https:\/\/ikimisli.tr\/index.php\/wp-json\/wp\/v2\/media\/6147"}],"wp:attachment":[{"href":"https:\/\/ikimisli.tr\/index.php\/wp-json\/wp\/v2\/media?parent=6146"}],"wp:term":[{"taxonomy":"category","embeddable":true,"href":"https:\/\/ikimisli.tr\/index.php\/wp-json\/wp\/v2\/categories?post=6146"},{"taxonomy":"post_tag","embeddable":true,"href":"https:\/\/ikimisli.tr\/index.php\/wp-json\/wp\/v2\/tags?post=6146"}],"curies":[{"name":"wp","href":"https:\/\/api.w.org\/{rel}","templated":true}]}}