{"id":6149,"date":"2025-01-23T11:35:59","date_gmt":"2025-01-23T11:35:59","guid":{"rendered":"https:\/\/ikimisli.tr\/?p=6149"},"modified":"2025-01-23T11:35:59","modified_gmt":"2025-01-23T11:35:59","slug":"turkan-soraydan-buyuk-usta-selim-ileriye-huzunlu-veda-bugun-yemek-icin-bulasacaktik","status":"publish","type":"post","link":"https:\/\/ikimisli.tr\/index.php\/2025\/01\/23\/turkan-soraydan-buyuk-usta-selim-ileriye-huzunlu-veda-bugun-yemek-icin-bulasacaktik\/","title":{"rendered":"T\u00fcrkan \u015eoray&#8217;dan b\u00fcy\u00fck usta Selim \u0130leri&#8217;ye h\u00fcz\u00fcnl\u00fc veda: Bug\u00fcn yemek i\u00e7in bula\u015facakt\u0131k"},"content":{"rendered":"<p>Yar\u0131m as\u0131rl\u0131k edebi hayat\u0131nda pek \u00e7ok yap\u0131ta imza atan usta muharrir, senarist ve ele\u015ftirmen Selim \u0130leri, evvelki ak\u015fam tedavi g\u00f6rd\u00fc\u011f\u00fc hastanede ortam\u0131zdan ayr\u0131ld\u0131.<\/p>\n<p>Bir m\u00fcddettir s\u0131hhat s\u0131k\u0131nt\u0131lar\u0131yla gayret eden \u0130leri, \u00a0\u00f6nceki g\u00fcn sabah saatlerinde durumunun ciddile\u015fmesi \u00fczerine hastaneye kald\u0131r\u0131lm\u0131\u015ft\u0131.<\/p>\n<p>Tedavi g\u00f6rd\u00fc\u011f\u00fc hastanede evvelki ak\u015fam 75 ya\u015f\u0131nda hayat\u0131n\u0131 kaybeden usta m\u00fcellif, vefat\u0131yla sevenlerini h\u00fczne bo\u011fdu.<\/p>\n<p><img decoding=\"async\" src=\"https:\/\/ikimisli.tr\/wp-content\/uploads\/2025\/01\/turkan-soraydan-buyuk-usta-selim-ileriye-huzunlu-veda-bugun-yemek-icin-bulasacaktik-0-8ECpXVKV.jpeg\"\/><\/p>\n<p>Selim \u0130leri i\u00e7in bug\u00fcn saat 10.30&#8217;da Atat\u00fcrk K\u00fclt\u00fcr Merkezi&#8217;nde (AKM) merasim d\u00fczenlendi.<\/p>\n<p>T\u00f6rene kat\u0131lan K\u00fclt\u00fcr ve Turizm Bakan Yard\u0131mc\u0131s\u0131 Dr. Serdar \u00c7am, \u0130leri&#8217;nin T\u00fcrk edebiyat\u0131ndaki de\u011ferine i\u015faret ederek, &#8220;Osmanl\u0131&#8217;n\u0131n son g\u00fcnlerini g\u00f6ren, de\u011fi\u015fime \u015fahit olan ve Cumhuriyet&#8217;in birinci y\u0131llar\u0131nda edebiyat\u0131m\u0131za taraf veren b\u00fcy\u00fck bir jenerasyon vard\u0131. Selim Bey de i\u015fte bu b\u00fcy\u00fck edipler d\u00fcnyas\u0131nda yeti\u015fmi\u015f, onlardan ald\u0131\u011f\u0131 gelene\u011fi, zarafeti, T\u00fcrk\u00e7eyi 21. y\u00fczy\u0131la ta\u015f\u0131m\u0131\u015f b\u00fcy\u00fck bir edebiyat ve k\u00fclt\u00fcr insan\u0131yd\u0131&#8221; dedi.\u00a0<\/p>\n<p>Serdar \u00c7am, \u0130leri&#8217;nin 2012&#8217;de Cumhurba\u015fkanl\u0131\u011f\u0131 K\u00fclt\u00fcr ve Sanat B\u00fcy\u00fck \u00d6d\u00fcl\u00fc&#8217;ne lay\u0131k g\u00f6r\u00fcld\u00fc\u011f\u00fcn\u00fc vurgulayarak, usta edebiyat\u00e7\u0131n\u0131n nezaketiyle de herkesi etkiledi\u011fini s\u00f6yledi.\u00a0<\/p>\n<p><img decoding=\"async\" src=\"https:\/\/ikimisli.tr\/wp-content\/uploads\/2025\/01\/turkan-soraydan-buyuk-usta-selim-ileriye-huzunlu-veda-bugun-yemek-icin-bulasacaktik-1-6eruppiC.jpg\"\/><\/p>\n<p>\u0130stanbul B\u00fcy\u00fck\u015fehir Belediyesi Genel Sekreter Yard\u0131mc\u0131s\u0131 Uzman Polat da \u0130leri ile \u00e7ok yak\u0131n bir s\u00fcre\u00e7te g\u00f6r\u00fc\u015ft\u00fcklerinden bahsederek, &#8220;Bizim i\u00e7in \u00e7ok \u00f6zel bir projeye \u00e7al\u0131\u015f\u0131yoruz, &#8216;\u0130stanbul Haf\u0131za&#8217; diye. Yapmak istedi\u011fimiz \u015fey, kay\u0131plar\u0131m\u0131z\u0131n akabinde \u0130stanbul&#8217;un sivil tarihinde yer izlerini olu\u015fturmak. Herhalde bu t\u00fcrl\u00fc bir i\u015fe kalk\u0131\u015ft\u0131\u011f\u0131m\u0131zda konu\u015faca\u011f\u0131m\u0131z, birinci yard\u0131m isteyece\u011fimiz ender insanlardan bir tanesi Selim \u0130leri. Zira \u0130leri, \u0130stanbul kent k\u00fclt\u00fcr tarihine bir \u00f6m\u00fcr vermi\u015f birisi&#8221; de\u011ferlendirmesini yapt\u0131.<\/p>\n<p><img decoding=\"async\" src=\"https:\/\/ikimisli.tr\/wp-content\/uploads\/2025\/01\/turkan-soraydan-buyuk-usta-selim-ileriye-huzunlu-veda-bugun-yemek-icin-bulasacaktik-2-XJgZ7cAk.jpg\"\/><\/p>\n<p><b>&#8220;TAM B\u0130R \u0130STANBUL A\u015eI\u011eIYDI&#8221;<\/b><\/p>\n<p>Beyo\u011flu Belediye Ba\u015fkan\u0131 \u0130nan G\u00fcney de Selim \u0130leri&#8217;yi okuyarak b\u00fcy\u00fcd\u00fc\u011f\u00fcn\u00fc lisana getirerek, \u015funlar\u0131 anlatt\u0131:\u00a0&#8220;Onun i\u00e7in tam bir &#8216;Beyo\u011flu Beyefendisi&#8217; demek yanl\u0131\u015f olmayacakt\u0131r. Ortaokulu il\u00e7emizdeki Galatasaray Lisesi&#8217;nde okudu ve uzun y\u0131llar Beyo\u011flu merkezli bir \u00f6m\u00fcr s\u00fcrd\u00fcrd\u00fc. Kitaplar\u0131nda Beyo\u011flu&#8217;nu, \u0130stanbul&#8217;u \u00e7ok anlatt\u0131. Tam bir \u0130stanbul a\u015f\u0131\u011f\u0131yd\u0131. Naifti, kibard\u0131. Bu periyoda ili\u015fkin olmayacak kadar nezaket sahibiydi. Yeterli bir muharrir, \u00e2l\u00e2 bir insand\u0131. Bunlar\u0131 s\u00f6ylerken \u015funu da d\u00fc\u015f\u00fcn\u00fcyorum; ne ho\u015ftur bu t\u00fcrl\u00fc an\u0131lmak, hat\u0131rlanmak, bu t\u00fcrl\u00fc y\u00fczlerce dostuyla sonsuzlu\u011fa u\u011furlanmak. Kendisi yap\u0131tlar\u0131yla daima ya\u015fayacak.&#8221;\u00a0<\/p>\n<p>Programda ayr\u0131yeten \u0130leri&#8217;nin ye\u011feni Prof. Dr. Ferhat Nutku, m\u00fcellif Beh\u00e7et Necatigil&#8217;in k\u0131z\u0131 Ay\u015fe Sar\u0131say\u0131n, muharrir Asuman Kafao\u011flu ve Semra Aktun\u00e7 birer konu\u015fma yapt\u0131.\u00a0<\/p>\n<p>Buradaki merasimin akabinde \u00a0Selim \u0130leri&#8217;nin cenazesi \u00dcsk\u00fcdar&#8217;daki Vanik\u00f6y Mescidi&#8217;ne getirildi. \u00d6\u011flen namaz\u0131na m\u00fcteakip k\u0131l\u0131nan cenaze namaz\u0131nda taziyeleri Selim \u0130leri&#8217;nin ye\u011feni Prof. Dr. Ferhat Nutku ile e\u015fi kabul etti.\u00a0<\/p>\n<p><img decoding=\"async\" src=\"https:\/\/ikimisli.tr\/wp-content\/uploads\/2025\/01\/turkan-soraydan-buyuk-usta-selim-ileriye-huzunlu-veda-bugun-yemek-icin-bulasacaktik-3-VBpQYVRF.jpeg\"\/><\/p>\n<p>Cenazeye \u0130stanbul Valisi Davut G\u00fcl, eski Cumhurba\u015fkan\u0131 Abdullah G\u00fcl, oyuncular T\u00fcrkan \u015eoray, Nergis \u00c7orak\u00e7\u0131, Sumru Yavrucuk, Kerem Al\u0131\u015f\u0131k ve akademisyen muharrir Hasan B\u00fclent Kahraman&#8217;\u0131n yan\u0131 s\u0131ra edebiyat ve sinema d\u00fcnyas\u0131ndan bir\u00e7ok isim kat\u0131ld\u0131.\u00a0<\/p>\n<p><b>&#8220;H\u0130\u00c7 BEKLEMED\u0130\u011e\u0130M\u0130Z B\u0130R ANDA OLDU&#8221;<\/b><\/p>\n<p>T\u00f6rene kat\u0131lan usta oyuncu T\u00fcrkan \u015eoray, &#8220;\u0130nsan\u0131n en yak\u0131n dostunu, haftada 2-3 kez muhabbet etti\u011fi, \u00e7ok sevdi\u011fi dostunu, arkada\u015f\u0131n\u0131 kaybetmesi nitekim anlat\u0131lmaz hisler. Ruhen \u00e7ok \u00fcz\u00fcyor. Hi\u00e7 beklemedi\u011fimiz bir anda oldu. Bu hayat\u0131n getirdi\u011fi bir durum nat\u00fcrel. Hi\u00e7bir \u015fey s\u00f6yleyemeyiz&#8221; dedi.\u00a0<\/p>\n<p><img decoding=\"async\" src=\"https:\/\/ikimisli.tr\/wp-content\/uploads\/2025\/01\/turkan-soraydan-buyuk-usta-selim-ileriye-huzunlu-veda-bugun-yemek-icin-bulasacaktik-4-cl4xBZMO.jpeg\"\/><\/p>\n<p>\u015eoray, \u0130leri ile ge\u00e7en hafta g\u00f6r\u00fc\u015ft\u00fcklerini ve bug\u00fcn i\u00e7in kendisini yeme\u011fe davet etti\u011fini aktararak, &#8220;Ge\u00e7en hafta beni bug\u00fcn saat 18.00&#8217;de yeme\u011fe davet etmi\u015fti. Bug\u00fcn yemekte bulu\u015facakt\u0131k. Onun i\u00e7in haz\u0131rlanmay\u0131 d\u00fc\u015f\u00fcn\u00fcyordum lakin bug\u00fcn onu u\u011furlamam i\u00e7in haz\u0131rland\u0131m. Bu beni \u00e7ok etkiledi. Ho\u015f ya\u015fad\u0131. \u00c7ok sevildi. Hayata k\u0131ymet katarak ortam\u0131zdan ayr\u0131l\u0131yor. Kitaplar\u0131 da \u00e7ok okundu, \u00e7ok sevildi. O her vakit benim sevgili dostum olarak kalbimde kalacak&#8221; tabirlerini kulland\u0131.\u00a0<\/p>\n<p><img decoding=\"async\" src=\"https:\/\/ikimisli.tr\/wp-content\/uploads\/2025\/01\/turkan-soraydan-buyuk-usta-selim-ileriye-huzunlu-veda-bugun-yemek-icin-bulasacaktik-5-ulwKikpJ.jpeg\"\/><\/p>\n<p>Oyuncu Kerem Al\u0131\u015f\u0131k ise &#8220;Selim \u0130leri, kendisi \u00fczere ince ve derin bir kalemdi. Romanc\u0131yd\u0131, ele\u015ftirmen ve senaristti. Yazard\u0131 ve daima yazd\u0131. O, T\u00fcrk edebiyat\u0131n\u0131n bence tarihidir, haf\u0131zas\u0131d\u0131r. Biraz sonbahar, biraz yaln\u0131zl\u0131kt\u0131 Selim \u0130leri&#8221; de\u011ferlendirmesinde bulundu.\u00a0<\/p>\n<p><img decoding=\"async\" src=\"https:\/\/ikimisli.tr\/wp-content\/uploads\/2025\/01\/turkan-soraydan-buyuk-usta-selim-ileriye-huzunlu-veda-bugun-yemek-icin-bulasacaktik-6-PdMHP2kL.jpg\"\/><\/p>\n<p>Alk\u0131\u015flarla u\u011furlanan \u0130leri&#8217;nin cenazesi, Sahray\u0131cedit Mezarl\u0131\u011f\u0131&#8217;ndaki aile kabristan\u0131na defnedildi.<\/p>\n","protected":false},"excerpt":{"rendered":"<p>Bir m\u00fcddettir s\u0131hhat s\u0131k\u0131nt\u0131lar\u0131 ya\u015fayan ve evvelki ak\u015fam tedavi g\u00f6rd\u00fc\u011f\u00fc hastanede hayat\u0131n\u0131 kaybeden T\u00fcrk Edebiyat\u0131\u2019n\u0131n g\u00fc\u00e7l\u00fc kalemi Selim \u0130leri, bug\u00fcn son seyahatine u\u011furland\u0131. En yak\u0131n dostunu kaybeden T\u00fcrk sinemas\u0131n\u0131n &#8216;Sultan&#8217;\u0131 T\u00fcrkan \u015eoray, &#8220;Ge\u00e7en hafta beni bug\u00fcn yeme\u011fe davet etmi\u015fti. Bug\u00fcn yemekte bulu\u015facakt\u0131k. Onun i\u00e7in haz\u0131rlanmay\u0131 d\u00fc\u015f\u00fcn\u00fcyordum ancak bug\u00fcn onu u\u011furlamam i\u00e7in haz\u0131rland\u0131m. Bu beni \u00e7ok etkiledi&#8221; dedi.<\/p>\n","protected":false},"author":1,"featured_media":6150,"comment_status":"open","ping_status":"open","sticky":false,"template":"","format":"standard","meta":{"footnotes":""},"categories":[26],"tags":[1626,1457,380,1458,1625],"class_list":["post-6149","post","type-post","status-publish","format-standard","has-post-thumbnail","hentry","category-kultur-sanat","tag-bey","tag-edebi","tag-istanbul","tag-selim-ileri","tag-yazar"],"_links":{"self":[{"href":"https:\/\/ikimisli.tr\/index.php\/wp-json\/wp\/v2\/posts\/6149","targetHints":{"allow":["GET"]}}],"collection":[{"href":"https:\/\/ikimisli.tr\/index.php\/wp-json\/wp\/v2\/posts"}],"about":[{"href":"https:\/\/ikimisli.tr\/index.php\/wp-json\/wp\/v2\/types\/post"}],"author":[{"embeddable":true,"href":"https:\/\/ikimisli.tr\/index.php\/wp-json\/wp\/v2\/users\/1"}],"replies":[{"embeddable":true,"href":"https:\/\/ikimisli.tr\/index.php\/wp-json\/wp\/v2\/comments?post=6149"}],"version-history":[{"count":1,"href":"https:\/\/ikimisli.tr\/index.php\/wp-json\/wp\/v2\/posts\/6149\/revisions"}],"predecessor-version":[{"id":6158,"href":"https:\/\/ikimisli.tr\/index.php\/wp-json\/wp\/v2\/posts\/6149\/revisions\/6158"}],"wp:featuredmedia":[{"embeddable":true,"href":"https:\/\/ikimisli.tr\/index.php\/wp-json\/wp\/v2\/media\/6150"}],"wp:attachment":[{"href":"https:\/\/ikimisli.tr\/index.php\/wp-json\/wp\/v2\/media?parent=6149"}],"wp:term":[{"taxonomy":"category","embeddable":true,"href":"https:\/\/ikimisli.tr\/index.php\/wp-json\/wp\/v2\/categories?post=6149"},{"taxonomy":"post_tag","embeddable":true,"href":"https:\/\/ikimisli.tr\/index.php\/wp-json\/wp\/v2\/tags?post=6149"}],"curies":[{"name":"wp","href":"https:\/\/api.w.org\/{rel}","templated":true}]}}