{"id":61591,"date":"2025-07-29T20:09:31","date_gmt":"2025-07-29T20:09:31","guid":{"rendered":"https:\/\/ikimisli.tr\/?p=61591"},"modified":"2025-07-29T20:09:31","modified_gmt":"2025-07-29T20:09:31","slug":"toplantida-konusulanlar-bakani-kizdirdi-bir-daha-bu-adama-randevu-vermeyin","status":"publish","type":"post","link":"https:\/\/ikimisli.tr\/index.php\/2025\/07\/29\/toplantida-konusulanlar-bakani-kizdirdi-bir-daha-bu-adama-randevu-vermeyin\/","title":{"rendered":"Toplant\u0131da konu\u015fulanlar bakan\u0131 k\u0131zd\u0131rd\u0131: &#8216;Bir daha bu adama randevu vermeyin&#8217;"},"content":{"rendered":"<p>2015 y\u0131l\u0131nda y\u00fcksek getiri sa\u011flamas\u0131na kar\u015f\u0131n 685 milyon dolara \u00f6zelle\u015ftirilen ve Torku \u00fczere \u00fcnl\u00fc markalar\u0131 da b\u00fcnyesinde bulunduran Konya \u015eeker&#8217;e sat\u0131lan Soma Termik Santrali&#8217;nde \u00fcretim b\u00fcsb\u00fct\u00fcn durduruldu.\u00a0<\/p>\n<p>Santrali i\u015fleten Konya \u015eeker&#8217;in devlet i\u015ftiraki olan T\u00fcrkiye K\u00f6m\u00fcr \u0130\u015fletmeleri&#8217;ne 18 milyar TL&#8217;lik borcunu \u00f6demedi\u011fi \u00f6\u011frenilirken, mevcut bor\u00e7 ve santralin durdurulmas\u0131na ait ge\u00e7ti\u011fimiz haftalarda Ankara&#8217;da yap\u0131lan toplant\u0131n\u0131n da epey gergin ge\u00e7ti\u011fi \u00f6ne s\u00fcr\u00fclm\u00fc\u015ft\u00fc.\u00a0<\/p>\n<p><img decoding=\"async\" src=\"https:\/\/ikimisli.tr\/wp-content\/uploads\/2025\/07\/toplantida-konusulanlar-bakani-kizdirdi-bir-daha-bu-adama-randevu-vermeyin-0-brWuxaWq.jpg\"\/><\/p>\n<p>Bakan Bayraktar&#8217;\u0131n, Konya \u015eeker Y\u00f6netim Kurulu Lideri Ramazan Erkoyuncu&#8217;yu toplant\u0131dan kovdu\u011fu tezini Erkoyuncu yalanlarken, g\u00f6r\u00fc\u015fmelerin gergin fakat samimi ge\u00e7ti\u011fini belirten Erkoyuncu, &#8220;Devlet beni idam eder lakin kovmaz&#8221; tabirlerini kulland\u0131.\u00a0<\/p>\n<p><strong>&#8216;BU ADAMA B\u0130R DAHA RANDEVU VERMEY\u0130N&#8217;<\/strong><\/p>\n<p>\u00d6te yandan taraflar\u0131n bu hafta i\u00e7erisinde Ankara&#8217;da bir daha g\u00f6r\u00fc\u015fme yapmas\u0131 beklense de, G\u00fc\u00e7 ve Tabii Kaynaklar Bakanl\u0131\u011f\u0131 taraf\u0131ndan Konya \u015eeker&#8217;e rastgele bir randevu verilmedi.\u00a0<\/p>\n<p>Tar\u0131mdan Haber Genel Yay\u0131n Y\u00f6netmeni Sadettin \u0130nan&#8217;\u0131n haberine nazaran, gergin ge\u00e7en toplant\u0131da Erkoyuncu&#8217;nun santralin bor\u00e7lar\u0131na ait devleti su\u00e7lay\u0131c\u0131 tabirler kullanmas\u0131na sonlanan Bakan Bayraktar, yan\u0131ndaki bakan yard\u0131mc\u0131s\u0131na \u201cBir daha bu adamla toplant\u0131 ayarlamay\u0131n!\u201d talimat\u0131 verdi.\u00a0<\/p>\n<p><img decoding=\"async\" src=\"https:\/\/ikimisli.tr\/wp-content\/uploads\/2025\/07\/toplantida-konusulanlar-bakani-kizdirdi-bir-daha-bu-adama-randevu-vermeyin-1-umusJ5UQ.jpg\"\/><\/p>\n<p>Gelinen noktada, bu hafta yap\u0131laca\u011f\u0131 duyurulan kritik g\u00f6r\u00fc\u015fmenin ger\u00e7ekle\u015fmemesi ve G\u00fc\u00e7 Bakan\u0131\u2019n\u0131n randevu vermemesi, Ankara\u2019da devletin \u00fcst kademesinde Ramazan Erkoyuncu\u2019ya kar\u015f\u0131 olu\u015fan yans\u0131y\u0131 daha g\u00f6r\u00fcn\u00fcr hale getirdi.<\/p>\n<p><strong>&#8216;SANTRAL\u0130 NE VAK\u0130T KAPATACA\u011eIMIZI B\u0130Z S\u0130ZE S\u00d6YLER\u0130Z&#8217;<\/strong><\/p>\n<p>\u0130ddiaya nazaran taraflar ortas\u0131nda yap\u0131lan son g\u00f6r\u00fc\u015fmede Konya \u015eeker Y\u00f6netim Kurulu Lideri Erkoyuncu, Bakan Bayraktar&#8217;a &#8220;Santralin anahtar\u0131n\u0131 b\u0131rak\u0131p gidiyoruz, emek\u00e7ileri \u00e7\u0131karaca\u011f\u0131z, kap\u0131ya kilidi vuraca\u011f\u0131z!\u201d tabirlerini kulland\u0131. Bakan Bayraktar&#8217;\u0131n bu s\u00f6zlere sonland\u0131\u011f\u0131 ve \u201cRamazan Bey, santrali ne vakit kapataca\u011f\u0131m\u0131z\u0131 biz size s\u00f6yleriz!\u201d diyerek sert bir yan\u0131t verdi\u011fi belirtildi.\u00a0<\/p>\n","protected":false},"excerpt":{"rendered":"<p>T\u00fcrkiye K\u00f6m\u00fcr \u0130\u015fletmeleri&#8217;ne (TK\u0130) olan 18 milyar TL&#8217;lik borcunu \u00f6demedi\u011fi gerek\u00e7esiyle Soma Termik Santrali&#8217;nde \u00fcretimi durdurmak zorunda kalan Konya \u015eeker, ge\u00e7ti\u011fimiz haftalarda G\u00fc\u00e7 ve Tabii Kaynaklar Bakan\u0131 Alparslan Bayraktar ile toplant\u0131 ger\u00e7ekle\u015ftirmi\u015fti. Bakan Bayraktar&#8217;\u0131n toplant\u0131daki s\u00f6zleri nedeniyle tart\u0131\u015ft\u0131\u011f\u0131 Konya \u015eeker Ba\u015fkan\u0131 Erkoyuncu i\u00e7in &#8216;Bu adama bir daha randevu vermeyin&#8217; dedi\u011fi \u00f6ne s\u00fcr\u00fcld\u00fc.<\/p>\n","protected":false},"author":1,"featured_media":61592,"comment_status":"open","ping_status":"open","sticky":false,"template":"","format":"standard","meta":{"footnotes":""},"categories":[25],"tags":[262,7932,5794],"class_list":["post-61591","post","type-post","status-publish","format-standard","has-post-thumbnail","hentry","category-gundem","tag-bakan","tag-konya-seker","tag-santrali"],"_links":{"self":[{"href":"https:\/\/ikimisli.tr\/index.php\/wp-json\/wp\/v2\/posts\/61591","targetHints":{"allow":["GET"]}}],"collection":[{"href":"https:\/\/ikimisli.tr\/index.php\/wp-json\/wp\/v2\/posts"}],"about":[{"href":"https:\/\/ikimisli.tr\/index.php\/wp-json\/wp\/v2\/types\/post"}],"author":[{"embeddable":true,"href":"https:\/\/ikimisli.tr\/index.php\/wp-json\/wp\/v2\/users\/1"}],"replies":[{"embeddable":true,"href":"https:\/\/ikimisli.tr\/index.php\/wp-json\/wp\/v2\/comments?post=61591"}],"version-history":[{"count":1,"href":"https:\/\/ikimisli.tr\/index.php\/wp-json\/wp\/v2\/posts\/61591\/revisions"}],"predecessor-version":[{"id":61595,"href":"https:\/\/ikimisli.tr\/index.php\/wp-json\/wp\/v2\/posts\/61591\/revisions\/61595"}],"wp:featuredmedia":[{"embeddable":true,"href":"https:\/\/ikimisli.tr\/index.php\/wp-json\/wp\/v2\/media\/61592"}],"wp:attachment":[{"href":"https:\/\/ikimisli.tr\/index.php\/wp-json\/wp\/v2\/media?parent=61591"}],"wp:term":[{"taxonomy":"category","embeddable":true,"href":"https:\/\/ikimisli.tr\/index.php\/wp-json\/wp\/v2\/categories?post=61591"},{"taxonomy":"post_tag","embeddable":true,"href":"https:\/\/ikimisli.tr\/index.php\/wp-json\/wp\/v2\/tags?post=61591"}],"curies":[{"name":"wp","href":"https:\/\/api.w.org\/{rel}","templated":true}]}}