{"id":61643,"date":"2025-07-29T22:57:30","date_gmt":"2025-07-29T22:57:30","guid":{"rendered":"https:\/\/ikimisli.tr\/?p=61643"},"modified":"2025-07-29T22:57:30","modified_gmt":"2025-07-29T22:57:30","slug":"aponun-sekreteryasi-aktasin-kuzeni-cikti","status":"publish","type":"post","link":"https:\/\/ikimisli.tr\/index.php\/2025\/07\/29\/aponun-sekreteryasi-aktasin-kuzeni-cikti\/","title":{"rendered":"Apo\u2019nun sekreteryas\u0131 Akta\u015f\u2019\u0131n kuzeni \u00e7\u0131kt\u0131"},"content":{"rendered":"<p>Diyarbak\u0131r\u2019da 1994\u2019te Y\u0131lmaz Market isimli i\u015f yerinin ate\u015fe verilerek kur\u015funlanmas\u0131 hareketini ger\u00e7ekle\u015ftirdi\u011fi gerek\u00e7esiyle tutuklanan PKK\u2019l\u0131 Veysi Akta\u015f, a\u011f\u0131rla\u015ft\u0131r\u0131lm\u0131\u015f m\u00fcebbet mahpusla cezaland\u0131r\u0131ld\u0131. Ge\u00e7ti\u011fimiz g\u00fcnlerde cezas\u0131n\u0131n infaz\u0131n\u0131 tamamlad\u0131ktan sonra tahliyesine karar verildi. Diyarbak\u0131r\u2019a d\u00f6nd\u00fc. Havaalan\u0131nda kalabal\u0131k bir k\u00fcme taraf\u0131ndan \u00e7i\u00e7ek ve z\u0131lg\u0131tlarla kar\u015f\u0131lanan Veysi Akta\u015f\u2019\u0131n akrabalar\u0131 ortas\u0131nda dikkat \u00e7eken bir isim yer al\u0131yordu.<\/p>\n<p><img decoding=\"async\" src=\"https:\/\/ikimisli.tr\/wp-content\/uploads\/2025\/07\/aponun-sekreteryasi-aktasin-kuzeni-cikti-0-7utFWpTH.jpg\"\/><\/p>\n<p>\u00d6calan\u2019\u0131n cezaevi arkada\u015f\u0131 Veysi Akta\u015f tahliye sonras\u0131 DEM Parti Diyarbak\u0131r vilayet binas\u0131na gitti. DBP E\u015f Genel Liderleri \u00c7i\u011fdem K\u0131l\u0131\u00e7g\u00fcn U\u00e7ar ve Keskin Bay\u0131nd\u0131r ile g\u00f6r\u00fc\u015ft\u00fc.\u00a0<\/p>\n<p><strong>EV\u0130NE Z\u0130YARET<\/strong><\/p>\n<p>\u0130mral\u0131\u2019da ter\u00f6r \u00f6rg\u00fct\u00fc eleba\u015f\u0131 Apo\u2019nun sekreteryas\u0131nda yer alan ve PKK\u2019ya silah b\u0131rakma daveti yap\u0131l\u0131rken de \u00d6calan\u2019\u0131n yan\u0131nda oturan Veysi Akta\u015f\u2019\u0131n, CHP\u2019ye y\u00f6nelik operasyonlar\u0131n ba\u015fakt\u00f6r\u00fc \u201cTopal \u0130hsan\u201d lakapl\u0131 Aziz \u0130hsan Akta\u015f\u2019\u0131n amcas\u0131n\u0131n o\u011flu oldu\u011fu ortaya \u00e7\u0131kt\u0131. Veysi\u2019nin babas\u0131 Abit ile Aziz \u0130hsan\u2019\u0131n babas\u0131 Nezir\u2019in karde\u015f olduklar\u0131 belirlendi. \u201cSu\u00e7 \u00f6rg\u00fct\u00fc lideri\u201d denilen, \u201citiraf\u00e7\u0131\u201d olduktan sonra h\u00fcr b\u0131rak\u0131lan Aziz \u0130hsan Akta\u015f\u2019\u0131n annesi \u015eerife ile babas\u0131 Nezir Akta\u015f\u2019\u0131n da Veysi Akta\u015f\u2019\u0131n aile konutuna ge\u00e7mi\u015f olsun ziyaretinde bulunduklar\u0131 bildirildi.<\/p>\n<p><img decoding=\"async\" src=\"https:\/\/ikimisli.tr\/wp-content\/uploads\/2025\/07\/aponun-sekreteryasi-aktasin-kuzeni-cikti-1-qRxEuVKg.jpg\"\/><\/p>\n<p><strong>\u00c7AY KAHVEDEN SERVET<\/strong><\/p>\n<p>Aziz \u0130hsan Akta\u015f, Diyarbak\u0131r\u2019da Kredi Yurtlar Kurumu\u2019nun kantin ihalesini ald\u0131. Kafe i\u015fletmeye ba\u015flad\u0131. Dondurma, \u00e7ay ve kahve satan Akta\u015f daha sonra Ulusal E\u011fitim M\u00fcd\u00fcrl\u00fc\u011f\u00fc\u2019n\u00fcn a\u00e7t\u0131\u011f\u0131 okul kantin ihaleleri ve devam\u0131nda AKP\u2019li belediyelerin a\u00e7t\u0131\u011f\u0131 ihalelerle bir anda servet sahibi oldu.<\/p>\n<p><strong>\u015e\u0130KAYET VAR LAK\u0130N&#8230; <\/strong><\/p>\n<p>Akta\u015f\u2019\u0131n, CHP\u2019li belediyelerden ald\u0131\u011f\u0131 ihalelerle ilgili soru\u015fturma devam ederken, t\u0131pk\u0131 tarihlerde AKP\u2019li Elaz\u0131\u011f Belediyesi\u2019nden de 2 milyar liral\u0131k birden fazla ihale ald\u0131\u011f\u0131 ortaya \u00e7\u0131kt\u0131.<\/p>\n<p>Bu ihalelerle ilgili Kamu \u0130hale Kurumu ba\u015fta olmak \u00fczere savc\u0131l\u0131k ve ilgili kurumlara rakip firmalarca yap\u0131lan \u015fikayet ve kabahat duyurular\u0131na kar\u015f\u0131n rastgele bir s\u00fcre\u00e7 yap\u0131lmad\u0131.<\/p>\n<p><img decoding=\"async\" src=\"https:\/\/ikimisli.tr\/wp-content\/uploads\/2025\/07\/aponun-sekreteryasi-aktasin-kuzeni-cikti-2-taqUfwPU.jpg\"\/><\/p>\n<p>Aziz \u0130hsan Akta\u015f<\/p>\n<p><b><span>\u00d6rg\u00fct lideri ama \u00f6zg\u00fcr!<\/span><\/b><\/p>\n<p>Su\u00e7 \u00f6rg\u00fct\u00fc kurmak sav\u0131yla g\u00f6zalt\u0131na al\u0131nan Aziz \u0130hsan Akta\u015f, CHP\u2019li belediyeleri \u2018su\u00e7layan\u2019 s\u00f6zleri sonras\u0131 h\u00fcr b\u0131rak\u0131ld\u0131. Art\u0131k \u00f6zg\u00fcrce dola\u015f\u0131yor. CHP\u2019li belediye liderleri ise onun tabirleri m\u00fcnasebet g\u00f6sterilerek h\u00e2l\u00e2 cezaevinde. Haklar\u0131nda iddianame ise \u015fimdi yaz\u0131lmad\u0131.<\/p>\n<p><img decoding=\"async\" src=\"https:\/\/ikimisli.tr\/wp-content\/uploads\/2025\/07\/aponun-sekreteryasi-aktasin-kuzeni-cikti-3-rRkmN2Kb.jpg\"\/><\/p>\n<p>\u00a0Melek Kara<\/p>\n<p><b><span>Karde\u015fleri ihaleye fesattan san\u0131k<\/span><\/b><\/p>\n<p>Aziz \u0130hsan Akta\u015f\u2019\u0131n karde\u015fleri Ramazan Murat Akta\u015f ile Tekin Akta\u015f AKP\u2019li Diyarbak\u0131r Ba\u011flar Belediyesi eski Ba\u015fkan\u0131 H\u00fcseyin Beyo\u011flu ile ihaleye fesat kar\u0131\u015ft\u0131rmak c\u00fcrm\u00fcnden yarg\u0131lan\u0131yor. Avukat olan k\u0131z karde\u015fi Melek Kara da TEDA\u015e\u2019\u0131 ge\u00e7ersiz evraklarla milyonlarca lira doland\u0131rmakla su\u00e7lan\u0131yor. Zimmetine para ge\u00e7irdi\u011fi sav edilen Kara\u2019n\u0131n 20 y\u0131l mahpusu isteniyor.\u00a0<\/p>\n","protected":false},"excerpt":{"rendered":"<p>\u00d6calan\u2019\u0131n cezaevi arkada\u015f\u0131 PKK\u2019l\u0131 Veysi Akta\u015f\u2019\u0131n, CHP\u2019li liderleri tutuklatt\u0131ran Aziz \u0130hsan Akta\u015f ile amcao\u011flu oldu\u011fu belirlendi. Aziz\u2019in ailesi Veysi\u2019ye \u2018ge\u00e7mi\u015f olsun\u2019a gitti<\/p>\n","protected":false},"author":1,"featured_media":61644,"comment_status":"open","ping_status":"open","sticky":false,"template":"","format":"standard","meta":{"footnotes":""},"categories":[25],"tags":[2533,40,489,206,97],"class_list":["post-61643","post","type-post","status-publish","format-standard","has-post-thumbnail","hentry","category-gundem","tag-aziz-ihsan-aktas","tag-belediye","tag-diyarbakir","tag-ihale","tag-suc"],"_links":{"self":[{"href":"https:\/\/ikimisli.tr\/index.php\/wp-json\/wp\/v2\/posts\/61643","targetHints":{"allow":["GET"]}}],"collection":[{"href":"https:\/\/ikimisli.tr\/index.php\/wp-json\/wp\/v2\/posts"}],"about":[{"href":"https:\/\/ikimisli.tr\/index.php\/wp-json\/wp\/v2\/types\/post"}],"author":[{"embeddable":true,"href":"https:\/\/ikimisli.tr\/index.php\/wp-json\/wp\/v2\/users\/1"}],"replies":[{"embeddable":true,"href":"https:\/\/ikimisli.tr\/index.php\/wp-json\/wp\/v2\/comments?post=61643"}],"version-history":[{"count":1,"href":"https:\/\/ikimisli.tr\/index.php\/wp-json\/wp\/v2\/posts\/61643\/revisions"}],"predecessor-version":[{"id":61649,"href":"https:\/\/ikimisli.tr\/index.php\/wp-json\/wp\/v2\/posts\/61643\/revisions\/61649"}],"wp:featuredmedia":[{"embeddable":true,"href":"https:\/\/ikimisli.tr\/index.php\/wp-json\/wp\/v2\/media\/61644"}],"wp:attachment":[{"href":"https:\/\/ikimisli.tr\/index.php\/wp-json\/wp\/v2\/media?parent=61643"}],"wp:term":[{"taxonomy":"category","embeddable":true,"href":"https:\/\/ikimisli.tr\/index.php\/wp-json\/wp\/v2\/categories?post=61643"},{"taxonomy":"post_tag","embeddable":true,"href":"https:\/\/ikimisli.tr\/index.php\/wp-json\/wp\/v2\/tags?post=61643"}],"curies":[{"name":"wp","href":"https:\/\/api.w.org\/{rel}","templated":true}]}}