{"id":61726,"date":"2025-07-30T03:33:27","date_gmt":"2025-07-30T03:33:27","guid":{"rendered":"https:\/\/ikimisli.tr\/?p=61726"},"modified":"2025-07-30T03:33:27","modified_gmt":"2025-07-30T03:33:27","slug":"ibb-tutuklusu-ramazan-gultenin-esi-dogum-yapti","status":"publish","type":"post","link":"https:\/\/ikimisli.tr\/index.php\/2025\/07\/30\/ibb-tutuklusu-ramazan-gultenin-esi-dogum-yapti\/","title":{"rendered":"\u0130BB tutuklusu Ramazan G\u00fclten&#8217;in e\u015fi do\u011fum yapt\u0131"},"content":{"rendered":"<p><span>Tutuklu <\/span><span>\u0130BB \u0130mar M<\/span><span>\u00fcd\u00fcr\u00fc Ramazan G\u00fclten\u2019in riskli gebelik ya<\/span><span>\u015fayan e\u015fi bug<\/span><span>\u00fcn do<\/span><span>\u011fum yapt\u0131.<\/span> <span>Ramazan G<\/span><span>\u00fclten m\u00fcsaade verilmedi<\/span><span>\u011fi i<\/span><span>\u00e7in do<\/span><span>\u011fuma kat\u0131lamad\u0131.<\/span><\/p>\n<p><span>P<\/span><span>\u0131<\/span><span>nar <\/span><span>\u00c7<\/span><span>al<\/span><span>\u0131\u015f<\/span><span>kan G<\/span><span>\u00fc<\/span><span>lten do<\/span><span>\u011f<\/span><span>um sonras<\/span><span>\u0131<\/span><span>, &#8220;<\/span><span>Ho\u015fgeldin Maya, <\/span><span>\u0130lk nefesin, birinci <\/span><span>\u00e7<\/span><span>\u0131\u011fl\u0131\u011f\u0131n kar\u0131\u015ft\u0131 d<\/span><span>\u00fcnyaya, kokunla doldu oda. G\u00f6zya<\/span><span>\u015flar\u0131n\u0131n ortas\u0131nda do\u011fan g<\/span><span>\u00fcl\u00fc<\/span><span>\u015f, yeni bir ba\u015flang\u0131<\/span><span>\u00e7. <\/span> <span>Seninle b\u00fcy\u00fcs\u00fcn sevgi, umut, <\/span><span>\u0131\u015f\u0131k. Adaletsizlik bitsin! <\/span> <span>Kavu\u015fsun anneler, babalar ve <\/span><span>\u00e7ocuklar. Aralar<\/span><span>\u0131nda da biz en sevdi\u011fimiz <\/span><span> Ramazan G<\/span><span>\u00fc<\/span><span>lten&#8217;e&#8221; mesaj<\/span><span>\u0131<\/span><span>n<\/span><span>\u0131<\/span><span> payla<\/span><span>\u015f<\/span><span>t<\/span><span>\u0131<\/span><span>. <\/span><\/p>\n<p><span>Riskli do<\/span><span>\u011f<\/span><span>uma kat<\/span><span>\u0131<\/span><span>lmas<\/span><span>\u0131<\/span><span> m\u00fcsaade verilmeyen Ramazan G<\/span><span>\u00fc<\/span><span>lten de <\/span><span>\u015f<\/span><span>u tabirleri kulland<\/span><span>\u0131<\/span><span>: <\/span><\/p>\n<p><span>Ho<\/span><span>\u015fgeldin G<\/span><span>\u00fczel K<\/span><span>\u0131z\u0131m!<\/span> <span>O minik kalbinin sesini duydu\u011fumdan beri y<\/span><span>\u00fcre<\/span><span>\u011fin kulaklar\u0131mda, <\/span><span> o<\/span><span> b<\/span><span>\u00fct\u00fcn d\u00fcnyam<\/span><span>\u0131z\u0131 sarsan tekmeni hissetti\u011fimden beri k\u0131p\u0131rt\u0131n ellerimde,<\/span><span> o<\/span><span> \u015fafak vaktinden beri akl\u0131m sende, annende ve abinde,<\/span> <span>\u015f<\/span><span>imdi s\u0131hhatle geldin, ho\u015fgeldin. <\/span><\/p>\n<p><span>Bug<\/span><span>\u00fcn annenin yan<\/span><span>\u0131nda olmak ve seni kuca\u011f\u0131ma almak i<\/span><span>\u00e7in \u00e7ok u<\/span><span>\u011fra\u015ft\u0131m lakin senin d<\/span><span>\u00fcnyaya g\u00f6zlerini a\u00e7t<\/span><span>\u0131\u011f\u0131n o de\u011ferli an\u0131 birlikte ya\u015famam\u0131z, kokla\u015fmam\u0131z kimileri i<\/span><span>\u00e7in k\u0131ymetli de<\/span><span>\u011filmi\u015f.<\/span><\/p>\n<p><span>Sa\u011fl\u0131k olsun k\u0131z\u0131m, tan\u0131\u015fmak i<\/span><span>\u00e7in biraz daha bekleyece<\/span><span>\u011fiz\u2026<\/span><\/p>\n<p><span>\u2026<\/span><\/p>\n<p><span>\u201cB<\/span><span>\u00fct\u00fcn insanlar<\/span><span>\u0131 dostun bil, karde\u015fin bil k\u0131z\u0131m, <br \/><\/span><span>Sevincin <\/span><span>\u00fcr\u00fcn\u00fcd\u00fcr insan, nefretin de<\/span><span>\u011fil k\u0131z\u0131m,<br \/><\/span><span>Zulm<\/span><span>\u00fcn \u00f6n\u00fcnde dimdik tut onurunu,<br \/><\/span><span>Sevginin \u00f6n\u00fcnde e<\/span><span>\u011fil k\u0131z\u0131m.\u201d<\/span><\/p>\n<p>\u00a0<\/p>\n","protected":false},"excerpt":{"rendered":"<p>Do\u011fuma kat\u0131lamayan Ramazan G\u00fclten bildirisinde, &#8220;Bug\u00fcn annenin yan\u0131nda olmak ve seni kuca\u011f\u0131ma almak i\u00e7in \u00e7ok u\u011fra\u015ft\u0131m lakin senin d\u00fcnyaya g\u00f6zlerini a\u00e7t\u0131\u011f\u0131n o de\u011ferli an\u0131 birlikte ya\u015famam\u0131z, kokla\u015fmam\u0131z kimileri i\u00e7in de\u011ferli de\u011filmi\u015f&#8221; dedi.<\/p>\n","protected":false},"author":1,"featured_media":61727,"comment_status":"open","ping_status":"open","sticky":false,"template":"","format":"standard","meta":{"footnotes":""},"categories":[25],"tags":[7871,4954],"class_list":["post-61726","post","type-post","status-publish","format-standard","has-post-thumbnail","hentry","category-gundem","tag-gi","tag-un"],"_links":{"self":[{"href":"https:\/\/ikimisli.tr\/index.php\/wp-json\/wp\/v2\/posts\/61726","targetHints":{"allow":["GET"]}}],"collection":[{"href":"https:\/\/ikimisli.tr\/index.php\/wp-json\/wp\/v2\/posts"}],"about":[{"href":"https:\/\/ikimisli.tr\/index.php\/wp-json\/wp\/v2\/types\/post"}],"author":[{"embeddable":true,"href":"https:\/\/ikimisli.tr\/index.php\/wp-json\/wp\/v2\/users\/1"}],"replies":[{"embeddable":true,"href":"https:\/\/ikimisli.tr\/index.php\/wp-json\/wp\/v2\/comments?post=61726"}],"version-history":[{"count":1,"href":"https:\/\/ikimisli.tr\/index.php\/wp-json\/wp\/v2\/posts\/61726\/revisions"}],"predecessor-version":[{"id":61728,"href":"https:\/\/ikimisli.tr\/index.php\/wp-json\/wp\/v2\/posts\/61726\/revisions\/61728"}],"wp:featuredmedia":[{"embeddable":true,"href":"https:\/\/ikimisli.tr\/index.php\/wp-json\/wp\/v2\/media\/61727"}],"wp:attachment":[{"href":"https:\/\/ikimisli.tr\/index.php\/wp-json\/wp\/v2\/media?parent=61726"}],"wp:term":[{"taxonomy":"category","embeddable":true,"href":"https:\/\/ikimisli.tr\/index.php\/wp-json\/wp\/v2\/categories?post=61726"},{"taxonomy":"post_tag","embeddable":true,"href":"https:\/\/ikimisli.tr\/index.php\/wp-json\/wp\/v2\/tags?post=61726"}],"curies":[{"name":"wp","href":"https:\/\/api.w.org\/{rel}","templated":true}]}}