{"id":61769,"date":"2025-07-30T06:09:29","date_gmt":"2025-07-30T06:09:29","guid":{"rendered":"https:\/\/ikimisli.tr\/?p=61769"},"modified":"2025-07-30T06:09:29","modified_gmt":"2025-07-30T06:09:29","slug":"sevda-turkusev-unlu-oyuncuyu-hedef-alinca-ortalik-karisti-alik-iskembeden-sallayici","status":"publish","type":"post","link":"https:\/\/ikimisli.tr\/index.php\/2025\/07\/30\/sevda-turkusev-unlu-oyuncuyu-hedef-alinca-ortalik-karisti-alik-iskembeden-sallayici\/","title":{"rendered":"Sevda T\u00fcrk\u00fcsev \u00fcnl\u00fc oyuncuyu hedef al\u0131nca ortal\u0131k kar\u0131\u015ft\u0131: &#8216;Al\u0131k, i\u015fkembeden sallay\u0131c\u0131!&#8217;"},"content":{"rendered":"<p>Ge\u00e7ti\u011fimiz cumartesi g\u00fcn\u00fc \u00fcnl\u00fc oyuncu Meral Kaplan, d\u00fczmece dok\u00fcmanlarla Arnavutk\u00f6y&#8217;de bir yerin sat\u0131\u015f\u0131n\u0131 yapacaklar\u0131 vaadiyle 23 milyon lira doland\u0131r\u0131c\u0131l\u0131k yapan 5 ki\u015filik \u00f6rg\u00fctle birlikte g\u00f6zalt\u0131na al\u0131nd\u0131.<\/p>\n<p>Kaplan&#8217;\u0131n emniyetten \u00e7\u0131kt\u0131\u011f\u0131 esnada elleri kelep\u00e7eli \u00fczere y\u00fcr\u00fct\u00fclmesi lakin tak\u0131m arac\u0131na binerken kelep\u00e7elerinin olmad\u0131\u011f\u0131 imgeleri toplumsal medyada g\u00fcndem oldu.<\/p>\n<p><b>&#8216;Rol yap\u0131yor&#8217;<\/b><\/p>\n<p>Sevda T\u00fcrk\u00fcsev, kelam konusu imgeleri toplumsal medya hesab\u0131ndan payla\u015f\u0131p, &#8220;Elleri arttan kelep\u00e7eli olmamas\u0131na kar\u015f\u0131n, g\u00fcya elleri kelep\u00e7eliymi\u015f \u00fczere rol yap\u0131yor. Oyuncu Y\u0131ld\u0131z Kaplan doland\u0131r\u0131c\u0131l\u0131k hatas\u0131ndan g\u00f6zalt\u0131na al\u0131nm\u0131\u015ft\u0131, isimli denetimle h\u00fcr b\u0131rak\u0131ld\u0131!&#8221; s\u00f6zlerini kulland\u0131.<\/p>\n<p><img decoding=\"async\" src=\"https:\/\/ikimisli.tr\/wp-content\/uploads\/2025\/07\/sevda-turkusev-unlu-oyuncuyu-hedef-alinca-ortalik-karisti-alik-iskembeden-sallayici-0-ktiCBYUh.png\"\/><\/p>\n<p><b>&#8220;Seni adam yerine koyar, mahkemelerde s\u00fcr\u00fcnd\u00fcr\u00fcr\u00fcm&#8221;<\/b><\/p>\n<p>T\u00fcrk\u00fcsev&#8217;in toplumsal medya hesab\u0131ndan yapt\u0131\u011f\u0131 payla\u015f\u0131ma \u00fcnl\u00fc oyuncu Y\u0131ld\u0131z Kaplan&#8217;dan sert kar\u015f\u0131l\u0131k geldi. Kaplan T\u00fcrk\u00fcsev&#8217;e y\u00f6nelik \u015fu s\u00f6zleri kulland\u0131:<\/p>\n<p>&#8220;A be al\u0131k haberci misin,gazeteci misin ne halts\u0131n??\u0130lk evvel bi ara\u015ft\u0131r o denli yaz ne yazacaksan. \u0130\u015fkembeden sallay\u0131c\u0131. Bu iki oldu. Seni adam yerine koyar, mahkemelerde s\u00fcr\u00fcnd\u00fcr\u00fcr\u00fcm.&#8221;<\/p>\n<p><img decoding=\"async\" src=\"https:\/\/ikimisli.tr\/wp-content\/uploads\/2025\/07\/sevda-turkusev-unlu-oyuncuyu-hedef-alinca-ortalik-karisti-alik-iskembeden-sallayici-1-JFfWuKi9.png\"\/><\/p>\n<p>\u00a0<\/p>\n<p>\u00a0<\/p>\n","protected":false},"excerpt":{"rendered":"<p>Sevda T\u00fcrk\u00fcsev, oyuncu Meral Kaplan&#8217;\u0131n doland\u0131r\u0131c\u0131l\u0131k nedeni ile g\u00f6zalt\u0131na al\u0131nd\u0131\u011f\u0131 imgeleri \u00fcnl\u00fc oyuncu Y\u0131ld\u0131z Kaplan diye payla\u015f\u0131nca ortal\u0131k kar\u0131\u015ft\u0131.  Kaplan bu payla\u015f\u0131m\u0131 T\u00fcrk\u00fcsev&#8217;e &#8220;A be al\u0131k haberci misin, gazeteci misin ne halts\u0131n? Birinci evvel bir ara\u015ft\u0131r o denli yaz ne yazacaksan. \u0130\u015fkembeden sallay\u0131c\u0131&#8221; yan\u0131tlad\u0131.<\/p>\n","protected":false},"author":1,"featured_media":61770,"comment_status":"open","ping_status":"open","sticky":false,"template":"","format":"standard","meta":{"footnotes":""},"categories":[25],"tags":[2027],"class_list":["post-61769","post","type-post","status-publish","format-standard","has-post-thumbnail","hentry","category-gundem","tag-kaplan"],"_links":{"self":[{"href":"https:\/\/ikimisli.tr\/index.php\/wp-json\/wp\/v2\/posts\/61769","targetHints":{"allow":["GET"]}}],"collection":[{"href":"https:\/\/ikimisli.tr\/index.php\/wp-json\/wp\/v2\/posts"}],"about":[{"href":"https:\/\/ikimisli.tr\/index.php\/wp-json\/wp\/v2\/types\/post"}],"author":[{"embeddable":true,"href":"https:\/\/ikimisli.tr\/index.php\/wp-json\/wp\/v2\/users\/1"}],"replies":[{"embeddable":true,"href":"https:\/\/ikimisli.tr\/index.php\/wp-json\/wp\/v2\/comments?post=61769"}],"version-history":[{"count":1,"href":"https:\/\/ikimisli.tr\/index.php\/wp-json\/wp\/v2\/posts\/61769\/revisions"}],"predecessor-version":[{"id":61773,"href":"https:\/\/ikimisli.tr\/index.php\/wp-json\/wp\/v2\/posts\/61769\/revisions\/61773"}],"wp:featuredmedia":[{"embeddable":true,"href":"https:\/\/ikimisli.tr\/index.php\/wp-json\/wp\/v2\/media\/61770"}],"wp:attachment":[{"href":"https:\/\/ikimisli.tr\/index.php\/wp-json\/wp\/v2\/media?parent=61769"}],"wp:term":[{"taxonomy":"category","embeddable":true,"href":"https:\/\/ikimisli.tr\/index.php\/wp-json\/wp\/v2\/categories?post=61769"},{"taxonomy":"post_tag","embeddable":true,"href":"https:\/\/ikimisli.tr\/index.php\/wp-json\/wp\/v2\/tags?post=61769"}],"curies":[{"name":"wp","href":"https:\/\/api.w.org\/{rel}","templated":true}]}}