{"id":6225,"date":"2025-01-23T18:11:51","date_gmt":"2025-01-23T18:11:51","guid":{"rendered":"https:\/\/ikimisli.tr\/?p=6225"},"modified":"2025-01-23T18:11:51","modified_gmt":"2025-01-23T18:11:51","slug":"acun-ilicali-acikladi-o-ses-turkiye-2025in-jurileri-belli-oldu","status":"publish","type":"post","link":"https:\/\/ikimisli.tr\/index.php\/2025\/01\/23\/acun-ilicali-acikladi-o-ses-turkiye-2025in-jurileri-belli-oldu\/","title":{"rendered":"Acun Il\u0131cal\u0131 a\u00e7\u0131klad\u0131! &#8216;O Ses T\u00fcrkiye 2025&#8217;in j\u00fcrileri belli oldu"},"content":{"rendered":"<p>TV8&#8217;de ekranlara gelen tan\u0131nan yar\u0131\u015f program\u0131 &#8216;O Ses T\u00fcrkiye 2025&#8217;in ba\u015flama tarihi ve heyetleri a\u015fik\u00e2r oldu.<\/p>\n<p>O Ses T\u00fcrkiye&#8217;nin bu y\u0131l ba\u015flama tarihini TV8&#8217;in sahibi Acun Il\u0131cal\u0131 duyurdu. Il\u0131cal\u0131, &#8220;O Ses T\u00fcrkiye Y\u0131lba\u015f\u0131&#8221; \u00f6zel program\u0131nda yapt\u0131\u011f\u0131 a\u00e7\u0131klamada, m\u00fcsabakan\u0131n 25 Ocak 2025&#8217;te yine ekranlara gelece\u011fini duyurmu\u015ftu.<\/p>\n<p>Yar\u0131\u015fmada bu y\u0131l heyet koltu\u011funda hangi isimlerin yer alaca\u011f\u0131 merak konusu olmu\u015ftu. Yay\u0131n tarihinin netle\u015fmesiyle heyet \u00fcyeleri de netlik kazand\u0131.<\/p>\n<p><img decoding=\"async\" src=\"https:\/\/ikimisli.tr\/wp-content\/uploads\/2025\/01\/acun-ilicali-acikladi-o-ses-turkiye-2025in-jurileri-belli-oldu-0-jgrWTQjF.jpg\"\/><\/p>\n<p><b>J\u00dcR\u0130DE S\u00dcRPR\u0130Z \u0130S\u0130M<\/b><\/p>\n<p>J\u00fcride, Beyaz\u0131t \u00d6zt\u00fcrk, G\u00f6khan \u00d6zo\u011fuz, Hadise ve Melike \u015eahin&#8217;in yer alaca\u011f\u0131 \u00f6\u011frenildi.<\/p>\n<p>Program en son 2022 y\u0131l\u0131nda yay\u0131nlanm\u0131\u015f ve \u015fampiyonluk ipini Hasan Ko\u00e7ak g\u00f6\u011f\u00fcslemi\u015fti.<\/p>\n","protected":false},"excerpt":{"rendered":"<p>Y\u0131lba\u015f\u0131 \u00f6zel program\u0131nda yeni d\u00f6nem ba\u015flang\u0131\u00e7 tarihi a\u00e7\u0131klanan &#8216;O Ses T\u00fcrkiye&#8217;nin heyetleri a\u015fik\u00e2r oldu. Heyette s\u00fcrpriz bir isim de yer ald\u0131.<\/p>\n","protected":false},"author":1,"featured_media":6226,"comment_status":"open","ping_status":"open","sticky":false,"template":"","format":"standard","meta":{"footnotes":""},"categories":[27],"tags":[1636],"class_list":["post-6225","post","type-post","status-publish","format-standard","has-post-thumbnail","hentry","category-magazin","tag-juri"],"_links":{"self":[{"href":"https:\/\/ikimisli.tr\/index.php\/wp-json\/wp\/v2\/posts\/6225","targetHints":{"allow":["GET"]}}],"collection":[{"href":"https:\/\/ikimisli.tr\/index.php\/wp-json\/wp\/v2\/posts"}],"about":[{"href":"https:\/\/ikimisli.tr\/index.php\/wp-json\/wp\/v2\/types\/post"}],"author":[{"embeddable":true,"href":"https:\/\/ikimisli.tr\/index.php\/wp-json\/wp\/v2\/users\/1"}],"replies":[{"embeddable":true,"href":"https:\/\/ikimisli.tr\/index.php\/wp-json\/wp\/v2\/comments?post=6225"}],"version-history":[{"count":1,"href":"https:\/\/ikimisli.tr\/index.php\/wp-json\/wp\/v2\/posts\/6225\/revisions"}],"predecessor-version":[{"id":6228,"href":"https:\/\/ikimisli.tr\/index.php\/wp-json\/wp\/v2\/posts\/6225\/revisions\/6228"}],"wp:featuredmedia":[{"embeddable":true,"href":"https:\/\/ikimisli.tr\/index.php\/wp-json\/wp\/v2\/media\/6226"}],"wp:attachment":[{"href":"https:\/\/ikimisli.tr\/index.php\/wp-json\/wp\/v2\/media?parent=6225"}],"wp:term":[{"taxonomy":"category","embeddable":true,"href":"https:\/\/ikimisli.tr\/index.php\/wp-json\/wp\/v2\/categories?post=6225"},{"taxonomy":"post_tag","embeddable":true,"href":"https:\/\/ikimisli.tr\/index.php\/wp-json\/wp\/v2\/tags?post=6225"}],"curies":[{"name":"wp","href":"https:\/\/api.w.org\/{rel}","templated":true}]}}