{"id":62254,"date":"2025-07-31T09:45:25","date_gmt":"2025-07-31T09:45:25","guid":{"rendered":"https:\/\/ikimisli.tr\/?p=62254"},"modified":"2025-07-31T09:45:25","modified_gmt":"2025-07-31T09:45:25","slug":"tarifeler-ve-satislar-etkili-oldu-otomotiv-devinden-4-yil-sonra-bir-ilk","status":"publish","type":"post","link":"https:\/\/ikimisli.tr\/index.php\/2025\/07\/31\/tarifeler-ve-satislar-etkili-oldu-otomotiv-devinden-4-yil-sonra-bir-ilk\/","title":{"rendered":"Tarifeler ve sat\u0131\u015flar etkili oldu: Otomotiv devinden 4 y\u0131l sonra bir ilk"},"content":{"rendered":"<p>Japonya merkezli araba \u00fcreticisi Nissan, Nisan-Haziran periyodu i\u00e7in finansal bilgilerini yay\u0131mlad\u0131. Bu y\u0131l di\u011fer bir Japon \u00fcretici Honda ile i\u015ftirak muahedesi planlanan lakin bu iptal olan Nissan, bu \u00e7eyrekte 116 milyar Japon yeni (784 milyon dolar) ziyan etti\u011fini a\u00e7\u0131klad\u0131.<\/p>\n<p><b>TEK TEK FABR\u0130KALARI KAPATTI<\/b><\/p>\n<p>Zor vakitler ge\u00e7iren araba \u00fcreticisi, Honda ile olan mutabakat\u0131n\u0131n iptal olmas\u0131n\u0131n akabinde bir\u00e7ok fabrikas\u0131n\u0131 kapatt\u0131 ve i\u015ften \u00e7\u0131karmalara ba\u015fvurmu\u015ftu.<\/p>\n<p>\u015eirketten sonu\u00e7lara y\u00f6nelik yap\u0131lan a\u00e7\u0131klamada, \u201c\u015eirketin etraf\u0131ndaki ticari atmosferi \u00f6ng\u00f6rmenin zorlu\u011fu d\u00fc\u015f\u00fcn\u00fcld\u00fc\u011f\u00fcnde y\u0131l\u0131n kalan\u0131ndaki finansal datalar belirlenmemi\u015f durumda\u201d tabirlerine yer verildi.<\/p>\n<p><b>TAR\u0130FELER TES\u0130RL\u0130 OLDU<\/b><\/p>\n<p>Japonya merkezli otomobil \u00fcreticisi, ABD Ba\u015fkan\u0131 Donald Trump\u2019\u0131n Japonya\u2019ya ait birinci y\u00fczde 25 olarak a\u00e7\u0131klad\u0131\u011f\u0131 daha sonra y\u00fczde 15\u2019e d\u00fc\u015f\u00fcrd\u00fc\u011f\u00fc ithal Japonya ara\u00e7lar\u0131na dair tarifelerden en \u00e7ok etkilenen \u00fcreticilerden.<\/p>\n<p>\u00a0<\/p>\n","protected":false},"excerpt":{"rendered":"<p>Japon araba devi Nissan, Nisan-Haziran periyodunda 784 milyon dolar ziyan etti\u011fini a\u00e7\u0131klad\u0131. Nissan\u2019\u0131n, ABD Ba\u015fkan\u0131 Trump\u2019\u0131n g\u00fcmr\u00fck tarifelerinden ve at\u0131\u015f hacmindeki d\u00fc\u015f\u00fc\u015f bu ziyanda tesirli oldu.<\/p>\n","protected":false},"author":1,"featured_media":62255,"comment_status":"open","ping_status":"open","sticky":false,"template":"","format":"standard","meta":{"footnotes":""},"categories":[28],"tags":[3352,3654],"class_list":["post-62254","post","type-post","status-publish","format-standard","has-post-thumbnail","hentry","category-otomobil","tag-japon","tag-uretici"],"_links":{"self":[{"href":"https:\/\/ikimisli.tr\/index.php\/wp-json\/wp\/v2\/posts\/62254","targetHints":{"allow":["GET"]}}],"collection":[{"href":"https:\/\/ikimisli.tr\/index.php\/wp-json\/wp\/v2\/posts"}],"about":[{"href":"https:\/\/ikimisli.tr\/index.php\/wp-json\/wp\/v2\/types\/post"}],"author":[{"embeddable":true,"href":"https:\/\/ikimisli.tr\/index.php\/wp-json\/wp\/v2\/users\/1"}],"replies":[{"embeddable":true,"href":"https:\/\/ikimisli.tr\/index.php\/wp-json\/wp\/v2\/comments?post=62254"}],"version-history":[{"count":1,"href":"https:\/\/ikimisli.tr\/index.php\/wp-json\/wp\/v2\/posts\/62254\/revisions"}],"predecessor-version":[{"id":62256,"href":"https:\/\/ikimisli.tr\/index.php\/wp-json\/wp\/v2\/posts\/62254\/revisions\/62256"}],"wp:featuredmedia":[{"embeddable":true,"href":"https:\/\/ikimisli.tr\/index.php\/wp-json\/wp\/v2\/media\/62255"}],"wp:attachment":[{"href":"https:\/\/ikimisli.tr\/index.php\/wp-json\/wp\/v2\/media?parent=62254"}],"wp:term":[{"taxonomy":"category","embeddable":true,"href":"https:\/\/ikimisli.tr\/index.php\/wp-json\/wp\/v2\/categories?post=62254"},{"taxonomy":"post_tag","embeddable":true,"href":"https:\/\/ikimisli.tr\/index.php\/wp-json\/wp\/v2\/tags?post=62254"}],"curies":[{"name":"wp","href":"https:\/\/api.w.org\/{rel}","templated":true}]}}