{"id":62316,"date":"2025-07-31T13:21:23","date_gmt":"2025-07-31T13:21:23","guid":{"rendered":"https:\/\/ikimisli.tr\/?p=62316"},"modified":"2025-07-31T13:21:23","modified_gmt":"2025-07-31T13:21:23","slug":"temmuz-ayi-enflasyon-beklenti-anketi-aciklandi","status":"publish","type":"post","link":"https:\/\/ikimisli.tr\/index.php\/2025\/07\/31\/temmuz-ayi-enflasyon-beklenti-anketi-aciklandi\/","title":{"rendered":"Temmuz ay\u0131 enflasyon beklenti anketi a\u00e7\u0131kland\u0131"},"content":{"rendered":"<div>\n<div>\n<p>A Finans&#8217;\u0131n T\u00fcrkiye \u0130statistik Kurumu (T\u00dc\u0130K) taraf\u0131ndan 4 A\u011fustos Pazartesi g\u00fcn\u00fc a\u00e7\u0131klanacak temmuz ay\u0131 enflasyon bilgilerine ait beklenti anketi, 17 ekonomistin i\u015ftirakiyle sonu\u00e7land\u0131.<\/p>\n<p>Ankete kat\u0131lan ekonomistlerin temmuzda ayl\u0131k enflasyon beklentilerinin ortalamas\u0131 y\u00fczde 2,34 oldu. Ekonomistlerin temmuz ay\u0131 i\u00e7in enflasyon beklentileri y\u00fczde 1,65 ile y\u00fczde 2,90 aral\u0131\u011f\u0131nda yer ald\u0131.<\/p>\n<p>Ekonomistlerin temmuz ay\u0131 enflasyon beklentilerinin ortalamas\u0131na nazaran (y\u00fczde 2,34) bir evvelki ay y\u00fczde 35,05 olan y\u0131ll\u0131k enflasyonun y\u00fczde 33,90&#8217;a inece\u011fi \u00f6ng\u00f6r\u00fcl\u00fcyor.<\/p>\n<p>\u00d6te yandan, ekonomistlerin 2025 sonu enflasyon beklentisi temmuz ay\u0131 prestijiyle y\u00fczde 30,32 oldu.<\/p>\n<p>T\u00fcketici Fiyat Endeksi, haziranda y\u00fczde 1,37 art\u0131\u015f kaydetmi\u015fti. 2025 y\u0131l\u0131 aylar prestijiyle ekonomistlerin enflasyon beklentileri ve ger\u00e7ekle\u015fmeler \u015f\u00f6yle:<\/p>\n<div>\n<table>\n<tbody>\n<tr>\n<td>Tarih<\/td>\n<td>Ekonomistlerin y\u0131l sonu enflasyon beklentisi (Y\u00fczde)<\/td>\n<td>Ayl\u0131k Beklenti (Y\u00fczde)<\/td>\n<td>Ger\u00e7ekle\u015fme (Y\u00fczde)<\/td>\n<\/tr>\n<tr>\n<td>Ocak<\/td>\n<td>27,58<\/td>\n<td>4,29<\/td>\n<td>5,03<\/td>\n<\/tr>\n<tr>\n<td>\u015eubat<\/td>\n<td>28,67<\/td>\n<td>2,97<\/td>\n<td>2,27<\/td>\n<\/tr>\n<tr>\n<td>Mart<\/td>\n<td>30,62<\/td>\n<td>2,87<\/td>\n<td>2,46<\/td>\n<\/tr>\n<tr>\n<td>Nisan<\/td>\n<td>31,16<\/td>\n<td>3,24<\/td>\n<td>3<\/td>\n<\/tr>\n<tr>\n<td>May\u0131s<\/td>\n<td>31,17<\/td>\n<td>2,10<\/td>\n<td>1,53<\/td>\n<\/tr>\n<tr>\n<td>Haziran<\/td>\n<td>30,41<\/td>\n<td>1,53<\/td>\n<td>1,37<\/td>\n<\/tr>\n<tr>\n<td>Temmuz<\/td>\n<td>30,32<\/td>\n<td>2,34<\/td>\n<td>\u00a0<\/td>\n<\/tr>\n<\/tbody>\n<\/table><\/div>\n<\/p><\/div>\n<\/p><\/div>\n<div>\n<div>\u00a0<\/div>\n<\/p><\/div>\n","protected":false},"excerpt":{"rendered":"<p>AA Finans Enflasyon Beklenti Anketi&#8217;ne kat\u0131lan ekonomistler, temmuz ay\u0131nda T\u00fcketici Fiyat Endeksi&#8217;nin (T\u00dcFE) y\u00fczde 2,34 artaca\u011f\u0131n\u0131 iddia ediyor.<\/p>\n","protected":false},"author":1,"featured_media":62317,"comment_status":"open","ping_status":"open","sticky":false,"template":"","format":"standard","meta":{"footnotes":""},"categories":[24],"tags":[1306,6910,49,703],"class_list":["post-62316","post","type-post","status-publish","format-standard","has-post-thumbnail","hentry","category-ekonomi","tag-beklenti","tag-ekonomistlerin","tag-enflasyon","tag-temmuz"],"_links":{"self":[{"href":"https:\/\/ikimisli.tr\/index.php\/wp-json\/wp\/v2\/posts\/62316","targetHints":{"allow":["GET"]}}],"collection":[{"href":"https:\/\/ikimisli.tr\/index.php\/wp-json\/wp\/v2\/posts"}],"about":[{"href":"https:\/\/ikimisli.tr\/index.php\/wp-json\/wp\/v2\/types\/post"}],"author":[{"embeddable":true,"href":"https:\/\/ikimisli.tr\/index.php\/wp-json\/wp\/v2\/users\/1"}],"replies":[{"embeddable":true,"href":"https:\/\/ikimisli.tr\/index.php\/wp-json\/wp\/v2\/comments?post=62316"}],"version-history":[{"count":1,"href":"https:\/\/ikimisli.tr\/index.php\/wp-json\/wp\/v2\/posts\/62316\/revisions"}],"predecessor-version":[{"id":62318,"href":"https:\/\/ikimisli.tr\/index.php\/wp-json\/wp\/v2\/posts\/62316\/revisions\/62318"}],"wp:featuredmedia":[{"embeddable":true,"href":"https:\/\/ikimisli.tr\/index.php\/wp-json\/wp\/v2\/media\/62317"}],"wp:attachment":[{"href":"https:\/\/ikimisli.tr\/index.php\/wp-json\/wp\/v2\/media?parent=62316"}],"wp:term":[{"taxonomy":"category","embeddable":true,"href":"https:\/\/ikimisli.tr\/index.php\/wp-json\/wp\/v2\/categories?post=62316"},{"taxonomy":"post_tag","embeddable":true,"href":"https:\/\/ikimisli.tr\/index.php\/wp-json\/wp\/v2\/tags?post=62316"}],"curies":[{"name":"wp","href":"https:\/\/api.w.org\/{rel}","templated":true}]}}