{"id":6232,"date":"2025-01-23T18:35:50","date_gmt":"2025-01-23T18:35:50","guid":{"rendered":"https:\/\/ikimisli.tr\/?p=6232"},"modified":"2025-01-23T18:35:50","modified_gmt":"2025-01-23T18:35:50","slug":"erdogan-onayladi-bu-araclar-otvden-muaf-tutulacak-12-otomobil-modeli-belirlendi","status":"publish","type":"post","link":"https:\/\/ikimisli.tr\/index.php\/2025\/01\/23\/erdogan-onayladi-bu-araclar-otvden-muaf-tutulacak-12-otomobil-modeli-belirlendi\/","title":{"rendered":"Erdo\u011fan onaylad\u0131: Bu ara\u00e7lar \u00d6TV&#8217;den muaf tutulacak! 12 Otomobil modeli belirlendi"},"content":{"rendered":"<p>T\u00fcrkiye B\u00fcy\u00fck Millet Meclisi&#8217;nden kanun tasar\u0131s\u0131nda \u00d6TV&#8217;den muaf olan ara\u00e7lar\u0131n 5 y\u0131ll\u0131\u011f\u0131na sat\u0131lamayaca\u011f\u0131na y\u00f6nelik k\u0131s\u0131tlama 10 y\u0131la y\u00fckseltilmi\u015fti. Bu ara\u00e7lar i\u00e7in y\u00fczde 20 yeterlilik ko\u015fulu da d\u00fczenlemeye eklenmi\u015fti. Cumhurba\u015fkan\u0131 Erdo\u011fan yerlilik ko\u015fulunu y\u00fczde 40&#8217;a \u00e7\u0131karan tasar\u0131y\u0131 onaylad\u0131.<\/p>\n<p><b>\u0130\u015eTE \u00d6TV&#8217;DEN MUAF OLACAK ARA\u00c7LAR<\/b><\/p>\n<p>Yeni d\u00fczenlemeyle birlikte bu ara\u00e7lar \u00d6TV\u2019siz sat\u0131\u015fa sunulacak:<\/p>\n<p>Fiat Egea Sedan,<\/p>\n<p>Fiat Egea Cross,<\/p>\n<p>Fiat Egea Cross Wagon<\/p>\n<p>Renault Clio,<\/p>\n<p>Renault Megane,<\/p>\n<p>Dacia Duster<\/p>\n<p><img decoding=\"async\" src=\"https:\/\/ikimisli.tr\/wp-content\/uploads\/2025\/01\/erdogan-onayladi-bu-araclar-otvden-muaf-tutulacak-12-otomobil-modeli-belirlendi-0-AUdXFtI5.jpg\"\/><\/p>\n<p>Hyundai i10,<\/p>\n<p>Hyundai i20,<\/p>\n<p>Hyundai Bayon<\/p>\n<p>Toyota Corolla,<\/p>\n<p>Hyundai C-HR<\/p>\n<p>Togg T10X<\/p>\n<p><b>\u00d6TV MUAF\u0130YET\u0130 K\u0130MLER\u0130 KAPSAYACAK?<\/b><\/p>\n<p>\u00d6TV muafiyetinin hangi ara\u00e7lar\u0131 ve kimler kapsayaca\u011f\u0131 sorusu ise ak\u0131llardaki yerini koruyor. Pekala \u00d6TV muafiyetinden kimler faydalanacak?\u00a0<\/p>\n<p>\u00d6TV Muafiyeti t\u00fcm engelliler i\u00e7in birebir oranda uygulanmayacak. Engelli oran\u0131 y\u00fczde 40 ile y\u00fczde 89 ortas\u0131 olan vatanda\u015flar y\u00fczde 26.3 \u00d6TV indirimi ve y\u00fczde 15.24 KDV indiriminden faydalanacak. Y\u00fczde 90 ve \u00fczeri mani oran\u0131na sahip olanlar ise \u00d6TV ve KDV&#8217;den b\u00fcsb\u00fct\u00fcn muaf olacak.<\/p>\n","protected":false},"excerpt":{"rendered":"<p>Resmi Gazete&#8217;de yay\u0131nlanan d\u00fczenlemeye nazaran kimi ara\u00e7lara \u00d6TV muafiyetine k\u0131s\u0131tlama getirildi. \u00d6TV&#8217;den muaf tutulan 12 araba modeli a\u015fik\u00e2r oldu<\/p>\n","protected":false},"author":1,"featured_media":6233,"comment_status":"open","ping_status":"open","sticky":false,"template":"","format":"standard","meta":{"footnotes":""},"categories":[25],"tags":[984,1638,1637],"class_list":["post-6232","post","type-post","status-publish","format-standard","has-post-thumbnail","hentry","category-gundem","tag-araclar","tag-muaf","tag-otv"],"_links":{"self":[{"href":"https:\/\/ikimisli.tr\/index.php\/wp-json\/wp\/v2\/posts\/6232","targetHints":{"allow":["GET"]}}],"collection":[{"href":"https:\/\/ikimisli.tr\/index.php\/wp-json\/wp\/v2\/posts"}],"about":[{"href":"https:\/\/ikimisli.tr\/index.php\/wp-json\/wp\/v2\/types\/post"}],"author":[{"embeddable":true,"href":"https:\/\/ikimisli.tr\/index.php\/wp-json\/wp\/v2\/users\/1"}],"replies":[{"embeddable":true,"href":"https:\/\/ikimisli.tr\/index.php\/wp-json\/wp\/v2\/comments?post=6232"}],"version-history":[{"count":1,"href":"https:\/\/ikimisli.tr\/index.php\/wp-json\/wp\/v2\/posts\/6232\/revisions"}],"predecessor-version":[{"id":6235,"href":"https:\/\/ikimisli.tr\/index.php\/wp-json\/wp\/v2\/posts\/6232\/revisions\/6235"}],"wp:featuredmedia":[{"embeddable":true,"href":"https:\/\/ikimisli.tr\/index.php\/wp-json\/wp\/v2\/media\/6233"}],"wp:attachment":[{"href":"https:\/\/ikimisli.tr\/index.php\/wp-json\/wp\/v2\/media?parent=6232"}],"wp:term":[{"taxonomy":"category","embeddable":true,"href":"https:\/\/ikimisli.tr\/index.php\/wp-json\/wp\/v2\/categories?post=6232"},{"taxonomy":"post_tag","embeddable":true,"href":"https:\/\/ikimisli.tr\/index.php\/wp-json\/wp\/v2\/tags?post=6232"}],"curies":[{"name":"wp","href":"https:\/\/api.w.org\/{rel}","templated":true}]}}