{"id":62332,"date":"2025-07-31T14:09:23","date_gmt":"2025-07-31T14:09:23","guid":{"rendered":"https:\/\/ikimisli.tr\/?p=62332"},"modified":"2025-07-31T14:09:23","modified_gmt":"2025-07-31T14:09:23","slug":"sureyya-ozkefe-hayatini-kaybetti","status":"publish","type":"post","link":"https:\/\/ikimisli.tr\/index.php\/2025\/07\/31\/sureyya-ozkefe-hayatini-kaybetti\/","title":{"rendered":"S\u00fcreyya \u00d6zkefe hayat\u0131n\u0131 kaybetti"},"content":{"rendered":"<p>T\u00fcrkiye Futbol Federasyonu (TFF) eski A Ulusal Kadro oyuncusu ve T\u00fcrkiye Futbol Federasyonu eski temsilcilerinden S\u00fcreyya \u00d6zkefe&#8217;nin 86 ya\u015f\u0131nda hayat\u0131n\u0131 kaybetti\u011fini a\u00e7\u0131klad\u0131. <\/p>\n<p>\u00d6zkefe&#8217;nin naa\u015f\u0131 yar\u0131n ikindi namaz\u0131n\u0131 m\u00fcteakip Eski\u015fehir Odunpazar\u0131 Alaaddin Mescidi&#8217;nde k\u0131l\u0131nacak cenaze namaz\u0131n\u0131n akabinde Eski\u015fehir B\u00fcy\u00fck\u015fehir Belediyesi Esentepe Mezarl\u0131\u011f\u0131&#8217;ndaki aile kabristan\u0131na defnedilecek.<\/p>\n<p>\u00d6zkefe, 9&#8217;u A Ulusal Grup, 1&#8217;i B Ulusal Kadro, 1&#8217;i \u00dcmit Ulusal Kadro ve 7&#8217;si de U18 Ulusal Kadrosu olmak \u00fczere toplam 18 kar\u015f\u0131la\u015fmada Ay-Y\u0131ld\u0131zl\u0131 formay\u0131 terletti.<\/p>\n<p>S\u00fcreyya \u00d6zkefe, mesle\u011fi boyunca Be\u015fikta\u015f ve Eski\u015fehirspor&#8217;un yan\u0131 s\u0131ra Eski\u015fehir I\u015f\u0131kspor, Eski\u015fehir \u015eekerspor ile Ankara Demirspor kul\u00fcplerinde oynad\u0131 ve 2 kez S\u00fcper Lig \u015eampiyonlu\u011fu, 1 defa T\u00fcrkiye Kupas\u0131, 2 defa Cumhurba\u015fkanl\u0131\u011f\u0131 Kupas\u0131 ve 2 kere de T\u00fcrkiye Spor Muharrirleri Derne\u011fi Kupas\u0131 \u015fampiyonlu\u011fu ya\u015fad\u0131.<\/p>\n","protected":false},"excerpt":{"rendered":"<p>Eski A Ulusal Ekibi oyuncusu ve\u00a0T\u00fcrkiye Futbol Federasyonu eski temsilcilerinden S\u00fcreyya \u00d6zkefe 86 ya\u015f\u0131nda hayat\u0131n\u0131 kaybetti.<\/p>\n","protected":false},"author":1,"featured_media":62333,"comment_status":"open","ping_status":"open","sticky":false,"template":"","format":"standard","meta":{"footnotes":""},"categories":[30],"tags":[1054,3696],"class_list":["post-62332","post","type-post","status-publish","format-standard","has-post-thumbnail","hentry","category-spor","tag-eski","tag-milli-takim"],"_links":{"self":[{"href":"https:\/\/ikimisli.tr\/index.php\/wp-json\/wp\/v2\/posts\/62332","targetHints":{"allow":["GET"]}}],"collection":[{"href":"https:\/\/ikimisli.tr\/index.php\/wp-json\/wp\/v2\/posts"}],"about":[{"href":"https:\/\/ikimisli.tr\/index.php\/wp-json\/wp\/v2\/types\/post"}],"author":[{"embeddable":true,"href":"https:\/\/ikimisli.tr\/index.php\/wp-json\/wp\/v2\/users\/1"}],"replies":[{"embeddable":true,"href":"https:\/\/ikimisli.tr\/index.php\/wp-json\/wp\/v2\/comments?post=62332"}],"version-history":[{"count":1,"href":"https:\/\/ikimisli.tr\/index.php\/wp-json\/wp\/v2\/posts\/62332\/revisions"}],"predecessor-version":[{"id":62334,"href":"https:\/\/ikimisli.tr\/index.php\/wp-json\/wp\/v2\/posts\/62332\/revisions\/62334"}],"wp:featuredmedia":[{"embeddable":true,"href":"https:\/\/ikimisli.tr\/index.php\/wp-json\/wp\/v2\/media\/62333"}],"wp:attachment":[{"href":"https:\/\/ikimisli.tr\/index.php\/wp-json\/wp\/v2\/media?parent=62332"}],"wp:term":[{"taxonomy":"category","embeddable":true,"href":"https:\/\/ikimisli.tr\/index.php\/wp-json\/wp\/v2\/categories?post=62332"},{"taxonomy":"post_tag","embeddable":true,"href":"https:\/\/ikimisli.tr\/index.php\/wp-json\/wp\/v2\/tags?post=62332"}],"curies":[{"name":"wp","href":"https:\/\/api.w.org\/{rel}","templated":true}]}}