{"id":62370,"date":"2025-07-31T16:33:23","date_gmt":"2025-07-31T16:33:23","guid":{"rendered":"https:\/\/ikimisli.tr\/?p=62370"},"modified":"2025-07-31T16:33:23","modified_gmt":"2025-07-31T16:33:23","slug":"ole-gunnar-solskjaer-bizim-icin-hayat-memat-meselesi","status":"publish","type":"post","link":"https:\/\/ikimisli.tr\/index.php\/2025\/07\/31\/ole-gunnar-solskjaer-bizim-icin-hayat-memat-meselesi\/","title":{"rendered":"Ole Gunnar Solskjaer: Bizim i\u00e7in hayat memat meselesi"},"content":{"rendered":"<p>Be\u015fikta\u015f, UEFA Avrupa Ligi 2\u2019nci Eleme \u00c7e\u015fidi r\u00f6van\u015f\u0131nda yar\u0131n Ukrayna tak\u0131m\u0131 Shakthtar Donetsk&#8217;e konuk olacak. M\u00fcsabaka \u00f6ncesi d\u00fczenlenen bas\u0131n toplant\u0131s\u0131nda Be\u015fikta\u015f Teknik Y\u00f6neticisi Ole Gunnar Solskjaer ve futbolculardan Felix Uduokhai a\u00e7\u0131klamalarda bulundu.<\/p>\n<p>R\u00f6van\u015fa d\u00fczg\u00fcn haz\u0131rland\u0131klar\u0131na de\u011finen Ole Gunnar Solskjaer, \u201cRakibimizi tahlil ettik. 2 gol bulmak zorunday\u0131z. Bu ma\u00e7ta kendimizi daha uygun yans\u0131tmal\u0131y\u0131z. Hafta i\u00e7inde \u00e2l\u00e2 \u00e7al\u0131\u015ft\u0131k. \u00c7e\u015fidin birinci yar\u0131s\u0131 bitti. Art\u0131k ikinci yar\u0131 oynanacak. Birinci gol\u00fc atmam\u0131z gerekiyor. Birinci gol bizim i\u00e7in hayat memat s\u0131k\u0131nt\u0131s\u0131 diyebilirim\u201d formunda konu\u015ftu.<\/p>\n<p><b>&#8220;GEDSON&#8217;UN YER\u0130NE \u00d6TEK\u0130 B\u0130R OYUNCU GET\u0130RECE\u011e\u0130M\u0130Z\u0130 D\u00dc\u015e\u00dcN\u00dcYORUZ&#8221;<\/b><\/p>\n<p>Gedson Fernandes\u2019in Spartak Moskova&#8217;ya transferini de k\u0131ymetlendiren Norve\u00e7li \u00e7al\u0131\u015ft\u0131r\u0131c\u0131, \u201cHarika bir karakter. Herkes onu \u00e7ok seviyor. Ona \u00e2l\u00e2 talihler diliyorum. Ayr\u0131l\u0131rken herkes duygusald\u0131. Bunu unutamayaca\u011f\u0131m Ge\u00e7en hafta \u00e7ok uygun oynad\u0131. \u00c7ok profesyonel davrand\u0131. Bir yolunu bulaca\u011f\u0131z. Yerine ne yapaca\u011f\u0131m\u0131z\u0131 bulaca\u011f\u0131z. Kartal var, Joao Mario var. Gedson&#8217;un yerine \u00f6teki bir oyuncu getirece\u011fimizi de d\u00fc\u015f\u00fcn\u00fcyoruz. Liderimiz bu manada \u00e7ok istekli. Uygun bir transfer periyodu ge\u00e7iriyoruz. Orkun ve Abraham \u00fczere oyuncular ald\u0131k. Daha d\u00fczg\u00fcn kadro kurmak i\u00e7in \u00fcst seviye oyuncular ar\u0131yoruz. Lider ve idare bu bahiste \u00e7ok istekliler. Hoca olarak ben de \u00e7ok heyecanl\u0131y\u0131m. Kupalar i\u00e7in u\u011fra\u015f eden kadrosu ortaya \u00e7\u0131karaca\u011f\u0131m\u0131z\u0131 d\u00fc\u015f\u00fcn\u00fcyorum\u201d s\u00f6zlerinde bulundu.<\/p>\n<p><b>&#8220;ORKUN&#8217;UN HAF\u0130F SAKATLI\u011eI VAR&#8221;<\/b><\/p>\n<p>Orkun K\u00f6k\u00e7\u00fc&#8217;n\u00fcn hafif sakatl\u0131\u011f\u0131n\u0131n oldu\u011funu lisana getiren 52 ya\u015f\u0131ndaki teknik adam, \u201cOrkun&#8217;un hafif sakatl\u0131\u011f\u0131 var burada bizimle olmas\u0131n\u0131 istedik. Bug\u00fcn grupla egzersiz yapaca\u011f\u0131ndan da emin de\u011filim. Bizim i\u00e7in k\u0131ymetli bir oyuncu oldu\u011fu i\u00e7in buraya getirmek istedik. Hem d\u00f6nemi d\u00fc\u015f\u00fcnmek zorunday\u0131z, \u015fayet riskliyse ona nazaran aksiyon alaca\u011f\u0131z\u201d diye konu\u015ftu.<\/p>\n<p><b>FELIX UDUOKHAI: KAZANMAK ZORUNDA OLDU\u011eUMUZ B\u0130R M\u00dcCADELE<\/b><\/p>\n<p>Be\u015fikta\u015f\u2019\u0131n 27 ya\u015f\u0131ndaki Alman stoperi Felix Uduokhai ise kazanmak zorunda olduklar\u0131n\u0131 s\u00f6z etti. Uduokhai, \u201c\u00c7ok k\u0131ymetli bir ma\u00e7. Birinci ma\u00e7tan sonraki yapt\u0131klar\u0131m\u0131z\u0131 tahlil ettik. Yanl\u0131\u015flar\u0131m\u0131z\u0131 g\u00f6rd\u00fck. \u00c2l\u00e2 idmanlar yapt\u0131k. Kolektif ve ferdi olarak kendimizi daha d\u00fczg\u00fcn g\u00f6stermek istiyoruz. Kazanmak zorunda oldu\u011fumuz bir \u00e7aba. Ortadaki 2 fark\u0131 kapatmam\u0131z gerekiyor. Yar\u0131n neler olacak g\u00f6rece\u011fiz. 2 gol atmak zorunday\u0131z. Birinci ma\u00e7tan daha uygun olmak zorunday\u0131z. Birinci ma\u00e7 en uygun u\u011fra\u015f\u0131m\u0131z\u0131 ortaya koyamad\u0131k. Birinci ma\u00e7 d\u00f6nemin birinci ma\u00e7\u0131yd\u0131. Yeni bir g\u00fc\u00e7 getirmek istedik ancak olmad\u0131. Taraftar\u0131m\u0131z bizim i\u00e7in b\u00fcy\u00fck g\u00fc\u00e7. \u00c2l\u00e2 bir takviye bizim i\u00e7in. Kendi alan\u0131nda makus tezah\u00fcrat, \u0131sl\u0131klanmak do\u011fal ki uygun de\u011fil. Bizim vazifemiz yans\u0131y\u0131 uyguna \u00e7ekmek. Taraftarlar\u0131n bizi alk\u0131\u015flayaca\u011f\u0131, izlerken keyif alacaklar\u0131 bir futbol izlemeyi hak ediyorlar\u201d diyerek kelamlar\u0131n\u0131 noktalad\u0131.<\/p>\n","protected":false},"excerpt":{"rendered":"<p>Be\u015fikta\u015f Teknik Y\u00f6neticisi Ole Gunnar Solskjaer, Shakthtar Donetsk ma\u00e7\u0131 \u00f6ncesi yapt\u0131\u011f\u0131 a\u00e7\u0131klamada \u201c\u0130lk gol\u00fc atmam\u0131z gerekiyor. Birinci gol bizim i\u00e7in hayat memat s\u0131k\u0131nt\u0131s\u0131 diyebilirim\u201d dedi.<\/p>\n","protected":false},"author":1,"featured_media":62371,"comment_status":"open","ping_status":"open","sticky":false,"template":"","format":"standard","meta":{"footnotes":""},"categories":[30],"tags":[946,7983,319,7982],"class_list":["post-62370","post","type-post","status-publish","format-standard","has-post-thumbnail","hentry","category-spor","tag-bizim","tag-ilk-mac","tag-oyuncu","tag-zorunda"],"_links":{"self":[{"href":"https:\/\/ikimisli.tr\/index.php\/wp-json\/wp\/v2\/posts\/62370","targetHints":{"allow":["GET"]}}],"collection":[{"href":"https:\/\/ikimisli.tr\/index.php\/wp-json\/wp\/v2\/posts"}],"about":[{"href":"https:\/\/ikimisli.tr\/index.php\/wp-json\/wp\/v2\/types\/post"}],"author":[{"embeddable":true,"href":"https:\/\/ikimisli.tr\/index.php\/wp-json\/wp\/v2\/users\/1"}],"replies":[{"embeddable":true,"href":"https:\/\/ikimisli.tr\/index.php\/wp-json\/wp\/v2\/comments?post=62370"}],"version-history":[{"count":1,"href":"https:\/\/ikimisli.tr\/index.php\/wp-json\/wp\/v2\/posts\/62370\/revisions"}],"predecessor-version":[{"id":62372,"href":"https:\/\/ikimisli.tr\/index.php\/wp-json\/wp\/v2\/posts\/62370\/revisions\/62372"}],"wp:featuredmedia":[{"embeddable":true,"href":"https:\/\/ikimisli.tr\/index.php\/wp-json\/wp\/v2\/media\/62371"}],"wp:attachment":[{"href":"https:\/\/ikimisli.tr\/index.php\/wp-json\/wp\/v2\/media?parent=62370"}],"wp:term":[{"taxonomy":"category","embeddable":true,"href":"https:\/\/ikimisli.tr\/index.php\/wp-json\/wp\/v2\/categories?post=62370"},{"taxonomy":"post_tag","embeddable":true,"href":"https:\/\/ikimisli.tr\/index.php\/wp-json\/wp\/v2\/tags?post=62370"}],"curies":[{"name":"wp","href":"https:\/\/api.w.org\/{rel}","templated":true}]}}