{"id":62413,"date":"2025-07-31T18:57:27","date_gmt":"2025-07-31T18:57:27","guid":{"rendered":"https:\/\/ikimisli.tr\/?p=62413"},"modified":"2025-07-31T18:57:27","modified_gmt":"2025-07-31T18:57:27","slug":"sedat-peker-davasinin-gizli-tanigi-gol-kenarinda-olu-bulundu","status":"publish","type":"post","link":"https:\/\/ikimisli.tr\/index.php\/2025\/07\/31\/sedat-peker-davasinin-gizli-tanigi-gol-kenarinda-olu-bulundu\/","title":{"rendered":"Sedat Peker davas\u0131n\u0131n gizli tan\u0131\u011f\u0131 g\u00f6l kenar\u0131nda \u00f6l\u00fc bulundu"},"content":{"rendered":"<p>Ge\u00e7ti\u011fimiz y\u0131llarda toplumsal medya hesab\u0131ndan yay\u0131nlad\u0131\u011f\u0131 g\u00f6r\u00fcnt\u00fcler ve ortaya att\u0131\u011f\u0131 savlar ile T\u00fcrkiye&#8217;de siyaset g\u00fcndemini sarsan su\u00e7 \u00f6rg\u00fct\u00fc lideri Sedat Peker&#8217;in davas\u0131nda kritik bir geli\u015fme ya\u015fand\u0131.\u00a0<\/p>\n<p>Halihaz\u0131rda Birle\u015fik Arap Emirlikleri&#8217;nde (BAE) ya\u015fayan ve hakk\u0131nda 194 \u00fclkede k\u0131rm\u0131z\u0131 b\u00fclten ile arama karar\u0131 bulunan Peker&#8217;in &#8216;\u00f6rg\u00fct lideri&#8217; olarak yarg\u0131land\u0131\u011f\u0131 davada b\u00e2t\u0131n \u015fahit olarak s\u00f6z veren 42 ya\u015f\u0131ndaki \u0130smail Kocalar, Antalya&#8217;n\u0131n Manavgat il\u00e7esinde g\u00f6l kenar\u0131ndaki bir kul\u00fcbede cans\u0131z olarak bulundu.\u00a0<\/p>\n<p><strong>\u00d6L\u00dcM NEDEN\u0130 ARA\u015eTIRILIYOR\u00a0<\/strong><\/p>\n<p>Bir m\u00fcddettir kelam konusu kul\u00fcbede yaln\u0131z ya\u015fad\u0131\u011f\u0131 ve siroz ba\u015fta olmak \u00fczere bir\u00e7ok hastal\u0131\u011f\u0131 oldu\u011fu \u00f6\u011frenilen Kocalar&#8217;\u0131n cesedi Jandarma Olay Yeri \u0130nceleme, isimli tabip ve cumhuriyet savc\u0131s\u0131n\u0131n incelemelerinin akabinde Antalya \u0130simli T\u0131p Kurumu&#8217;na kald\u0131r\u0131ld\u0131.\u00a0<\/p>\n<p><img decoding=\"async\" src=\"https:\/\/ikimisli.tr\/wp-content\/uploads\/2025\/07\/sedat-peker-davasinin-gizli-tanigi-gol-kenarinda-olu-bulundu-0-zEu4FJHn.png\"\/><\/p>\n<p><strong>PEKER HAKKINDAK\u0130 ARG\u00dcMANLARINI GER\u0130 \u00c7EKM\u0130\u015eT\u0130\u00a0<\/strong><\/p>\n<p>Kocalar, Peker davas\u0131nda z\u0131mn\u00ee \u015fahit olarak tabir vermesinin akabinde yay\u0131nlad\u0131\u011f\u0131 g\u00f6r\u00fcnt\u00fcde, dava s\u00fcrecinde verdi\u011fi tabirlerin iste\u011fi d\u0131\u015f\u0131nda ger\u00e7ekle\u015fti\u011fini belirtmi\u015f ve Peker&#8217;i tan\u0131mad\u0131\u011f\u0131n\u0131 belirterek \u015fu s\u00f6zleri kullanm\u0131\u015ft\u0131:<\/p>\n<p>\u201cKalk\u0131p allem ettiler, kullem ettiler beni z\u0131mn\u00ee \u015fahit ettiler. Hi\u00e7bir mevzuya ait hi\u00e7bir bilgim yok. Bir \u015feyler yazd\u0131lar, alt\u0131na bana imza att\u0131rd\u0131lar. Neye imza att\u0131\u011f\u0131m\u0131 bilmiyorum ki. Sedat Peker\u2019le \u015fahsi tan\u0131\u015fmam yok. Foto\u011fraf \u00e7ektirmi\u015fim\u201d.<\/p>\n","protected":false},"excerpt":{"rendered":"<p>Hakk\u0131nda k\u0131rm\u0131z\u0131 b\u00fclten ile arama karar\u0131 bulunan su\u00e7 \u00f6rg\u00fct\u00fc lideri Sedat Peker&#8217;in davas\u0131nda &#8216;gizli tan\u0131k&#8217; olarak tabir veren \u0130smail Kocalar, Antalya Manavgat&#8217;ta g\u00f6l kenar\u0131ndaki kul\u00fcbede cans\u0131z olarak bulundu. Kocalar&#8217;\u0131n cesedinde rastgele bir darp izine rastlanmazken, olay yerinde yap\u0131lan incelemelerin akabinde kesin vefat nedeninin ara\u015ft\u0131r\u0131lmas\u0131 i\u00e7in ceset Antalya \u0130simli T\u0131p Kurumu\u2019na kald\u0131r\u0131ld\u0131.<\/p>\n","protected":false},"author":1,"featured_media":62414,"comment_status":"open","ping_status":"open","sticky":false,"template":"","format":"standard","meta":{"footnotes":""},"categories":[25],"tags":[4519],"class_list":["post-62413","post","type-post","status-publish","format-standard","has-post-thumbnail","hentry","category-gundem","tag-peker"],"_links":{"self":[{"href":"https:\/\/ikimisli.tr\/index.php\/wp-json\/wp\/v2\/posts\/62413","targetHints":{"allow":["GET"]}}],"collection":[{"href":"https:\/\/ikimisli.tr\/index.php\/wp-json\/wp\/v2\/posts"}],"about":[{"href":"https:\/\/ikimisli.tr\/index.php\/wp-json\/wp\/v2\/types\/post"}],"author":[{"embeddable":true,"href":"https:\/\/ikimisli.tr\/index.php\/wp-json\/wp\/v2\/users\/1"}],"replies":[{"embeddable":true,"href":"https:\/\/ikimisli.tr\/index.php\/wp-json\/wp\/v2\/comments?post=62413"}],"version-history":[{"count":1,"href":"https:\/\/ikimisli.tr\/index.php\/wp-json\/wp\/v2\/posts\/62413\/revisions"}],"predecessor-version":[{"id":62416,"href":"https:\/\/ikimisli.tr\/index.php\/wp-json\/wp\/v2\/posts\/62413\/revisions\/62416"}],"wp:featuredmedia":[{"embeddable":true,"href":"https:\/\/ikimisli.tr\/index.php\/wp-json\/wp\/v2\/media\/62414"}],"wp:attachment":[{"href":"https:\/\/ikimisli.tr\/index.php\/wp-json\/wp\/v2\/media?parent=62413"}],"wp:term":[{"taxonomy":"category","embeddable":true,"href":"https:\/\/ikimisli.tr\/index.php\/wp-json\/wp\/v2\/categories?post=62413"},{"taxonomy":"post_tag","embeddable":true,"href":"https:\/\/ikimisli.tr\/index.php\/wp-json\/wp\/v2\/tags?post=62413"}],"curies":[{"name":"wp","href":"https:\/\/api.w.org\/{rel}","templated":true}]}}