{"id":62420,"date":"2025-07-31T19:21:23","date_gmt":"2025-07-31T19:21:23","guid":{"rendered":"https:\/\/ikimisli.tr\/?p=62420"},"modified":"2025-07-31T19:21:23","modified_gmt":"2025-07-31T19:21:23","slug":"cumhurbaskanligindan-kres-ve-cocuk-bakimevi-genelgesi","status":"publish","type":"post","link":"https:\/\/ikimisli.tr\/index.php\/2025\/07\/31\/cumhurbaskanligindan-kres-ve-cocuk-bakimevi-genelgesi\/","title":{"rendered":"Cumhurba\u015fkanl\u0131\u011f\u0131&#8217;ndan kre\u015f ve \u00e7ocuk bak\u0131mevi genelgesi"},"content":{"rendered":"<p>Cumhurba\u015fkan\u0131 Yard\u0131mc\u0131s\u0131 Cevdet Y\u0131lmaz, toplumsal medya hesab\u0131ndan yapt\u0131\u011f\u0131 a\u00e7\u0131klamada, Cumhurba\u015fkanl\u0131\u011f\u0131 taraf\u0131ndan t\u00fcm kamu kurum ve kurulu\u015flar\u0131na g\u00f6nderilen yaz\u0131yla, kamu kurumlar\u0131nda kre\u015f ve \u00e7ocuk bak\u0131mevi say\u0131s\u0131n\u0131n art\u0131r\u0131lmas\u0131n\u0131n istendi\u011fini bildirdi.<\/p>\n<p>Y\u0131lmaz, a\u00e7\u0131klamas\u0131nda \u015funlar\u0131 kaydetti:<\/p>\n<p>&#8220;Do\u011furganl\u0131k oranlar\u0131n\u0131 artt\u0131rmak, aile kurumunu g\u00fc\u00e7lendirmek ve sa\u011fl\u0131kl\u0131 ku\u015faklar\u0131n yeti\u015fmesi i\u00e7in bug\u00fcn \u00e7ok k\u0131ymetli bir ad\u0131m\u0131 daha hayata ge\u00e7iriyoruz. Cumhurba\u015fkanl\u0131\u011f\u0131 taraf\u0131ndan kamu kurum ve kurulu\u015flar\u0131na g\u00f6nderilen resmi yaz\u0131yla; kamu kurumlar\u0131nda kre\u015f ve g\u00fcnd\u00fcz bak\u0131mevlerinin yayg\u0131nla\u015ft\u0131r\u0131lmas\u0131 ve kapasitelerinin art\u0131r\u0131lmas\u0131 istenilmi\u015ftir. Bu ad\u0131m, N\u00fcfus Siyasetleri Heyetimizde uzun m\u00fcddettir \u00fczerinde \u00e7al\u0131\u015ft\u0131\u011f\u0131m\u0131z yap\u0131sal reformlardan biriydi. Bilhassa yedi g\u00fcn 24 saat hizmet veren kamu kurumlar\u0131nda, \u00e7ocuklar\u0131m\u0131z i\u00e7in inan\u00e7l\u0131 ve nitelikli bak\u0131m ortamlar\u0131n\u0131n yayg\u0131nla\u015ft\u0131r\u0131lmas\u0131 b\u00fcy\u00fck ehemmiyet ta\u015f\u0131yor. Say\u0131n Cumhurba\u015fkan\u0131m\u0131z\u0131n himayelerinde 2025\u2019in &#8216;Aile Y\u0131l\u0131&#8217; ilan edilmesiyle birlikte; \u00e7ocuk bak\u0131m hizmetlerinin yayg\u0131nla\u015ft\u0131r\u0131lmas\u0131, do\u011fum sonras\u0131 bayan istihdam\u0131n\u0131n desteklenmesi ve bilhassa gen\u00e7 \u00e7iftlerin \u00e7ocuk sahibi olmas\u0131n\u0131n \u00f6n\u00fcndeki yap\u0131sal mahzurlar\u0131n kald\u0131r\u0131lmas\u0131 taraf\u0131nda ad\u0131mlar\u0131 kararl\u0131l\u0131kla at\u0131yoruz. Kamuda hizmet veren t\u00fcm kurumlar\u0131m\u0131z\u0131n, bu d\u00fczenlemeyi s\u00fcratle hayata ge\u00e7irerek \u00e7al\u0131\u015fan ailelerimize dayanak olmas\u0131; hem toplumsal adaletin tesisi hem de n\u00fcfus siyasetlerimizin aktifli\u011fi a\u00e7\u0131s\u0131ndan son derece k\u0131ymetlidir. Hayata ge\u00e7irilen bu k\u0131ymetli ad\u0131m\u0131n \u00fclkemiz ve ailelerimiz i\u00e7in g\u00fczel olmas\u0131n\u0131 diliyorum.&#8221;<\/p>\n<p>Aile ve Sosyal Hizmetler Bakan\u0131 Mahinur \u00d6zdemir G\u00f6kta\u015f da mevzuyla ilgili yapt\u0131\u011f\u0131 a\u00e7\u0131klamada, Aile Y\u0131l\u0131\u2019nda aileleri destekleyen de\u011ferli bir ad\u0131m daha at\u0131ld\u0131\u011f\u0131n\u0131 belirterek, &#8220;Aileyi g\u00fc\u00e7lendirmek, \u00e7al\u0131\u015fan ebeveynlerimize dayanak olmak ve i\u015f-ya\u015fam istikrarlar\u0131na katk\u0131 sunmak maksad\u0131yla; kamu kurumlar\u0131nda kre\u015f ve \u00e7ocuk bak\u0131mevi a\u00e7\u0131lmas\u0131n\u0131n tasarruf genelgesinden istisna tutulmas\u0131 ve kapasitenin art\u0131r\u0131lmas\u0131, Cumhurba\u015fkanl\u0131\u011f\u0131 taraf\u0131ndan t\u00fcm kamu kurum ve kurulu\u015flar\u0131na g\u00f6nderilen yaz\u0131yla istenilmi\u015ftir. Bilhassa 7\/24 temeliyle hizmet veren kamu kurumlar\u0131nda, \u00e7ocuklar\u0131m\u0131za y\u00f6nelik nitelikli bak\u0131m imkan\u0131n\u0131n yayg\u0131nla\u015ft\u0131r\u0131lmas\u0131 b\u00fcy\u00fck bir k\u0131ymete sahiptir. Bu kapsamda, N\u00fcfus Siyasetleri Heyetimizde titizlikle \u00fczerinde \u00e7al\u0131\u015ft\u0131\u011f\u0131m\u0131z d\u00fczenlemeyi hayata ge\u00e7irdik. Say\u0131n Cumhurba\u015fkan\u0131m\u0131z\u0131n vizyonu ve tensipleriyle ilan edilen Aile Y\u0131l\u0131 vesilesiyle at\u0131lan bu de\u011ferli ad\u0131m\u0131n, \u00fclkemiz ve ailelerimiz i\u00e7in g\u00fczel olmas\u0131n\u0131 diliyorum&#8221; s\u00f6zlerini kulland\u0131.<\/p>\n","protected":false},"excerpt":{"rendered":"<p>Cumhurba\u015fkan\u0131 Yard\u0131mc\u0131s\u0131 Cevdet Y\u0131lmaz, Cumhurba\u015fkanl\u0131\u011f\u0131 taraf\u0131ndan t\u00fcm kamu kurum ve kurulu\u015flar\u0131na, kre\u015f ve g\u00fcnd\u00fcz bak\u0131mevlerinin yayg\u0131nla\u015ft\u0131r\u0131lmas\u0131 ve kapasitelerinin art\u0131r\u0131lmas\u0131 i\u00e7in yaz\u0131 g\u00f6nderildi\u011fini duyurdu.<\/p>\n","protected":false},"author":1,"featured_media":62421,"comment_status":"open","ping_status":"open","sticky":false,"template":"","format":"standard","meta":{"footnotes":""},"categories":[25],"tags":[5136,87,539,7985,2112],"class_list":["post-62420","post","type-post","status-publish","format-standard","has-post-thumbnail","hentry","category-gundem","tag-adim","tag-aile","tag-bakim","tag-kamu-kurum","tag-onem"],"_links":{"self":[{"href":"https:\/\/ikimisli.tr\/index.php\/wp-json\/wp\/v2\/posts\/62420","targetHints":{"allow":["GET"]}}],"collection":[{"href":"https:\/\/ikimisli.tr\/index.php\/wp-json\/wp\/v2\/posts"}],"about":[{"href":"https:\/\/ikimisli.tr\/index.php\/wp-json\/wp\/v2\/types\/post"}],"author":[{"embeddable":true,"href":"https:\/\/ikimisli.tr\/index.php\/wp-json\/wp\/v2\/users\/1"}],"replies":[{"embeddable":true,"href":"https:\/\/ikimisli.tr\/index.php\/wp-json\/wp\/v2\/comments?post=62420"}],"version-history":[{"count":1,"href":"https:\/\/ikimisli.tr\/index.php\/wp-json\/wp\/v2\/posts\/62420\/revisions"}],"predecessor-version":[{"id":62422,"href":"https:\/\/ikimisli.tr\/index.php\/wp-json\/wp\/v2\/posts\/62420\/revisions\/62422"}],"wp:featuredmedia":[{"embeddable":true,"href":"https:\/\/ikimisli.tr\/index.php\/wp-json\/wp\/v2\/media\/62421"}],"wp:attachment":[{"href":"https:\/\/ikimisli.tr\/index.php\/wp-json\/wp\/v2\/media?parent=62420"}],"wp:term":[{"taxonomy":"category","embeddable":true,"href":"https:\/\/ikimisli.tr\/index.php\/wp-json\/wp\/v2\/categories?post=62420"},{"taxonomy":"post_tag","embeddable":true,"href":"https:\/\/ikimisli.tr\/index.php\/wp-json\/wp\/v2\/tags?post=62420"}],"curies":[{"name":"wp","href":"https:\/\/api.w.org\/{rel}","templated":true}]}}