{"id":62522,"date":"2025-08-01T00:57:22","date_gmt":"2025-08-01T00:57:22","guid":{"rendered":"https:\/\/ikimisli.tr\/?p=62522"},"modified":"2025-08-01T00:57:22","modified_gmt":"2025-08-01T00:57:22","slug":"mhpli-ismin-sirketi-iflasin-esiginde","status":"publish","type":"post","link":"https:\/\/ikimisli.tr\/index.php\/2025\/08\/01\/mhpli-ismin-sirketi-iflasin-esiginde\/","title":{"rendered":"MHP&#8217;li ismin \u015firketi iflas\u0131n e\u015fi\u011finde"},"content":{"rendered":"<p>Ekonomide ya\u015fanan dalgalanma firmalar\u0131 zorlamaya devam ederken konkordato ilan eden \u015firketlere her g\u00fcn bir yenisi ekleniyor.<\/p>\n<p>Son olarak ise MHP Genel Merkez Y\u00f6netim Kurulu (MYK) \u00fcyesi Mahmut C\u00fcneyt G\u00f6z&#8217;\u00fcn sahibi oldu\u011fu CG K\u00fcme ve i\u015ftirak \u015firketleri i\u00e7in konkordato talebinde bulunuldu.<\/p>\n<p>\u0130stanbul Anadolu 3. Asliye Ticaret Mahkemesi taraf\u0131ndan, CG K\u00fcme b\u00fcnyesindeki G\u00f6z Mimarl\u0131k ve \u0130n\u015faat A.\u015e., CG Beton Sanayi Ticaret Ltd. \u015eti., BRH Mimarl\u0131k ve \u0130n\u015faat Ltd. \u015eti., Kurna Ta\u015f Oca\u011f\u0131 \u0130\u015fletmecili\u011fi Ltd. \u015eti. ve MCG Sinema Medya A.\u015e. ile \u015firket orta\u011f\u0131 Mahmut C\u00fcneyt G\u00f6z&#8217;e \u00fc\u00e7 ayl\u0131k s\u00fcreksiz m\u00fchlet karar\u0131 verildi.<\/p>\n<p>Mahkemeden \u015firketlerin konkordato s\u00fcrecinin k\u0131ymetlendirilmesi i\u00e7in \u00fc\u00e7 ki\u015filik konkordato komiseri atamas\u0131 da karar\u0131 da \u00e7\u0131kt\u0131.<\/p>\n<p>\u015eirketler i\u00e7in duru\u015fma 15 Ekim&#8217;de saat 15.30&#8217;da yap\u0131lacak.<\/p>\n<p>CG K\u00fcme b\u00fcnyesindeki \u015firketler haz\u0131r beton, madencilik, sinema \u00fczere b\u00f6l\u00fcmlerde faaliyet g\u00f6steriyor.<\/p>\n<p>Mahmut C\u00fcneyt G\u00f6z&#8217;\u00fcn sahibi oldu\u011fu G\u00f6z Mimarl\u0131k&#8217;\u0131n daha evvel kamudan ald\u0131\u011f\u0131 ihalelerle de g\u00fcndeme gelmi\u015fti.<\/p>\n<p>G\u00f6z, MHP Genel Ba\u015fkan\u0131 Devlet Bah\u00e7eli\u2019nin kendisine Lincoln otomobilini ikram etmesiyle de biliniyor.<\/p>\n","protected":false},"excerpt":{"rendered":"<p>MHP Merkez Y\u00f6netim Kurulu (MYK) \u00fcyesi ve CG Grup&#8217;un sahibi Mahmut C\u00fcneyt G\u00f6z, girdi\u011fi ekonomik darbo\u011faza a\u015famayarak i\u015ftirak \u015firketleri i\u00e7in konkordato talebinde bulundu. Mahkeme \u015firketlere \u00fc\u00e7 ayl\u0131k m\u00fchlet verdi.<\/p>\n","protected":false},"author":1,"featured_media":62523,"comment_status":"open","ping_status":"open","sticky":false,"template":"","format":"standard","meta":{"footnotes":""},"categories":[24],"tags":[335,402],"class_list":["post-62522","post","type-post","status-publish","format-standard","has-post-thumbnail","hentry","category-ekonomi","tag-goz","tag-sirket"],"_links":{"self":[{"href":"https:\/\/ikimisli.tr\/index.php\/wp-json\/wp\/v2\/posts\/62522","targetHints":{"allow":["GET"]}}],"collection":[{"href":"https:\/\/ikimisli.tr\/index.php\/wp-json\/wp\/v2\/posts"}],"about":[{"href":"https:\/\/ikimisli.tr\/index.php\/wp-json\/wp\/v2\/types\/post"}],"author":[{"embeddable":true,"href":"https:\/\/ikimisli.tr\/index.php\/wp-json\/wp\/v2\/users\/1"}],"replies":[{"embeddable":true,"href":"https:\/\/ikimisli.tr\/index.php\/wp-json\/wp\/v2\/comments?post=62522"}],"version-history":[{"count":1,"href":"https:\/\/ikimisli.tr\/index.php\/wp-json\/wp\/v2\/posts\/62522\/revisions"}],"predecessor-version":[{"id":62524,"href":"https:\/\/ikimisli.tr\/index.php\/wp-json\/wp\/v2\/posts\/62522\/revisions\/62524"}],"wp:featuredmedia":[{"embeddable":true,"href":"https:\/\/ikimisli.tr\/index.php\/wp-json\/wp\/v2\/media\/62523"}],"wp:attachment":[{"href":"https:\/\/ikimisli.tr\/index.php\/wp-json\/wp\/v2\/media?parent=62522"}],"wp:term":[{"taxonomy":"category","embeddable":true,"href":"https:\/\/ikimisli.tr\/index.php\/wp-json\/wp\/v2\/categories?post=62522"},{"taxonomy":"post_tag","embeddable":true,"href":"https:\/\/ikimisli.tr\/index.php\/wp-json\/wp\/v2\/tags?post=62522"}],"curies":[{"name":"wp","href":"https:\/\/api.w.org\/{rel}","templated":true}]}}