{"id":62551,"date":"2025-08-01T02:21:21","date_gmt":"2025-08-01T02:21:21","guid":{"rendered":"https:\/\/ikimisli.tr\/?p=62551"},"modified":"2025-08-01T02:21:21","modified_gmt":"2025-08-01T02:21:21","slug":"son-dakika-tutuklu-besiktas-belediye-baskani-riza-akpolatin-baldizi-gozaltina-alindi","status":"publish","type":"post","link":"https:\/\/ikimisli.tr\/index.php\/2025\/08\/01\/son-dakika-tutuklu-besiktas-belediye-baskani-riza-akpolatin-baldizi-gozaltina-alindi\/","title":{"rendered":"Son Dakika&#8230; Tutuklu Be\u015fikta\u015f Belediye Ba\u015fkan\u0131 R\u0131za Akpolat&#8217;\u0131n bald\u0131z\u0131 g\u00f6zalt\u0131na al\u0131nd\u0131"},"content":{"rendered":"<p>Be\u015fikta\u015f Belediye Ba\u015fkan\u0131 R\u0131za Akpolat, &#8216;su\u00e7 \u00f6rg\u00fct\u00fcne \u00fcye olmak&#8217;, &#8216;ihaleye fesat kar\u0131\u015ft\u0131rmak&#8217; ve &#8216;haks\u0131z mal edinme&#8217; su\u00e7lamalar\u0131yla 17 Ocak 2025 tarihinde tutukland\u0131. <\/p>\n<p>Akpolat&#8217;la bir arada, &#8220;\u00f6rg\u00fct lideri&#8221; oldu\u011fu tez edilen Aziz \u0130hsan Akta\u015f da tutukland\u0131.<\/p>\n<p>Akpolat ve Akta\u015f&#8217;\u0131n da i\u00e7inde oldu\u011fu 31 ku\u015fkulu, \u2018su\u00e7 \u00f6rg\u00fct\u00fc kurmak ve y\u00f6netmek\u2019, \u2018su\u00e7 \u00f6rg\u00fct\u00fcne \u00fcye olmak\u2019, \u2018r\u00fc\u015fvet verme\u2019, \u2018ihaleye fesat kar\u0131\u015ft\u0131rma\u2019, \u2018edimin ifas\u0131na fesat kar\u0131\u015ft\u0131rma\u2019 ve \u2018mal varl\u0131\u011f\u0131 pahalar\u0131n\u0131 aklama\u2019 arg\u00fcmanlar\u0131yla n\u00f6bet\u00e7i sulh ceza hakimli\u011fine sevk edilmi\u015fti.<\/p>\n<p>Akpolat&#8217;\u0131n tutuklulu\u011fu devam ederken itiraf\u00e7\u0131 olan Aziz \u0130hsan Akta\u015f \u00f6zg\u00fcr b\u0131rak\u0131lm\u0131\u015ft\u0131.<\/p>\n<p><b>AKPOLAT&#8217;IN BALDIZI DA G\u00d6ZALTINA ALINDI <\/b><\/p>\n<p>Son olarak Ekol TV&#8217;den Dilek Yaman Demir&#8217;in haberine nazaran;  Aziz \u0130hsan Akta\u015f c\u00fcr\u00fcm \u00f6rg\u00fct\u00fcne y\u00f6nelik y\u00fcr\u00fct\u00fclen soru\u015fturma kapsam\u0131nda, eski Be\u015fikta\u015f Belediye Ba\u015fkan\u0131 R\u0131za Akpolat\u2019\u0131n bald\u0131z\u0131 \u00c7i\u011fdem Yank\u0131l\u0131\u00e7 Kangal g\u00f6zalt\u0131na al\u0131nd\u0131.<\/p>\n","protected":false},"excerpt":{"rendered":"<p>Son Dakika Haberi&#8230; \u0130tiraf\u00e7\u0131 Aziz \u0130hsan Akta\u015f kabahat \u00f6rg\u00fct\u00fcne y\u00f6nelik y\u00fcr\u00fct\u00fclen soru\u015fturma kapsam\u0131nda, eski Be\u015fikta\u015f Belediye Ba\u015fkan\u0131 R\u0131za Akpolat\u2019\u0131n bald\u0131z\u0131 \u00c7i\u011fdem Yank\u0131l\u0131\u00e7 Kangal g\u00f6zalt\u0131na al\u0131nd\u0131.<\/p>\n","protected":false},"author":1,"featured_media":62552,"comment_status":"open","ping_status":"open","sticky":false,"template":"","format":"standard","meta":{"footnotes":""},"categories":[25],"tags":[2564,97],"class_list":["post-62551","post","type-post","status-publish","format-standard","has-post-thumbnail","hentry","category-gundem","tag-akpolat","tag-suc"],"_links":{"self":[{"href":"https:\/\/ikimisli.tr\/index.php\/wp-json\/wp\/v2\/posts\/62551","targetHints":{"allow":["GET"]}}],"collection":[{"href":"https:\/\/ikimisli.tr\/index.php\/wp-json\/wp\/v2\/posts"}],"about":[{"href":"https:\/\/ikimisli.tr\/index.php\/wp-json\/wp\/v2\/types\/post"}],"author":[{"embeddable":true,"href":"https:\/\/ikimisli.tr\/index.php\/wp-json\/wp\/v2\/users\/1"}],"replies":[{"embeddable":true,"href":"https:\/\/ikimisli.tr\/index.php\/wp-json\/wp\/v2\/comments?post=62551"}],"version-history":[{"count":1,"href":"https:\/\/ikimisli.tr\/index.php\/wp-json\/wp\/v2\/posts\/62551\/revisions"}],"predecessor-version":[{"id":62553,"href":"https:\/\/ikimisli.tr\/index.php\/wp-json\/wp\/v2\/posts\/62551\/revisions\/62553"}],"wp:featuredmedia":[{"embeddable":true,"href":"https:\/\/ikimisli.tr\/index.php\/wp-json\/wp\/v2\/media\/62552"}],"wp:attachment":[{"href":"https:\/\/ikimisli.tr\/index.php\/wp-json\/wp\/v2\/media?parent=62551"}],"wp:term":[{"taxonomy":"category","embeddable":true,"href":"https:\/\/ikimisli.tr\/index.php\/wp-json\/wp\/v2\/categories?post=62551"},{"taxonomy":"post_tag","embeddable":true,"href":"https:\/\/ikimisli.tr\/index.php\/wp-json\/wp\/v2\/tags?post=62551"}],"curies":[{"name":"wp","href":"https:\/\/api.w.org\/{rel}","templated":true}]}}