{"id":62667,"date":"2025-08-01T08:57:23","date_gmt":"2025-08-01T08:57:23","guid":{"rendered":"https:\/\/ikimisli.tr\/?p=62667"},"modified":"2025-08-01T08:57:23","modified_gmt":"2025-08-01T08:57:23","slug":"turkiyenin-yilin-ilk-yarisindaki-sebze-ihracati-artti","status":"publish","type":"post","link":"https:\/\/ikimisli.tr\/index.php\/2025\/08\/01\/turkiyenin-yilin-ilk-yarisindaki-sebze-ihracati-artti\/","title":{"rendered":"T\u00fcrkiye&#8217;nin y\u0131l\u0131n ilk yar\u0131s\u0131ndaki sebze ihracat\u0131 artt\u0131"},"content":{"rendered":"<p>T\u00fcrkiye \u0130hracat\u00e7\u0131lar Meclisi (T\u0130M) bilgilerine nazaran, 1 Ocak-30 Haziran devrinde 1 milyar 692 milyon 165 bin dolarl\u0131k ya\u015f meyve, zerzevat ve narenciye ihracat\u0131 ger\u00e7ekle\u015ftirildi. Bu say\u0131n\u0131n 605 milyon 445 bin 193 dolar\u0131n\u0131 zerzevat ihracat\u0131 olu\u015fturdu.<\/p>\n<p>T\u00fcrkiye&#8217;den ge\u00e7en y\u0131l birebir periyotta 549 milyon 609 bin 432 dolarl\u0131k zerzevat ihracat\u0131 yap\u0131l\u0131rken, bu y\u0131l d\u0131\u015f sat\u0131mda y\u00fczde 10&#8217;luk art\u0131\u015f ya\u015fand\u0131.<\/p>\n<p>Sebze ihracat\u0131nda birinci s\u0131ray\u0131 259 milyon 786 bin dolarla domates ald\u0131. Domates ihracat\u0131nda ge\u00e7en y\u0131la nazaran y\u00fczde 2&#8217;lik art\u0131\u015f oldu. Domatesi ise 181 milyon 104 bin dolarla biber, 46 milyon 279 bin dolarla kabak, 35 milyon 606 bin dolarla salatal\u0131k, 20 milyon 467 bin dolarla so\u011fan takip etti.<\/p>\n<p><b>SEBZE \u0130HRACATININ UARISI BATI AKDEN\u0130Z&#8217;DEN<\/b><\/p>\n<p>\u00dclke genelinde yap\u0131lan ihracat\u0131n y\u00fczde 51&#8217;i ise ya\u015f zerzevat, meyve \u00fcretiminde ve ihracat\u0131nda de\u011ferli potansiyele sahip Antalya, Isparta ve Burdur&#8217;dan yap\u0131ld\u0131.<\/p>\n<p>B\u00f6lgeden y\u0131l\u0131n 6 ay\u0131nda 309 milyon 13 bin dolarl\u0131k zerzevat ihra\u00e7 edildi. Ge\u00e7en y\u0131l 279 milyon 978 bin dolar olan zerzevat ihracat\u0131nda bu y\u0131l y\u00fczde 10,4&#8217;l\u00fck art\u0131\u015f ger\u00e7ekle\u015fti.<\/p>\n<p>B\u00f6lgeden ise en fazla biber ihra\u00e7 edildi. 126 milyon 412 bin dolarl\u0131k biber ihracat\u0131n\u0131, 125 milyon 697 bin dolarla domates takip etti.<\/p>\n<p>T\u00fcrkiye&#8217;nin meyve ihracat\u0131 ise 6 ayl\u0131k devirde 550 milyon 237 bin dolar olarak ger\u00e7ekle\u015fti. Y\u0131lba\u015f\u0131ndan bu yana yakla\u015f\u0131k 100 milyon dolarl\u0131k elma, 103 milyon 223 bin dolarl\u0131k \u015feftali, 47 milyon 535 bin dolarl\u0131k kiraz ihra\u00e7 edildi.<\/p>\n<p>Bat\u0131 Akdeniz&#8217;den ise 6 ayl\u0131k periyotta 99 milyon 909 bin dolarl\u0131k ya\u015f meyve ve 12 milyon 987 bin dolarl\u0131k turun\u00e7giller ihracat\u0131 yap\u0131ld\u0131.<\/p>\n<p>Bat\u0131 Akdeniz \u0130hracat\u00e7\u0131lar Birli\u011fi Lideri \u00dcmit Mirza \u00c7avu\u015fo\u011flu, AA muhabirine, ilkbaharda ya\u015fanan zirai dondan meyve dal\u0131n\u0131n olumsuz etkilendi\u011fini lakin zerzevat dal\u0131nda bilhassa \u00f6rt\u00fc alt\u0131 \u00fcretim hasebiyle \u00f6nemli bir sorun ya\u015fanmad\u0131\u011f\u0131n\u0131 s\u00f6yledi.<\/p>\n<p>\u00d6rt\u00fc alt\u0131 tar\u0131mda Antalya&#8217;n\u0131n k\u0131ymetli potansiyele sahip oldu\u011funu s\u00f6z eden \u00c7avu\u015fo\u011flu, &#8220;Sebzede en k\u0131ymetli ihracat eserlerimiz domates ve biber. \u00dclke genelinde domates birinci s\u0131rada yer ald\u0131, b\u00f6lge baz\u0131nda ise biber en fazla ihracat ger\u00e7ekle\u015ftirdi\u011fimiz eser oldu. Bu mevzuda uzmanla\u015ft\u0131k.&#8221; dedi.<\/p>\n<p>Sebzede en fazla ihracat\u0131n Rusya&#8217;ya yap\u0131ld\u0131\u011f\u0131n\u0131 lisana getiren \u00c7avu\u015fo\u011flu, Rusya&#8217;n\u0131n akabinde Irak, Romanya, Almanya ve Ukrayna&#8217;n\u0131n geldi\u011fini kaydetti.<\/p>\n<p>\u00c7avu\u015fo\u011flu, meyve ihracat\u0131nda ise ge\u00e7en y\u0131la nazaran iklim kaideleri m\u00fcnasebetiyle bir d\u00fc\u015f\u00fc\u015f ya\u015fand\u0131\u011f\u0131na i\u015faret etti.<\/p>\n<p>\u00d6zellikle nisanda 4 g\u00fcn s\u00fcren zirai don olay\u0131n\u0131n meyve \u00fcretimini etkiledi\u011fini belirten \u00c7avu\u015fo\u011flu, &#8220;Sebzede \u00e7ok b\u00fcy\u00fck sorun ya\u015famad\u0131k. \u00d6rt\u00fc alt\u0131nda \u00fcretim yap\u0131labildi\u011fi i\u00e7in gerekli tedbirler al\u0131nd\u0131, denetimli \u00fcretim yap\u0131ld\u0131 ancak meyvede \u00f6nemli bir sorun ya\u015f\u0131yoruz. Tabiat olaylar\u0131yla birlikte hareket edebilmeyi art\u0131k \u00f6\u011frenmeliyiz. Meyve bah\u00e7elerinin \u00fczerlerini \u00f6rtmeye, fileler germeye ba\u015flamal\u0131y\u0131z. Dolu, don \u00fczere olaylara kar\u015f\u0131 eserlerimizi korumal\u0131y\u0131z.&#8221; diye konu\u015ftu.<\/p>\n","protected":false},"excerpt":{"rendered":"<p>T\u00fcrkiye&#8217;den y\u0131l\u0131n 6 ay\u0131nda yap\u0131lan ya\u015f zerzevat ihracat\u0131, ge\u00e7en y\u0131l\u0131n birebir devrine nazaran y\u00fczde 10&#8217;luk art\u0131\u015fla 605 milyon 445 bin 193 dolara ula\u015ft\u0131.<\/p>\n","protected":false},"author":1,"featured_media":62668,"comment_status":"open","ping_status":"open","sticky":false,"template":"","format":"standard","meta":{"footnotes":""},"categories":[24],"tags":[3518,1065,100,1068,702],"class_list":["post-62667","post","type-post","status-publish","format-standard","has-post-thumbnail","hentry","category-ekonomi","tag-ihracati","tag-meyve","tag-milyon","tag-sebze","tag-yas"],"_links":{"self":[{"href":"https:\/\/ikimisli.tr\/index.php\/wp-json\/wp\/v2\/posts\/62667","targetHints":{"allow":["GET"]}}],"collection":[{"href":"https:\/\/ikimisli.tr\/index.php\/wp-json\/wp\/v2\/posts"}],"about":[{"href":"https:\/\/ikimisli.tr\/index.php\/wp-json\/wp\/v2\/types\/post"}],"author":[{"embeddable":true,"href":"https:\/\/ikimisli.tr\/index.php\/wp-json\/wp\/v2\/users\/1"}],"replies":[{"embeddable":true,"href":"https:\/\/ikimisli.tr\/index.php\/wp-json\/wp\/v2\/comments?post=62667"}],"version-history":[{"count":1,"href":"https:\/\/ikimisli.tr\/index.php\/wp-json\/wp\/v2\/posts\/62667\/revisions"}],"predecessor-version":[{"id":62669,"href":"https:\/\/ikimisli.tr\/index.php\/wp-json\/wp\/v2\/posts\/62667\/revisions\/62669"}],"wp:featuredmedia":[{"embeddable":true,"href":"https:\/\/ikimisli.tr\/index.php\/wp-json\/wp\/v2\/media\/62668"}],"wp:attachment":[{"href":"https:\/\/ikimisli.tr\/index.php\/wp-json\/wp\/v2\/media?parent=62667"}],"wp:term":[{"taxonomy":"category","embeddable":true,"href":"https:\/\/ikimisli.tr\/index.php\/wp-json\/wp\/v2\/categories?post=62667"},{"taxonomy":"post_tag","embeddable":true,"href":"https:\/\/ikimisli.tr\/index.php\/wp-json\/wp\/v2\/tags?post=62667"}],"curies":[{"name":"wp","href":"https:\/\/api.w.org\/{rel}","templated":true}]}}