{"id":62742,"date":"2025-08-01T12:45:21","date_gmt":"2025-08-01T12:45:21","guid":{"rendered":"https:\/\/ikimisli.tr\/?p=62742"},"modified":"2025-08-01T12:45:21","modified_gmt":"2025-08-01T12:45:21","slug":"demden-komisyona-ovgu-chpye-tepki","status":"publish","type":"post","link":"https:\/\/ikimisli.tr\/index.php\/2025\/08\/01\/demden-komisyona-ovgu-chpye-tepki\/","title":{"rendered":"DEM&#8217;den komisyona \u00f6vg\u00fc CHP&#8217;ye tepki"},"content":{"rendered":"<p>DEM Parti S\u00f6zc\u00fcs\u00fc Ay\u015feg\u00fcl Do\u011fan, parti genel merkezinde bas\u0131n a\u00e7\u0131klamas\u0131 yapt\u0131.<\/p>\n<p>\u00dclkede meydana gelen orman yang\u0131nlar\u0131na de\u011finerek kelamlar\u0131na ba\u015flayan Do\u011fan, \u201cTabiri caizse Bursa&#8217;dan Lice&#8217;ye, Cudi&#8217;den Karab\u00fcke, \u00fclkenin d\u00f6rt bir yan\u0131 alev alev cay\u0131r cay\u0131r yan\u0131yor. Orman yang\u0131nlar\u0131yla ilgili partimizin yakla\u015f\u0131m\u0131n\u0131 irdelemeye asl\u0131nda muhta\u00e7l\u0131k yok zira ormanlar yanmad\u0131\u011f\u0131 vakit da ekosistemin ne kadar k\u0131ymetli oldu\u011funu ve ekok\u0131r\u0131m\u0131n nas\u0131l s\u00fcrd\u00fc\u011f\u00fcn\u00fc en \u00e7ok anlatan ve bununla ilgili en \u00e7ok hareket yapan siyasi partiyiz\u201d dedi.<\/p>\n<p><b>ORMAN YANGINLARI<\/b><\/p>\n<p>Do\u011fan, \u00fclkede hi\u00e7bir canl\u0131n\u0131n \u00f6m\u00fcr hakk\u0131n\u0131n inan\u00e7ta olmad\u0131\u011f\u0131n\u0131 belirterek, &#8220;Ne \u00e7ift\u00e7inin, ne k\u00f6yl\u00fcn\u00fcn, ne b\u00f6rt\u00fc b\u00f6ce\u011fin, ne ekipmans\u0131z \u00e7al\u0131\u015fmak durumunda kalan personelin ne risk alt\u0131nda \u00e7al\u0131\u015fan itfaiyecileri ne de g\u00f6n\u00fcll\u00fclerin hi\u00e7 kimsenin \u00f6m\u00fcr hakk\u0131 \u00fclkede inan\u00e7ta de\u011fil. T\u00fcrkiye bu haliyle bakt\u0131\u011f\u0131m\u0131zda tam bir ekok\u0131r\u0131m c\u00fcr\u00fcm mahalli olarak kar\u015f\u0131m\u0131zda duruyor. Farkl\u0131 bir \u00fclke olmas\u0131 m\u00fcmk\u00fcn m\u00fc? Evet, m\u00fcmk\u00fcn. Bug\u00fcn \u00fclke y\u00f6netenler farkl\u0131 siyasetlerle y\u00f6netmeyi tercih etseler bu orman yang\u0131nlar\u0131ndan bu formda kelam etmeyece\u011fiz. Bir kez daha DEM Parti olarak, yetkilileri bu bahiste daha hassas, daha sorumlu gerekenleri yapt\u0131klar\u0131n\u0131 g\u00f6sterir ve ikna eder siyasetler y\u00fcr\u00fctmeye davet ediyoruz&#8221; diyerek davette bulundu.<\/p>\n<p><b>TER\u00d6RS\u00dcZ T\u00dcRK\u0130YE KOM\u0130SYONU<\/b><\/p>\n<p>TBMM kurulacak komitenin birinci toplant\u0131s\u0131n\u0131n \u00f6n\u00fcm\u00fczdeki g\u00fcnlerde kurul \u00fcyeleriyle birlikte toplanaca\u011f\u0131na de\u011finen Do\u011fan, \u201cBundan sonra bilhassa de silahlar\u0131n t\u00fcmden devre d\u0131\u015f\u0131 b\u0131rak\u0131lmas\u0131yla ilgili gerekli birtak\u0131m \u00e7al\u0131\u015fmalar, yasal d\u00fczenlemeler, t\u00fcrel yer konu\u015fulacak, bunun i\u00e7in gerekirse toplumun farkl\u0131 k\u0131s\u0131mlar\u0131yla bir ortaya gelme, onlar\u0131n g\u00f6r\u00fc\u015flerine ba\u015fvurma \u00fczere birtak\u0131m adab\u0131na dair tart\u0131\u015fmalar\u0131 y\u00fcr\u00fctmek \u00fczere toplanacaklar. Ondan sonra bizler de tam olarak kurulun nas\u0131l \u00e7al\u0131\u015faca\u011f\u0131n\u0131, hangi adaplar\u0131, as\u0131llar\u0131 belirleyece\u011fini daima birlikte \u00f6\u011frenece\u011fiz\u201d diye konu\u015ftu.<\/p>\n<p>Komisyonun \u015fimdi birinci toplant\u0131s\u0131n\u0131 yapmadan komitenin farkl\u0131 nedenlerle kuruldu\u011funa dair spek\u00fclasyonlar\u0131n yap\u0131ld\u0131\u011f\u0131n\u0131 belirten Do\u011fan, \u201cYarat\u0131lmak istenen alg\u0131lar\u0131n ya da buna d\u00f6n\u00fck y\u00fcr\u00fct\u00fclmek istenen tart\u0131\u015fmalar\u0131n ama\u00e7l\u0131 olmad\u0131\u011f\u0131n\u0131 bize kimse s\u00f6yleyemez. Buna da kimse inanmam\u0131z\u0131 beklemez. Komite \u00fczerinden s\u00fcren tart\u0131\u015fmalarla T\u00fcrkiye&#8217;nin onlarca y\u0131ld\u0131r biriktirdi\u011fi kutupla\u015fman\u0131n \u00f6fke siyasetinin nelere \u00fclkeyi maruz b\u0131rakt\u0131\u011f\u0131n\u0131 bir defa daha g\u00f6r\u00fcyoruz\u201d dedi.<\/p>\n<p>Do\u011fan, masa metaforunun konu\u015fuldu\u011funu belirterek, &#8221;Peki bug\u00fcne kadar T\u00fcrkiye&#8217;nin demokratikle\u015fmesi \u00f6n\u00fcnde en b\u00fcy\u00fck engelmi\u015f \u00fczere g\u00f6sterilen ve bu t\u00fcrl\u00fc tart\u0131\u015f\u0131lan bir silahs\u0131zlanma projesi kelam konusu ni\u00e7in bunu demokrasiden farkl\u0131 de\u011ferlendiriyoruz&#8221; diye sordu.<\/p>\n<p><b>TER\u00d6R \u00d6RG\u00dcT\u00dc PKK&#8217;NIN S\u0130LAH YAKMASI<\/b><\/p>\n<p>Ter\u00f6r \u00f6rg\u00fct\u00fc PKK\u2019n\u0131n \u201cgeri d\u00f6n\u00fc\u015fs\u00fcz bir karar verdi\u011fini s\u00f6yledi\u011fini&#8221; hat\u0131rlatan Do\u011fan, &#8221;\u00d6zg\u00fcr irade beyan\u0131yla silahlar\u0131n\u0131 yakarak imha etti\u011fini ve demokratik siyasete ge\u00e7i\u015f i\u00e7in hukuksal d\u00fczenleme beklediklerini s\u00f6yledikleri bir karar\u0131 tart\u0131\u015fmaktan dahi \u00e7ekinen bir \u00fclke resmi yarat\u0131yoruz. En ba\u015f\u0131nda s\u00f6z etmi\u015ftik, bu tarih\u00ee f\u0131rsat\u0131 kal\u0131c\u0131 hale getirmenin en de\u011ferli kavramlar\u0131ndan biri de ciddiyet, sorumluluk ve y\u00fcrek dedik. Cesurca tart\u0131\u015famaz, meseleleri y\u00fcrekle ortaya koyamaz, gereksinimlerimizi buna nazaran saptayamazsak bundan sonra ortak \u00e7abay\u0131 de birlikte yol alabilmek i\u00e7in nas\u0131l bir izle konu\u015fturabiliriz? Biz bu sorular\u0131 da kamuoyunun birebir vakitte takdirine b\u0131rak\u0131yoruz&#8221; dedi.<\/p>\n<p><b>&#8220;G\u00dc\u00c7LER\u0130M\u0130Z\u0130 B\u0130RLE\u015eT\u0130RMEYE MUHTA\u00c7LI\u011eIMIZ VAR&#8221;<\/b><\/p>\n<p><strong>Ay\u015feg\u00fcl Do\u011fan, \u015f\u00f6yle devam etti:<\/strong><\/p>\n<p>&#8220;30 y\u0131l mahpus yatm\u0131\u015f, infaz\u0131n\u0131 tamamlam\u0131\u015f lakin buna kar\u015f\u0131n Cezaevi M\u00fc\u015fahede ve Y\u00f6netim \u015euralar\u0131 m\u00fcnasebetiyle yani keyfi kararlarla tahliye edilmemi\u015f insanlar\u0131n neden hala mahpusta oldu\u011fu ile ilgilenilmeli. Bu \u00fclkede farkl\u0131 d\u00fc\u015f\u00fcnd\u00fckleri i\u00e7in be\u015ferler 30 y\u0131l mahpus yat\u0131yorlarsa bug\u00fcn onlar\u0131n tahliyeleri sevin\u00e7 nedeni de\u011fil, kayg\u0131 nedeni de\u011fil; birebir vakitte d\u00f6n\u00fcp geriye bakma, bunu ortaya \u00e7\u0131kan nedenlere bakma sorumlulu\u011fu ve yakla\u015f\u0131m\u0131n\u0131n nedeni olmal\u0131 ancak biz &#8217;30 y\u0131ll\u0131klar neden tahliye ediliyor&#8217; diye soruldu\u011funu g\u00f6r\u00fcyoruz. &#8216;Acaba art kap\u0131lar\u0131 gerisinde bir pazarl\u0131k yap\u0131ld\u0131 da bu y\u00fczden mi tahliye oluyorlar?&#8217; Haydi s\u00f6yleyenemeyeni de s\u00f6yleyelim. Bu yarg\u0131yla ve bu soruyla. Beklentimiz bu de\u011fil. Beklentimiz toplumun beklentisi ve toplumun beklentisi adaletin tesis edilmesi. Demokrasi hakk\u0131n\u0131n herkesin hakk\u0131 oldu\u011funu savunmas\u0131, hayat hakk\u0131n\u0131n herkesin hakk\u0131n\u0131n oldu\u011funu savunmas\u0131, bunun i\u00e7in yan yana gelmek. G\u00fc\u00e7lerimizi birle\u015ftirmeye muhta\u00e7l\u0131\u011f\u0131m\u0131z var, birbirimizi zay\u0131flatmaya gereksinimimiz yok. O y\u00fczden Meclis\u2019te kurulacak olan komiteye da bu t\u00fcrl\u00fc yakla\u015fmak gerekli.<\/p>\n<p><b>\u00d6ZG\u00dcR \u00d6ZEL&#8217;E YANIT<\/b><\/p>\n<p>\u015eimdi kim Diyarbak\u0131r&#8217;da demokrasi oldu\u011funu arg\u00fcman edebilir? Kim Van&#8217;da demokrasi oldu\u011funu sav edebilir? Nerede bir \u00fclkenin neresinde bir demokratikle\u015fme oldu\u011fu da bizim haberimiz yok. Onlarca y\u0131ld\u0131r kayyumla y\u00f6netilen kentlerden bahsediyoruz. Apa\u00e7\u0131k ortada duran kayyum y\u0131k\u0131mlar\u0131ndan bahsediyoruz. Bak\u0131n\u0131z \u015e\u0131rnak&#8217;ta dur durak bilmeyen ekolojik k\u0131r\u0131mdan bahsediyoruz. Bu mu demokratikle\u015fme? Bu mu demokrasi? Art\u0131k \u015fayet siz &#8216;Diyarbak\u0131r&#8217;da demokrasi, \u0130stanbul&#8217;da otokrasi olmaz&#8217; derseniz hakl\u0131 olarak Diyarbak\u0131r&#8217;da, Van&#8217;da, Mardin&#8217;de, \u015e\u0131rnak&#8217;ta ya\u015fayan be\u015ferler, &#8216;buraya demokrasi geldi de biz mi g\u00f6rmedik? Onlarca y\u0131ld\u0131r demokrasi m\u00fccadelesindeyiz&#8217; diye sorarlar. Gayretimiz hem \u0130zmir i\u00e7in, hem \u0130stanbul i\u00e7in, hem \u015e\u0131rnak i\u00e7in, hem Diyarbak\u0131r i\u00e7in, hem Edirne i\u00e7in, hem Yozgat i\u00e7indir. Hi\u00e7bir fark g\u00f6zetmeden ne lisan, ne din, ne \u0131rk, ne kimlik fark\u0131, herkesin e\u015fit oldu\u011fu, e\u015fit hissetti\u011fi bir hayat tasavvurundan bahsediyoruz ve bunu ger\u00e7ekle\u015ftirmek i\u00e7in u\u011fra\u015f ediyoruz.<\/p>\n<p><b>&#8220;B\u0130Z\u0130M L\u0130SANIMIZ SON DERECE A\u00c7IK&#8221;<\/b><\/p>\n<p>Bize daima bir sorumlu lisan uyar\u0131s\u0131 yap\u0131l\u0131yor. Bir nevi had bildirilmeye \u00e7al\u0131\u015f\u0131l\u0131yor ya da hudut g\u00f6sterilmeye \u00e7al\u0131\u015f\u0131l\u0131yor. Bu \u00f6l\u00e7\u00fcler i\u00e7erisinde konu\u015facaks\u0131n\u0131z. Bu s\u0131n\u0131rlarda siyaset yap\u0131lacak. Parti Meclisimizin yaz\u0131l\u0131 olarak kamuoyu ile payla\u015ft\u0131\u011f\u0131 sonu\u00e7 bildirgesinde de var. Daha \u00f6nce Merkez Y\u00fcr\u00fctme Kurulu tart\u0131\u015fmalar\u0131m\u0131z sonras\u0131nda da s\u00f6z etmi\u015ftik. Biz son derece sorumlu bir lisan kullan\u0131yoruz. Son derece yapan, kucaklay\u0131c\u0131, kapsay\u0131c\u0131, birle\u015ftirici bir lisan kullan\u0131yoruz. Fakat bize bu uyar\u0131y\u0131 yapanlar ya da bize bu uyar\u0131y\u0131 yapmaya kalk\u0131\u015fanlar diye evvel d\u00f6n\u00fcp kendi kulland\u0131klar\u0131 lisana bir baks\u0131nlar. Bu lisan\u0131n yeni bir s\u00fcre\u00e7 in\u015fas\u0131na giri\u015filiyor. Bizim lisan\u0131m\u0131z son derece a\u00e7\u0131k. Birinci g\u00fcn neyse bug\u00fcn de o. Hakikatin lisan\u0131n\u0131 kullan\u0131yoruz. Olan\u0131 biteni t\u00fcm \u00e7\u0131plakl\u0131\u011f\u0131yla ortaya koyabilme hamasetini g\u00f6steriyoruz. Herkesi bu hamaseti g\u00f6sterebilmeye davet ediyoruz. Herkesi birebir yap\u0131c\u0131l\u0131\u011fa, t\u0131pk\u0131 kucaklay\u0131c\u0131l\u0131\u011fa, t\u0131pk\u0131 kapsay\u0131c\u0131l\u0131\u011fa, t\u0131pk\u0131 birle\u015ftiricili\u011fe, t\u0131pk\u0131 hassasiyete davet ediyoruz. Bu hassasiyeti g\u00f6stermeyenlerin bize ikaz yapma \u00fczere bir haklar\u0131 yok.<\/p>\n<p><b>NE OLMU\u015eTU?<\/b><\/p>\n<p>Cumhuriyet Halk Partisi (CHP) Genel Lideri \u00d6zg\u00fcr \u00d6zel, 23 Temmuz&#8217;da CHP Cumhurba\u015fkan\u0131 Aday\u0131 ve tutuklu \u0130BB Ba\u015fkan\u0131 Ekrem \u0130mamo\u011flu, Adana B\u00fcy\u00fck\u015fehir Belediye Lideri Zeydan Karalar, vazifeden al\u0131nan \u015ei\u015fli Belediye Ba\u015fkan\u0131 Resul Emrah \u015eahan ile Be\u015fikta\u015f Belediye Ba\u015fkan\u0131 R\u0131za Akpolat&#8217;\u0131 ziyaret etmi\u015f ve ziyaretin akabinde yapt\u0131\u011f\u0131 a\u00e7\u0131klamada Meclis&#8217;te kurulmas\u0131 planlanan kurula ait &#8220;Diyarbak\u0131r&#8217;da demokrasi, \u0130stanbul&#8217;da otokrasi&#8221; yorumunda bulunmu\u015ftu.<\/p>\n","protected":false},"excerpt":{"rendered":"<p>DEM Parti S\u00f6zc\u00fcs\u00fc Ay\u015feg\u00fcl Do\u011fan, CHP lideri \u00d6zg\u00fcr \u00d6zel&#8217;in, &#8216;Diyarbak\u0131r&#8217;da demokrasi, \u0130stanbul&#8217;da otokrasi olmaz&#8217; kelamlar\u0131na cevap verdi.<\/p>\n","protected":false},"author":1,"featured_media":62743,"comment_status":"open","ping_status":"open","sticky":false,"template":"","format":"standard","meta":{"footnotes":""},"categories":[25],"tags":[255,610,2860,145,1123],"class_list":["post-62742","post","type-post","status-publish","format-standard","has-post-thumbnail","hentry","category-gundem","tag-dem","tag-dil","tag-dogan","tag-ulke","tag-yan"],"_links":{"self":[{"href":"https:\/\/ikimisli.tr\/index.php\/wp-json\/wp\/v2\/posts\/62742","targetHints":{"allow":["GET"]}}],"collection":[{"href":"https:\/\/ikimisli.tr\/index.php\/wp-json\/wp\/v2\/posts"}],"about":[{"href":"https:\/\/ikimisli.tr\/index.php\/wp-json\/wp\/v2\/types\/post"}],"author":[{"embeddable":true,"href":"https:\/\/ikimisli.tr\/index.php\/wp-json\/wp\/v2\/users\/1"}],"replies":[{"embeddable":true,"href":"https:\/\/ikimisli.tr\/index.php\/wp-json\/wp\/v2\/comments?post=62742"}],"version-history":[{"count":1,"href":"https:\/\/ikimisli.tr\/index.php\/wp-json\/wp\/v2\/posts\/62742\/revisions"}],"predecessor-version":[{"id":62744,"href":"https:\/\/ikimisli.tr\/index.php\/wp-json\/wp\/v2\/posts\/62742\/revisions\/62744"}],"wp:featuredmedia":[{"embeddable":true,"href":"https:\/\/ikimisli.tr\/index.php\/wp-json\/wp\/v2\/media\/62743"}],"wp:attachment":[{"href":"https:\/\/ikimisli.tr\/index.php\/wp-json\/wp\/v2\/media?parent=62742"}],"wp:term":[{"taxonomy":"category","embeddable":true,"href":"https:\/\/ikimisli.tr\/index.php\/wp-json\/wp\/v2\/categories?post=62742"},{"taxonomy":"post_tag","embeddable":true,"href":"https:\/\/ikimisli.tr\/index.php\/wp-json\/wp\/v2\/tags?post=62742"}],"curies":[{"name":"wp","href":"https:\/\/api.w.org\/{rel}","templated":true}]}}