{"id":62793,"date":"2025-08-01T15:33:22","date_gmt":"2025-08-01T15:33:22","guid":{"rendered":"https:\/\/ikimisli.tr\/?p=62793"},"modified":"2025-08-01T15:33:22","modified_gmt":"2025-08-01T15:33:22","slug":"yedigi-kumpir-sonu-olmustu-mahkemede-carpici-detaylar-ortaya-cikti","status":"publish","type":"post","link":"https:\/\/ikimisli.tr\/index.php\/2025\/08\/01\/yedigi-kumpir-sonu-olmustu-mahkemede-carpici-detaylar-ortaya-cikti\/","title":{"rendered":"Yedi\u011fi kumpir sonu olmu\u015ftu:  Mahkemede \u00e7arp\u0131c\u0131 detaylar ortaya \u00e7\u0131kt\u0131"},"content":{"rendered":"<p>\u0130zmir&#8217;in Buca il\u00e7esinde 60 ya\u015f\u0131ndaki Servet Polat&#8217;\u0131n kumpirden zehirlenmesi sonucu hayat\u0131n\u0131 kaybetmesine ait davada i\u015f yeri sahibi Neslihan Demircan, duru\u015fmada, &#8220;Bile isteye hi\u00e7bir \u015fey yapmad\u0131k. Vefat haberini ald\u0131\u011f\u0131m\u0131zdan beri uyku ilac\u0131yla uyuyorum. Eserleri g\u00fcnl\u00fck olarak al\u0131rd\u0131k. Her \u015feyin faturas\u0131 mevcuttur. O g\u00fcn kumpiri ben haz\u0131rlad\u0131m. Salmonella m\u0131s\u0131rda \u00e7\u0131kt\u0131&#8221; dedi.<\/p>\n<p>Olay, 28 Aral\u0131k 2024 y\u0131l\u0131nda meydana geldi. Servet Polat, beraberinde k\u0131z\u0131 Bahar Zeyrek ve torunu G\u00f6khan Zeyrek (11) ile Buca il\u00e7esi Efeler Mahallesi&#8217;ndeki bir i\u015fletmede kumpir yedi. Kusma ve ishal nedeniyle rahats\u0131zlanan aile, Buca Seyfi Demirsoy E\u011fitim ve Ara\u015ft\u0131rma Hastanesi&#8217;ne gitti. Servet Polat&#8217;\u0131n 30 Aral\u0131k saat 04.00&#8217;te konutunda meyyit bulunmas\u0131 sonras\u0131 \u0130zmir Cumhuriyet Ba\u015fsavc\u0131l\u0131\u011f\u0131 soru\u015fturma ba\u015flatt\u0131. Soru\u015fturma kapsam\u0131nda g\u00f6zalt\u0131na al\u0131nan i\u015fletme sahibi Neslihan Demircan &#8216;Taksirle vefata neden olma&#8217; kabahatinden tutukland\u0131. Neslihan Demircan&#8217;\u0131n i\u015fletti\u011fi i\u015f yerinden kumpir yedikten sonra rahats\u0131zland\u0131\u011f\u0131n\u0131 belirten 4 ki\u015fi de hastanedeki tedavilerinin akabinde polis merkezine giderek \u015fikayet\u00e7i oldu.<\/p>\n<p><b>SALMONELLA BAKTER\u0130S\u0130 \u00c7IKTI<\/b><\/p>\n<p>Olay\u0131n akabinde ba\u015flat\u0131lan soru\u015fturma kapsam\u0131nda Adli T\u0131p Kurumu 1&#8217;inci \u0130htisas Heyeti&#8217;nden al\u0131nan raporda; Polat&#8217;\u0131n i\u00e7 organlar\u0131nda makroskopik ve histopatolojik tetkikler ile mevtin meydana geli\u015f formu birlikte de\u011ferlendirildi\u011finde mevtin besin zehirlenmesi sonucu meydana geldi\u011finin belirlendi\u011fi tabir edildi. Tar\u0131m ve Orman Bakanl\u0131\u011f\u0131 \u0130zmir G\u0131da Kontrol Laboratuvar M\u00fcd\u00fcrl\u00fc\u011f\u00fc&#8217;n\u00fcn muayene ve tahlil raporunda, al\u0131nan kumpir numunesinde salmonella bakterisi bulundu\u011fu ortaya \u00e7\u0131kt\u0131. S\u00f6zler ve toplanan kan\u0131tlar \u0131\u015f\u0131\u011f\u0131nda i\u015f yeri sahibi Demircan hakk\u0131nda &#8216;Taksirle mevte neden olma&#8217; hatas\u0131ndan 15 y\u0131la kadar ve &#8216;Bozulmu\u015f yahut de\u011fi\u015ftirilmi\u015f besin ticareti&#8217; c\u00fcrm\u00fc nedeniyle de 5 y\u0131la kadar mahpus cezas\u0131 istemiyle dava a\u00e7\u0131ld\u0131.<\/p>\n<p><b>&#8216;\u00dcR\u00dcNLER\u0130 G\u00dcNL\u00dcK ALIYORDUK&#8217;<\/b><\/p>\n<p>San\u0131k Neslihan Demircan, bug\u00fcn \u0130zmir 17&#8217;nci A\u011f\u0131r Ceza Mahkemesi&#8217;nde hakim kar\u015f\u0131s\u0131na \u00e7\u0131kt\u0131. Duru\u015fmaya tutuklu san\u0131k Demircan&#8217;\u0131n yan\u0131 s\u0131ra Polat&#8217;\u0131n ve san\u0131\u011f\u0131n yak\u0131nlar\u0131n\u0131n yan\u0131 s\u0131ra avukatlar kat\u0131ld\u0131. Duru\u015fmada birinci olarak san\u0131k Demircan&#8217;a kelam verildi. Demircan, &#8220;Hi\u00e7bir eserimizin g\u00fcn\u00fc ge\u00e7mi\u015f de\u011fil. Hijyene \u00e7ok dikkat ederiz. Olaydan bir hafta evvel denetlendik. Hatta onlara da kumpir ikram ettik ve yediler. Han\u0131mefendinin vefat\u0131 sebebiyle \u00e7ok \u00fczg\u00fcn\u00fcm. Bile isteye hi\u00e7bir \u015fey yapmad\u0131k. E\u015fimle birlikte \u00e7al\u0131\u015f\u0131yorduk. Vefat haberini ald\u0131\u011f\u0131m\u0131zdan beri uyku ilac\u0131yla uyuyorum. \u00c7ok \u00fczg\u00fcn\u00fcm. Eserleri g\u00fcnl\u00fck olarak al\u0131rd\u0131k. Her \u015feyin faturas\u0131 mevcuttur. O g\u00fcn kumpiri ben haz\u0131rlad\u0131m. Salmonella m\u0131s\u0131rda \u00e7\u0131kt\u0131. \u00c7ocuklar\u0131ma yedirmedi\u011fim hi\u00e7bir \u015feyi satmad\u0131m&#8221; dedi.<\/p>\n<p><b>&#8216;ALLAH K\u0130MSEYE YA\u015eATMASIN&#8217;<\/b><\/p>\n<p>Duru\u015fmada kelam verilen Polat&#8217;\u0131n k\u0131z\u0131 Bahar Zeyrek, san\u0131k Demircan&#8217;dan \u015fikayet\u00e7i oldu\u011funu s\u00f6yledi. G\u00f6zya\u015flar\u0131n\u0131 tutamayan Zeyrek, &#8220;L\u00fctfen annemin hakk\u0131n\u0131 yerde b\u0131rakmay\u0131n. Eserleri g\u00fcnl\u00fck ald\u0131\u011f\u0131n\u0131 s\u00f6yl\u00fcyor fakat o firmalardan eser alan \u00f6teki yerlerde neden kimse zehirlenmedi? &#8216;Salmonella m\u0131s\u0131rda vard\u0131&#8217; diyor lakin biz m\u0131s\u0131r yememi\u015ftik. Annem bir g\u00fcnde 6 g\u00fcnde kilo verdi. Tuvalette cesedini buldum. Allah kimseye ya\u015fatmas\u0131n. Ben ve o\u011flum da zehirlendik&#8221; diye konu\u015ftu. Polat&#8217;\u0131n o\u011flu Murat Polat da san\u0131k Demircan&#8217;dan \u015fikayet\u00e7i oldu\u011funu belirtti.<\/p>\n<p><b>&#8216;GECE RAHATSIZLANDIK&#8217;<\/b><\/p>\n<p>Polat&#8217;\u0131n \u00e7ocuklar\u0131n\u0131n yan\u0131 s\u0131ra t\u0131pk\u0131 tarihlerde birebir i\u015f yerinde kumpir yiyip zehirlenen \u015fikayet\u00e7iler de duru\u015fmada dinlenildi. \u015eikayet\u00e7ilerden Didem \u015e., &#8220;Ayn\u0131 tarihlerde e\u015fim, o\u011flum ve ben de oradan kumpir yedik. Sonras\u0131nda gece rahats\u0131zland\u0131k. Hastaneye gittik ve serum verdiler. Taburcu olduktan sonra e\u015fim ve o\u011flum tekrar rahats\u0131zland\u0131&#8221; dedi.<\/p>\n<p><b>&#8216;BENCE \u00c7ARPAZ BULA\u015e VARDI&#8217;<\/b><\/p>\n<p>Bir ba\u015fka \u015fikayet\u00e7i \u0130stek E. ise &#8220;E\u015fim, o\u011flum ve ben de t\u0131pk\u0131 tarihlerde kumpir yedik. Bence \u00e7apraz bula\u015f vard\u0131. Ak\u015fam\u00fczeri evvel o\u011flum rahats\u0131zland\u0131. Urla Devlet Hastanesi&#8217;ne g\u00f6t\u00fcrd\u00fcm ve serum tak\u0131ld\u0131. Gece yar\u0131s\u0131 meskene d\u00f6nd\u00fckten sonra e\u015fim ve ben de rahats\u0131zland\u0131k. Ate\u015fimiz 40 dereceyi a\u015ft\u0131. O\u011flum, &#8216;\u00f6lmek istiyorum&#8217; diye ba\u011f\u0131r\u0131yordu. 3 g\u00fcn boyunca \u015fuurum yoktu. Hastanelerde serum tak\u0131p yollad\u0131lar. Zehirlenme olay\u0131m\u0131z 8 g\u00fcn s\u00fcrd\u00fc. Kom\u015fular\u0131m\u0131z bize bakt\u0131&#8221; diye konu\u015ftu.<\/p>\n<p><b>&#8216;\u00dcR\u00dcNLER\u0130 DE\u011e\u0130\u015eT\u0130RMELER\u0130N\u0130 S\u00d6YLED\u0130M&#8217;<\/b><\/p>\n<p>\u0130\u015fletmede kumpir yedikten sonra zehirlenen vatanda\u015flardan Deniz K., i\u015fletmeyi aray\u0131p durumu bildirdi\u011fini belirtip, &#8220;\u0130\u015fletmeden kumpir yiyip, birinci zehirlenenlerden biriyim. Sonraki g\u00fcn i\u015f yerini arad\u0131m ve zehirlendi\u011fimi s\u00f6yleyip eserleri de\u011fi\u015ftirmelerini s\u00f6yledim. \u015eayet ben arad\u0131ktan sonra eserleri de\u011fi\u015ftirselerdi; kimse \u00f6lmeyecekti&#8221; dedi. Bunun \u00fczerine kelam verilen san\u0131k, telefon konu\u015fmas\u0131n\u0131n akabinde eserleri de\u011fi\u015ftirdiklerini savundu.<\/p>\n<p><b>&#8216;2 G\u00dcN HAFIZAMDA YOK&#8217;<\/b><\/p>\n<p>\u015eikayet\u00e7i H\u00fclya D., &#8220;Ak\u015fam saatlerinde kumpir yedim. Konuta gittim uyudum. Sabaha kar\u015f\u0131 rahats\u0131zland\u0131m. Hastaneye g\u00f6t\u00fcrm\u00fc\u015fler ancak hat\u0131rlam\u0131yorum. 2 g\u00fcn haf\u0131zamda yok. E\u015fim daha evvel vefat etti. Bana bir \u015fey olsa 3 \u00e7ocu\u011fuma kim bakacakt\u0131&#8221; dedi.<\/p>\n<p><b>&#8216;\u0130LK\u0130N\u0130 C\u0130DD\u0130YE ALMADIK&#8217;<\/b><\/p>\n<p>San\u0131\u011f\u0131n i\u015f yerinde birlikte \u00e7al\u0131\u015ft\u0131\u011f\u0131 e\u015fi Co\u015fkun Demircan da duru\u015fmada \u015fahit olarak dinlendi. Demircan, &#8220;28 Aral\u0131k&#8217;ta eserleri teslim al\u0131p kulland\u0131k. Bize gelen telefonlarla zehirlenmeleri \u00f6\u011frendik. Birincisini ciddiye almad\u0131k. Birka\u00e7 bireyden daha duyunca i\u015f yerini kendi iste\u011fimizle kapatt\u0131k&#8221; diye konu\u015ftu. Demircan&#8217;\u0131n tabiri \u00fczerine kelam alan Polat&#8217;\u0131n k\u0131z\u0131 Bahar Zeyrek, &#8220;\u0130\u015f yeri 31 Aral\u0131k tarihine kadar a\u00e7\u0131k kalm\u0131\u015ft\u0131r ve yetkililerce kapat\u0131ld\u0131&#8221; dedi. Demircan ise i\u015f yerini kendi ald\u0131klar\u0131 kararla kapat\u0131ld\u0131\u011f\u0131n\u0131 yineledi.<\/p>\n<p><b>E\u015e\u0130 HAKKINDA KABAHAT DUYURUSU<\/b><\/p>\n<p>Savunmalar\u0131n akabinde heyet, orta karar\u0131n\u0131 a\u00e7\u0131klad\u0131. Demircan&#8217;\u0131n tutukluluk halinin devam\u0131na karar veren heyet, i\u015f yerinde birlikte \u00e7al\u0131\u015ft\u0131klar\u0131 e\u015fi Co\u015fkun Demircan hakk\u0131nda kabahat duyurusunda bulunulmas\u0131na ve belgedeki eksikliklerin giderilmesine h\u00fckmedip, duru\u015fmay\u0131 20 Kas\u0131m&#8217;a erteledi.\u00a0<\/p>\n","protected":false},"excerpt":{"rendered":"<p>\u0130zmir&#8217;de bir ki\u015finin yedi\u011fi kumpirden zehirlenmesi sonucu \u00f6mr\u00fcn\u00fc yitirmesine ait davada yeni ayr\u0131nt\u0131lar ortaya \u00e7\u0131kt\u0131.<\/p>\n","protected":false},"author":1,"featured_media":62794,"comment_status":"open","ping_status":"open","sticky":false,"template":"","format":"standard","meta":{"footnotes":""},"categories":[25],"tags":[5150,89,117,1593,2504],"class_list":["post-62793","post","type-post","status-publish","format-standard","has-post-thumbnail","hentry","category-gundem","tag-demircan","tag-gun","tag-is-yeri","tag-kumpir","tag-urunleri"],"_links":{"self":[{"href":"https:\/\/ikimisli.tr\/index.php\/wp-json\/wp\/v2\/posts\/62793","targetHints":{"allow":["GET"]}}],"collection":[{"href":"https:\/\/ikimisli.tr\/index.php\/wp-json\/wp\/v2\/posts"}],"about":[{"href":"https:\/\/ikimisli.tr\/index.php\/wp-json\/wp\/v2\/types\/post"}],"author":[{"embeddable":true,"href":"https:\/\/ikimisli.tr\/index.php\/wp-json\/wp\/v2\/users\/1"}],"replies":[{"embeddable":true,"href":"https:\/\/ikimisli.tr\/index.php\/wp-json\/wp\/v2\/comments?post=62793"}],"version-history":[{"count":1,"href":"https:\/\/ikimisli.tr\/index.php\/wp-json\/wp\/v2\/posts\/62793\/revisions"}],"predecessor-version":[{"id":62795,"href":"https:\/\/ikimisli.tr\/index.php\/wp-json\/wp\/v2\/posts\/62793\/revisions\/62795"}],"wp:featuredmedia":[{"embeddable":true,"href":"https:\/\/ikimisli.tr\/index.php\/wp-json\/wp\/v2\/media\/62794"}],"wp:attachment":[{"href":"https:\/\/ikimisli.tr\/index.php\/wp-json\/wp\/v2\/media?parent=62793"}],"wp:term":[{"taxonomy":"category","embeddable":true,"href":"https:\/\/ikimisli.tr\/index.php\/wp-json\/wp\/v2\/categories?post=62793"},{"taxonomy":"post_tag","embeddable":true,"href":"https:\/\/ikimisli.tr\/index.php\/wp-json\/wp\/v2\/tags?post=62793"}],"curies":[{"name":"wp","href":"https:\/\/api.w.org\/{rel}","templated":true}]}}