{"id":62886,"date":"2025-08-01T20:57:24","date_gmt":"2025-08-01T20:57:24","guid":{"rendered":"https:\/\/ikimisli.tr\/?p=62886"},"modified":"2025-08-01T20:57:24","modified_gmt":"2025-08-01T20:57:24","slug":"bakan-yumaklidan-endiselendiren-aciklama-teyakkuzdayiz-dedi-tarih-verdi","status":"publish","type":"post","link":"https:\/\/ikimisli.tr\/index.php\/2025\/08\/01\/bakan-yumaklidan-endiselendiren-aciklama-teyakkuzdayiz-dedi-tarih-verdi\/","title":{"rendered":"Bakan Yumakl\u0131&#8217;dan endi\u015felendiren a\u00e7\u0131klama: &#8216;Teyakkuzday\u0131z&#8217; dedi, tarih verdi"},"content":{"rendered":"<p>Tar\u0131m ve Orman Bakan\u0131 \u0130brahim Yumakl\u0131, orman yang\u0131nlar\u0131yla \u00e7abada devlet ve milletin g\u00fc\u00e7l\u00fc dayan\u0131\u015fmas\u0131n\u0131n s\u00fcrece\u011fini belirtti. Bakan Yumakl\u0131, iklim de\u011fi\u015fikli\u011fi nedeniyle yang\u0131n riskinin ekim ay\u0131na kadar devam edece\u011fini vurgulad\u0131.<\/p>\n<p>Tar\u0131m ve Orman Bakan\u0131 \u0130brahim Yumakl\u0131, sosyal medya hesab\u0131ndan, Cumhurba\u015fkan\u0131 Yard\u0131mc\u0131s\u0131 Cevdet Y\u0131lmaz ba\u015fkanl\u0131\u011f\u0131nda ger\u00e7ekle\u015ftirilen Orman Yang\u0131nlar\u0131yla \u00c7aba Uyum ve K\u0131ymetlendirme Toplant\u0131s\u0131&#8217;na ait a\u00e7\u0131klama yapt\u0131.<\/p>\n<p>Toplant\u0131n\u0131n, Bakanl\u0131\u011fa ba\u011fl\u0131 Orman Genel M\u00fcd\u00fcrl\u00fc\u011f\u00fc Yang\u0131n \u0130dare Merkezi&#8217;nde yap\u0131ld\u0131\u011f\u0131n\u0131 belirten Yumakl\u0131, toplant\u0131ya, Adalet Bakan\u0131 Y\u0131lmaz Tun\u00e7, \u00c7evre, \u015eehircilik ve \u0130klim De\u011fi\u015fikli\u011fi Bakan\u0131 Murat Kurum, Enerji ve Tabii Kaynaklar Bakan\u0131 Alparslan Bayraktar, \u0130\u00e7i\u015fleri Bakan\u0131 Ali Yerlikaya, Sanayi ve Teknoloji Bakan\u0131 Mehmet Fatih Kac\u0131r, Cumhurba\u015fkanl\u0131\u011f\u0131 \u0130rtibat Lideri Burhanettin Duran, Ula\u015ft\u0131rma ve Altyap\u0131 Bakan Yard\u0131mc\u0131s\u0131 Enver \u0130skurt ile Afet ve Acil Durum Y\u00f6netimi Ba\u015fkan\u0131 Ali Hamza Pehlivan&#8217;\u0131n kat\u0131ld\u0131\u011f\u0131n\u0131 s\u00f6z etti.<\/p>\n<p>Yumakl\u0131, iklim de\u011fi\u015fikli\u011finin tesiriyle artan s\u0131cakl\u0131klar, d\u00fc\u015f\u00fck nem oran\u0131 ve kuvvetli r\u00fczgarlar nedeniyle orman yang\u0131n\u0131 riskinin ekim ay\u0131na kadar devam edece\u011fini belirtti.<\/p>\n<p>Bu nedenle alandaki t\u00fcm tak\u0131mlarla daima teyakkuz halinde olduklar\u0131n\u0131 vurgulayan Yumakl\u0131, \u015funlar\u0131 kaydetti:<\/p>\n<p>&#8220;Bug\u00fcn ger\u00e7ekle\u015ftirdi\u011fimiz toplant\u0131da, Bakanl\u0131\u011f\u0131m\u0131z\u0131n orman yang\u0131nlar\u0131yla u\u011fra\u015fta yapt\u0131\u011f\u0131 \u00e7al\u0131\u015fmalar\u0131 ilgili bakanlar\u0131m\u0131zla payla\u015ft\u0131k. Ge\u00e7mi\u015fte oldu\u011fu \u00fczere bug\u00fcn de u\u011fra\u015f\u0131m\u0131z, devlet ve milletin omuz omuza verdi\u011fi g\u00fc\u00e7l\u00fc bir dayan\u0131\u015fmayla s\u00fcrd\u00fcr\u00fclecektir. Ye\u015fil Vatan&#8217;\u0131m\u0131z\u0131 korumak i\u00e7in g\u00fc\u00e7l\u00fc kurumsal i\u015fbirli\u011fiyle hem haz\u0131rl\u0131k hem m\u00fcdahale kapasitemizi daima akt\u00fcel tutuyoruz. Vatanda\u015flar\u0131m\u0131zdan da bu s\u00fcre\u00e7te hassasl\u0131k bekliyoruz. K\u00fc\u00e7\u00fck bir ihmalin b\u00fcy\u00fck felaketlere yol a\u00e7abilece\u011fini unutmadan hareket etmek hepimizin ortak sorumlulu\u011fudur.&#8221;<\/p>\n","protected":false},"excerpt":{"rendered":"<p>T\u00fcrkiye&#8217;deki orman yang\u0131nlar\u0131yla ilgili konu\u015fan Bakan \u0130brahim Yumakl\u0131, iklim de\u011fi\u015fikli\u011finin tesiriyle artan s\u0131cakl\u0131k, d\u00fc\u015f\u00fck nem ve r\u00fczgarlar\u0131n orman riskini ekim ay\u0131na kadar s\u00fcrd\u00fcrece\u011fini s\u00f6yledi.<\/p>\n","protected":false},"author":1,"featured_media":62887,"comment_status":"open","ping_status":"open","sticky":false,"template":"","format":"standard","meta":{"footnotes":""},"categories":[25],"tags":[262,505,64,264],"class_list":["post-62886","post","type-post","status-publish","format-standard","has-post-thumbnail","hentry","category-gundem","tag-bakan","tag-orman","tag-yangin","tag-yumakli"],"_links":{"self":[{"href":"https:\/\/ikimisli.tr\/index.php\/wp-json\/wp\/v2\/posts\/62886","targetHints":{"allow":["GET"]}}],"collection":[{"href":"https:\/\/ikimisli.tr\/index.php\/wp-json\/wp\/v2\/posts"}],"about":[{"href":"https:\/\/ikimisli.tr\/index.php\/wp-json\/wp\/v2\/types\/post"}],"author":[{"embeddable":true,"href":"https:\/\/ikimisli.tr\/index.php\/wp-json\/wp\/v2\/users\/1"}],"replies":[{"embeddable":true,"href":"https:\/\/ikimisli.tr\/index.php\/wp-json\/wp\/v2\/comments?post=62886"}],"version-history":[{"count":1,"href":"https:\/\/ikimisli.tr\/index.php\/wp-json\/wp\/v2\/posts\/62886\/revisions"}],"predecessor-version":[{"id":62888,"href":"https:\/\/ikimisli.tr\/index.php\/wp-json\/wp\/v2\/posts\/62886\/revisions\/62888"}],"wp:featuredmedia":[{"embeddable":true,"href":"https:\/\/ikimisli.tr\/index.php\/wp-json\/wp\/v2\/media\/62887"}],"wp:attachment":[{"href":"https:\/\/ikimisli.tr\/index.php\/wp-json\/wp\/v2\/media?parent=62886"}],"wp:term":[{"taxonomy":"category","embeddable":true,"href":"https:\/\/ikimisli.tr\/index.php\/wp-json\/wp\/v2\/categories?post=62886"},{"taxonomy":"post_tag","embeddable":true,"href":"https:\/\/ikimisli.tr\/index.php\/wp-json\/wp\/v2\/tags?post=62886"}],"curies":[{"name":"wp","href":"https:\/\/api.w.org\/{rel}","templated":true}]}}