{"id":62907,"date":"2025-08-01T22:21:20","date_gmt":"2025-08-01T22:21:20","guid":{"rendered":"https:\/\/ikimisli.tr\/?p=62907"},"modified":"2025-08-01T22:21:20","modified_gmt":"2025-08-01T22:21:20","slug":"madimak-oteli-katliaminin-saniklarindan-adem-kozunun-cezasi-kaldirildi","status":"publish","type":"post","link":"https:\/\/ikimisli.tr\/index.php\/2025\/08\/01\/madimak-oteli-katliaminin-saniklarindan-adem-kozunun-cezasi-kaldirildi\/","title":{"rendered":"Mad\u0131mak Oteli katliam\u0131n\u0131n san\u0131klar\u0131ndan Adem Kozu&#8217;nun cezas\u0131 kald\u0131r\u0131ld\u0131"},"content":{"rendered":"<p>Cumhurba\u015fkan\u0131 Recep Tayyip Erdo\u011fan&#8217;\u0131n imzas\u0131yla Resmi Gazete&#8217;de yay\u0131mlanan Cumhurba\u015fkan\u0131 Karar\u0131&#8217;na ile, Sivas Mad\u0131mak katliam\u0131 mahkumu Adem Kozu\u2019nun kalan cezas\u0131 &#8220;s\u00fcrekli hastal\u0131k hali&#8221;gerek\u00e7esiyle kald\u0131r\u0131ld\u0131.<\/p>\n<p><img decoding=\"async\" src=\"https:\/\/ikimisli.tr\/wp-content\/uploads\/2025\/08\/madimak-oteli-katliaminin-saniklarindan-adem-kozunun-cezasi-kaldirildi-0-8W79xHDG.jpeg\"\/><\/p>\n<p>Ayr\u0131ca yay\u0131mlanan kararlarla, Anayasal nizam\u0131 ortadan kald\u0131rmaya te\u015febb\u00fcs c\u00fcrm\u00fcnden a\u011f\u0131rla\u015ft\u0131r\u0131lm\u0131\u015f m\u00fcebbet mahpus cezas\u0131 alan h\u00fck\u00fcml\u00fc Mehmet Tun\u00e7\u2019un kalan cezas\u0131 &#8220;Kocama hali&#8221; kapsam\u0131nda, ruhsats\u0131z ate\u015fli silah bulundurma ve tasarlayarak adam \u00f6ld\u00fcrme hatas\u0131ndan a\u011f\u0131rla\u015ft\u0131r\u0131lm\u0131\u015f m\u00fcebbet mahpus cezas\u0131 alan Ali Kapu\u2019nun kalan cezas\u0131, &#8220;s\u00fcrekli hastal\u0131k hali kapsam\u0131nda&#8221;,<\/p>\n<p>Bir kimseyi fuhu\u015fa te\u015ffik etme yahut yapt\u0131rma yahut arac\u0131l\u0131k, c\u00fcr\u00fcm i\u015flemek gayesiyle \u00f6rg\u00fct kurma, kabahat \u00f6rg\u00fctlerinin isimlerini kullanarak tehditte bulunma ve taamm\u00fcden \u00f6ld\u00fcrme hatas\u0131ndan m\u00fcebbet mahpus cezas\u0131 alan Mustafa \u015eahbudak &#8216;\u0131n kalan cezas\u0131 &#8220;Sakatl\u0131k hali\u201d kapsam\u0131nda,<\/p>\n<p>Su\u00e7 i\u015flemek emeliyle \u00f6rg\u00fct kurmak ve bir kimseyi fuhu\u015fa te\u015fvik etmek yahut yapt\u0131rma hatas\u0131ndan cezas\u0131 bulunan Mahmut Altun\u2019un kalan cezas\u0131 &#8220;kocama hali&#8221; kapsam\u0131nda, uyu\u015fturucu yahut uyar\u0131c\u0131 unsur ticareti yapan ve zincirleme olarak bir kimseyi fuhu\u015fa te\u015ffik etmek c\u00fcr\u00fcmlerinden ceza alan h\u00fck\u00fcml\u00fc Serkan \u015eencan\u2019un kalan cezas\u0131, &#8220;s\u00fcrekli hastal\u0131k ve sakatl\u0131k hali&#8221; kapsam\u0131nda,<\/p>\n<p>Kasten \u00f6ld\u00fcrmeye te\u015febb\u00fcs, ruhsats\u0131z ate\u015fli silah bulundurma, konut dokunulmazl\u0131\u011f\u0131n\u0131 ihlal etme, resmi evrakta sahtecilik, cebir, tehdit yahut hile kullanarak ki\u015fiyi h\u00fcrriyetinden mahrum k\u0131lma ve zincirleme olarak tehdit c\u00fcrm\u00fcnden ceza alan h\u00fck\u00fcml\u00fc Mustafa E\u011fmen\u2019in kalan cezas\u0131 &#8220;s\u00fcrekli hastal\u0131k ve sakatl\u0131k hali&#8221; kapsam\u0131nda,<\/p>\n<p>H\u0131rs\u0131zl\u0131k, di\u011ferine ili\u015fkin banka yahut kredi kart\u0131n\u0131n m\u00fcsaadesiz kullan\u0131lmas\u0131, konut dokunulmazl\u0131\u011f\u0131n\u0131 ihlal c\u00fcr\u00fcmlerinden ceza alan h\u00fck\u00fcml\u00fc S\u00fcleyman K\u0131z\u0131lkaya\u2019n\u0131n kalan cezas\u0131 &#8220;sakatl\u0131k hali&#8221; kapsam\u0131nda,<\/p>\n<p>Silahl\u0131 ter\u00f6r \u00f6rg\u00fct\u00fcne \u00fcye olmak c\u00fcrm\u00fcnden ceza alan h\u00fck\u00fcml\u00fc Abdullah \u015een\u2019in kalan cezas\u0131 \u201cs\u00fcrekli hastal\u0131k hali\u201d kapsam\u0131nda kald\u0131r\u0131ld\u0131.<\/p>\n","protected":false},"excerpt":{"rendered":"<p>Mad\u0131mak Oteli&#8217;nin yak\u0131larak 33 ki\u015finin hayat\u0131n\u0131 kaybetmesiyle sonu\u00e7lanan katliam\u0131n san\u0131klar\u0131ndan a\u011f\u0131rla\u015ft\u0131r\u0131lm\u0131\u015f m\u00fcebbet mahpus mahkumu Adem Kozu\u2019nun kalan cezas\u0131 &#8220;s\u00fcrekli hastal\u0131k hali&#8221; gerek\u00e7esiyle kald\u0131r\u0131ld\u0131. Cumhurba\u015fkan\u0131 Erdo\u011fan ayr\u0131yeten 8 ki\u015finin daha cezas\u0131n\u0131 kald\u0131rd\u0131.<\/p>\n","protected":false},"author":1,"featured_media":62908,"comment_status":"open","ping_status":"open","sticky":false,"template":"","format":"standard","meta":{"footnotes":""},"categories":[25],"tags":[53,354,97,2015],"class_list":["post-62907","post","type-post","status-publish","format-standard","has-post-thumbnail","hentry","category-gundem","tag-ceza","tag-hastalik","tag-suc","tag-sucundan"],"_links":{"self":[{"href":"https:\/\/ikimisli.tr\/index.php\/wp-json\/wp\/v2\/posts\/62907","targetHints":{"allow":["GET"]}}],"collection":[{"href":"https:\/\/ikimisli.tr\/index.php\/wp-json\/wp\/v2\/posts"}],"about":[{"href":"https:\/\/ikimisli.tr\/index.php\/wp-json\/wp\/v2\/types\/post"}],"author":[{"embeddable":true,"href":"https:\/\/ikimisli.tr\/index.php\/wp-json\/wp\/v2\/users\/1"}],"replies":[{"embeddable":true,"href":"https:\/\/ikimisli.tr\/index.php\/wp-json\/wp\/v2\/comments?post=62907"}],"version-history":[{"count":1,"href":"https:\/\/ikimisli.tr\/index.php\/wp-json\/wp\/v2\/posts\/62907\/revisions"}],"predecessor-version":[{"id":62910,"href":"https:\/\/ikimisli.tr\/index.php\/wp-json\/wp\/v2\/posts\/62907\/revisions\/62910"}],"wp:featuredmedia":[{"embeddable":true,"href":"https:\/\/ikimisli.tr\/index.php\/wp-json\/wp\/v2\/media\/62908"}],"wp:attachment":[{"href":"https:\/\/ikimisli.tr\/index.php\/wp-json\/wp\/v2\/media?parent=62907"}],"wp:term":[{"taxonomy":"category","embeddable":true,"href":"https:\/\/ikimisli.tr\/index.php\/wp-json\/wp\/v2\/categories?post=62907"},{"taxonomy":"post_tag","embeddable":true,"href":"https:\/\/ikimisli.tr\/index.php\/wp-json\/wp\/v2\/tags?post=62907"}],"curies":[{"name":"wp","href":"https:\/\/api.w.org\/{rel}","templated":true}]}}