{"id":63154,"date":"2025-08-02T12:57:19","date_gmt":"2025-08-02T12:57:19","guid":{"rendered":"https:\/\/ikimisli.tr\/?p=63154"},"modified":"2025-08-02T12:57:19","modified_gmt":"2025-08-02T12:57:19","slug":"coban-kopeklerine-cip-takilacak","status":"publish","type":"post","link":"https:\/\/ikimisli.tr\/index.php\/2025\/08\/02\/coban-kopeklerine-cip-takilacak\/","title":{"rendered":"\u00c7oban k\u00f6peklerine \u00e7ip tak\u0131lacak"},"content":{"rendered":"<p>Erzurum Valisi Mustafa \u00c7ift\u00e7i ba\u015fkanl\u0131\u011f\u0131nda yap\u0131lan toplant\u0131da sokak hayvanlar\u0131na y\u00f6nelik al\u0131nacak \u00f6nlemler g\u00f6r\u00fc\u015f\u00fcld\u00fc. Orman B\u00f6lge M\u00fcd\u00fcrl\u00fc\u011f\u00fc salonundaki toplant\u0131ya 9&#8217;uncu Kolordu ve Garnizon Kumandan\u0131 T\u00fcmgeneral Tuncay Altu\u011f, B\u00fcy\u00fck\u015fehir Belediye Ba\u015fkan\u0131 Mehmet Sekmen, il\u00e7e kaymakamlar\u0131, il\u00e7e belediye liderleri ve ilgili kurum amirleri kat\u0131ld\u0131. Erzurum B\u00fcy\u00fck\u015fehir Belediyesi Genel Sekreteri Zafer Aynal\u0131&#8217;n\u0131n &#8216;Hayvan Bak\u0131m Meskeni ve Rehabilitasyon Merkezi ile ilgili sunum yapt\u0131\u011f\u0131 toplant\u0131da, sokak hayvanlar\u0131n\u0131n il\u00e7eler ortas\u0131nda sevki i\u00e7in haz\u0131rlanan protokol de g\u00f6r\u00fc\u015f\u00fcld\u00fc. Toplant\u0131 sonras\u0131 yap\u0131lan a\u00e7\u0131klamada, Hayvanlar\u0131 Koruma Kanunu kapsam\u0131ndaki uygulamalar\u0131n uyumunu sa\u011flamak emeliyle, \u0130\u00e7i\u015fleri Bakan Yard\u0131mc\u0131s\u0131 ba\u015fkanl\u0131\u011f\u0131nda bir WhatsApp k\u00fcmesi kuruldu\u011fu, t\u00fcm belediyelerin ger\u00e7ekle\u015ftirdi\u011fi g\u00fcnl\u00fck \u00e7al\u0131\u015fmalar\u0131n bu platform \u00fczerinden payla\u015f\u0131laca\u011f\u0131 bildirildi. K\u0131rsal alandaki \u00e7oban k\u00f6peklerinin sahipleri taraf\u0131ndan mikro\u00e7ip takt\u0131r\u0131lmas\u0131na karar verilen toplant\u0131da bak\u0131m konutu kurma y\u00fck\u00fcml\u00fcl\u00fc\u011f\u00fc bulunan belediyelerin bu istikametteki \u00e7al\u0131\u015fmalar\u0131n\u0131 acilen tamamlamalar\u0131 istendi.<\/p>\n<p><strong>OKULLAR A\u00c7ILANA KADAR TAMAMLANACAK<\/strong><\/p>\n<p>Hayvan bak\u0131m meskeni ve do\u011fal hayat alanlar\u0131n\u0131n yerlerinin belirlenerek, en ge\u00e7 90 g\u00fcn i\u00e7inde hizmete al\u0131nmas\u0131 gerekti\u011finin tabir edildi\u011fi toplant\u0131da, yer se\u00e7iminde sahipsiz hayvan say\u0131s\u0131, co\u011frafik durum \u00fczere kriterlerin dikkate al\u0131nmas\u0131 istendi. Bar\u0131na\u011f\u0131 olmayan belediyelerin ise B\u00fcy\u00fck\u015fehir Belediyesi ile protokol imzalayarak kendi tak\u0131mlar\u0131n\u0131 kurmalar\u0131, sahipsiz hayvan toplama \u00e7al\u0131\u015fmalar\u0131n\u0131 ba\u015flatmalar\u0131 ve toplanan hayvanlar\u0131 ilgili bak\u0131m meskenlerine teslim etmeleri gerekti\u011fi belirtildi. Toplama s\u00fcre\u00e7lerinin s\u0131rf ihbarlara dayal\u0131 olmayaca\u011f\u0131, tak\u0131mlar\u0131n 10 g\u00fcn i\u00e7erisinde mahalle ve k\u00f6ylerdeki t\u00fcm sahipsiz hayvanlar\u0131 tespit ederek toplayaca\u011f\u0131 bildirildi. Toplama s\u00fcre\u00e7lerinin, okullar\u0131n a\u00e7\u0131lma devrine kadar tamamlanmas\u0131 hedeflenirken, belediyelerin bu s\u00fcrece azami hassasiyet g\u00f6stermeleri gerekti\u011fi vurguland\u0131.<\/p>\n","protected":false},"excerpt":{"rendered":"<p>Erzurum&#8217;da sokak hayvanlar\u0131na y\u00f6nelik \u00f6nlemlerin g\u00f6r\u00fc\u015f\u00fcld\u00fc\u011f\u00fc toplant\u0131da \u00e7oban k\u00f6peklerine mikro\u00e7ip tak\u0131lmas\u0131na karar verildi.<\/p>\n","protected":false},"author":1,"featured_media":63155,"comment_status":"open","ping_status":"open","sticky":false,"template":"","format":"standard","meta":{"footnotes":""},"categories":[25],"tags":[40,4951,247],"class_list":["post-63154","post","type-post","status-publish","format-standard","has-post-thumbnail","hentry","category-gundem","tag-belediye","tag-hayvanlari","tag-toplanti"],"_links":{"self":[{"href":"https:\/\/ikimisli.tr\/index.php\/wp-json\/wp\/v2\/posts\/63154","targetHints":{"allow":["GET"]}}],"collection":[{"href":"https:\/\/ikimisli.tr\/index.php\/wp-json\/wp\/v2\/posts"}],"about":[{"href":"https:\/\/ikimisli.tr\/index.php\/wp-json\/wp\/v2\/types\/post"}],"author":[{"embeddable":true,"href":"https:\/\/ikimisli.tr\/index.php\/wp-json\/wp\/v2\/users\/1"}],"replies":[{"embeddable":true,"href":"https:\/\/ikimisli.tr\/index.php\/wp-json\/wp\/v2\/comments?post=63154"}],"version-history":[{"count":1,"href":"https:\/\/ikimisli.tr\/index.php\/wp-json\/wp\/v2\/posts\/63154\/revisions"}],"predecessor-version":[{"id":63156,"href":"https:\/\/ikimisli.tr\/index.php\/wp-json\/wp\/v2\/posts\/63154\/revisions\/63156"}],"wp:featuredmedia":[{"embeddable":true,"href":"https:\/\/ikimisli.tr\/index.php\/wp-json\/wp\/v2\/media\/63155"}],"wp:attachment":[{"href":"https:\/\/ikimisli.tr\/index.php\/wp-json\/wp\/v2\/media?parent=63154"}],"wp:term":[{"taxonomy":"category","embeddable":true,"href":"https:\/\/ikimisli.tr\/index.php\/wp-json\/wp\/v2\/categories?post=63154"},{"taxonomy":"post_tag","embeddable":true,"href":"https:\/\/ikimisli.tr\/index.php\/wp-json\/wp\/v2\/tags?post=63154"}],"curies":[{"name":"wp","href":"https:\/\/api.w.org\/{rel}","templated":true}]}}