{"id":63222,"date":"2025-08-02T17:09:20","date_gmt":"2025-08-02T17:09:20","guid":{"rendered":"https:\/\/ikimisli.tr\/?p=63222"},"modified":"2025-08-02T17:09:20","modified_gmt":"2025-08-02T17:09:20","slug":"aksarayda-on-binler-millet-iradesine-sahip-cikiyor-mitinginde-ozgur-ozel-konusuyor","status":"publish","type":"post","link":"https:\/\/ikimisli.tr\/index.php\/2025\/08\/02\/aksarayda-on-binler-millet-iradesine-sahip-cikiyor-mitinginde-ozgur-ozel-konusuyor\/","title":{"rendered":"Aksaray&#8217;da on binler &#8216;Millet \u0130radesine Sahip \u00c7\u0131k\u0131yor&#8217; mitinginde! \u00d6zg\u00fcr \u00d6zel konu\u015fuyor"},"content":{"rendered":"<p>CHP\u2019nin Silivri\u2019de tutuklu bulunan cumhurba\u015fkan\u0131 aday\u0131 Ekrem \u0130mamo\u011flu\u2019na \u00f6zg\u00fcrl\u00fck ve erken se\u00e7im talebiyle her hafta T\u00fcrkiye\u2019nin \u00f6teki bir vilayetinde d\u00fczenledi\u011fi &#8221;Millet \u0130radesine Sahip \u00c7\u0131k\u0131yor&#8221; mitinglerinin 15&#8217;incisi, Aksaray\u2019da 15 Temmuz Ulusal \u0130rade Meydan\u0131\u2019nda yap\u0131l\u0131yor.<\/p>\n<p><b>EKREM \u0130MAMO\u011eLU&#8217;NUN \u0130LET\u0130S\u0130 OKUNDU<\/b><\/p>\n<p><strong>Mitingde okunan Ekrem \u0130mamo\u011flu\u2019nun iletisi \u015f\u00f6yle: <\/strong><\/p>\n<p>\u201cCennet vatan\u0131m\u0131z T\u00fcrkiye&#8217;nin, Anadolu&#8217;nun ho\u015f kenti Aksaray&#8217;a selam olsun! Gen\u00e7ler, bayanlar, beyefendiler, merhaba! Yi\u011fitler, evliyalar diyar\u0131 ho\u015f Aksaray&#8217;\u0131n insanlar\u0131! \u00dclkemizin d\u00f6rt bir yan\u0131nda herkes huzur ar\u0131yor, refah ar\u0131yor, rahmet ar\u0131yor. Bu cennet vatan\u0131m\u0131z\u0131n kaynaklar\u0131 \u00e7ok bol, \u00e7ok g\u00fc\u00e7l\u00fc fakat adalet olmay\u0131nca huzur da, refah da, rahmet de olmuyor.<\/p>\n<p>Soruyorum size: Mahkemelerde adaletin terazisi herkese e\u015fit tart\u0131yor mu? Elde etti\u011finiz gelirde, \u00f6dedi\u011finiz vergide adalet var m\u0131? Kaliteli e\u011fitim ve s\u0131hhat hizmetlerine herkes e\u015fit ula\u015fabiliyor mu? Herkes devletin kaynaklar\u0131ndan e\u015fit \u015fartlarda faydalanabiliyor mu?<\/p>\n<p>Maalesef bunlar\u0131n hi\u00e7biri olmuyor. Bu ho\u015f \u00fclkenin her yan\u0131nda adaletsizlik kol geziyor. Bu ho\u015f \u00fclkenin her hanesinde haks\u0131zl\u0131klar\u0131n, adaletsizliklerin ac\u0131s\u0131 ya\u015fan\u0131yor. T\u00fcrkiye bu t\u00fcrl\u00fc b\u00fcy\u00fcmez, bu t\u00fcrl\u00fc g\u00fc\u00e7lenemez.<\/p>\n<p>Biz her \u015feyden evvel adalet temeli \u00fczerinde y\u00fckselen, bir ki\u015finin de\u011fil kurumlar\u0131n, kurallar\u0131n \u00fcst\u00fcne oldu\u011fu bir devlet yap\u0131s\u0131 kuraca\u011f\u0131z. Devlet, \u015fu ya da bu b\u00f6l\u00fcm\u00fcn de\u011fil; herkesin h\u00fcrriyet ve teminat\u0131 olacak. Herkes, bar\u0131nma, e\u011fitim, s\u0131hhat \u00fczere temel haklara ula\u015fmada hak sahibi olacak. \u00c7al\u0131\u015fanlar, i\u015f\u00e7iler al\u0131n terinin kar\u015f\u0131l\u0131\u011f\u0131n\u0131 alacak; d\u00fcnyadaki en ileri \u00e7al\u0131\u015fma \u015fartlar\u0131na, en ileri haklara sahip olacak.<\/p>\n<p>Tarlada, at\u00f6lyede, ofiste, fabrikada, nerede olursa olsun bu \u00fclkenin b\u00fct\u00fcn \u00fcreticileri en sa\u011fl\u0131kl\u0131, en k\u00e2rl\u0131 \u00fcretim, yat\u0131r\u0131m ve ticaret \u015fartlar\u0131na kavu\u015facak. Hi\u00e7 kimseyi piyasan\u0131n ac\u0131mas\u0131z kaidelerine mahk\u00fbm b\u0131rakmayaca\u011f\u0131z. Herkes, devletin adaletli, merhametli, g\u00fc\u00e7l\u00fc ellerini yan\u0131nda bulacak.<\/p>\n<p>Milletimiz, bu \u00fclkenin ve devletin tek sahibi oldu\u011funu en g\u00fc\u00e7l\u00fc bi\u00e7imde hissedecek. Devletin b\u00fct\u00fcn y\u00f6neticileri vatanda\u015f kar\u015f\u0131s\u0131nda haddini bilecek. Bireye, partiye de\u011fil; liyakat temel olacak. \u00dclkeyi \u015fu ya da bu parti de\u011fil, milletin evlatlar\u0131 y\u00f6netecek.<\/p>\n<p>Onun i\u00e7in Aksaray\u2019dan hayk\u0131r\u0131yoruz: Herkes i\u00e7in, her yerde, evvel adalet, evvel h\u00fcrriyet! T\u00fcrkiye, adaletin ve h\u00fcrriyetin g\u00fcc\u00fcyle b\u00fcy\u00fcyecek, zenginle\u015fecek, g\u00fc\u00e7lenecek. Asla unutmay\u0131n, millet ne derse o olur! Bu karanl\u0131k da\u011f\u0131lacak, bu zul\u00fcmler bitecek. Bu karanl\u0131k da\u011f\u0131lacak; sevgi kazanacak, uygunluk kazanacak.<\/p>\n<p>Biz daima ayakta kalaca\u011f\u0131z, daima bir ortada, omuz omuza olaca\u011f\u0131z.\u2028Ve her \u015fey \u00e7ok g\u00fczel olacak.\u201d<\/p>\n<p>CHP lideri \u00d6zg\u00fcr \u00d6zel mitingde konu\u015fmas\u0131na ba\u015flad\u0131.<\/p>\n<p><b>AYRINTILAR GEL\u0130YOR<\/b><\/p>\n","protected":false},"excerpt":{"rendered":"<p>CHP&#8217;nin &#8216;Millet \u0130radesine Sahip \u00c7\u0131k\u0131yor&#8221; mitinglerinin 15&#8217;incisi, Aksaray\u2019da 15 Temmuz Ulusal \u0130rade Meydan\u0131\u2019nda yap\u0131l\u0131yor.<\/p>\n","protected":false},"author":1,"featured_media":63223,"comment_status":"open","ping_status":"open","sticky":false,"template":"","format":"standard","meta":{"footnotes":""},"categories":[25],"tags":[971,297,1111,6355],"class_list":["post-63222","post","type-post","status-publish","format-standard","has-post-thumbnail","hentry","category-gundem","tag-adalet","tag-devlet","tag-guzel","tag-olacak"],"_links":{"self":[{"href":"https:\/\/ikimisli.tr\/index.php\/wp-json\/wp\/v2\/posts\/63222","targetHints":{"allow":["GET"]}}],"collection":[{"href":"https:\/\/ikimisli.tr\/index.php\/wp-json\/wp\/v2\/posts"}],"about":[{"href":"https:\/\/ikimisli.tr\/index.php\/wp-json\/wp\/v2\/types\/post"}],"author":[{"embeddable":true,"href":"https:\/\/ikimisli.tr\/index.php\/wp-json\/wp\/v2\/users\/1"}],"replies":[{"embeddable":true,"href":"https:\/\/ikimisli.tr\/index.php\/wp-json\/wp\/v2\/comments?post=63222"}],"version-history":[{"count":1,"href":"https:\/\/ikimisli.tr\/index.php\/wp-json\/wp\/v2\/posts\/63222\/revisions"}],"predecessor-version":[{"id":63224,"href":"https:\/\/ikimisli.tr\/index.php\/wp-json\/wp\/v2\/posts\/63222\/revisions\/63224"}],"wp:featuredmedia":[{"embeddable":true,"href":"https:\/\/ikimisli.tr\/index.php\/wp-json\/wp\/v2\/media\/63223"}],"wp:attachment":[{"href":"https:\/\/ikimisli.tr\/index.php\/wp-json\/wp\/v2\/media?parent=63222"}],"wp:term":[{"taxonomy":"category","embeddable":true,"href":"https:\/\/ikimisli.tr\/index.php\/wp-json\/wp\/v2\/categories?post=63222"},{"taxonomy":"post_tag","embeddable":true,"href":"https:\/\/ikimisli.tr\/index.php\/wp-json\/wp\/v2\/tags?post=63222"}],"curies":[{"name":"wp","href":"https:\/\/api.w.org\/{rel}","templated":true}]}}