{"id":63283,"date":"2025-08-02T20:45:18","date_gmt":"2025-08-02T20:45:18","guid":{"rendered":"https:\/\/ikimisli.tr\/?p=63283"},"modified":"2025-08-02T20:45:18","modified_gmt":"2025-08-02T20:45:18","slug":"cumhuriyetci-aydinlardan-imza-kampanyasi","status":"publish","type":"post","link":"https:\/\/ikimisli.tr\/index.php\/2025\/08\/02\/cumhuriyetci-aydinlardan-imza-kampanyasi\/","title":{"rendered":"Cumhuriyet\u00e7i ayd\u0131nlardan imza kampanyas\u0131"},"content":{"rendered":"<p>B\u00fct\u00fcn yurtta\u015flar, imza kampanyas\u0131na takviye vermeye \u00e7a\u011f\u0131r\u0131l\u0131rken; \u201cBar\u0131\u015f ve karde\u015flik ve de ba\u011f\u0131ms\u0131z ve laik bir \u00fclke, e\u015fitlik\u00e7i bir sistem, planl\u0131 bir iktisat istiyoruz\u201d denildi.<\/p>\n<p>\u0130mza kampanyas\u0131na davet metni \u015f\u00f6yle:<\/p>\n<p>\u201cBiz a\u015fa\u011f\u0131da imzas\u0131 yer alanlar T\u00fcrkiye\u2019nin cumhuriyet\u00e7i birikimini bu sav\u0131n ard\u0131nda durmaya \u00e7a\u011f\u0131r\u0131yoruz:<\/p>\n<p>\u00dclkemizin u\u00e7urumdan yuvarlanmas\u0131na m\u00fcsaade vermeyece\u011fiz<\/p>\n<p>Bar\u0131\u015f ve karde\u015flik istiyoruz.\u00a0<\/p>\n<p>T\u00fcrkiye Cumhuriyeti\u2019nin, Lozan Anla\u015fmas\u0131\u2019n\u0131n sorgulanmas\u0131n\u0131; mevcut hudutlar\u0131m\u0131z\u0131n tart\u0131\u015f\u0131lmas\u0131n\u0131; yeni-Osmanl\u0131 hayallerini, T\u00fcrkiye \u0130mparatorlu\u011fu \u00fczere gayrime\u015fru isimlendirmeleri, \u00fcmmet\u00e7ili\u011fi, etnik ve mezhepsel kimliklere dayal\u0131 siyasal yap\u0131 ve kurumlar\u0131 istemiyoruz.<\/p>\n<p>Bar\u0131\u015f ve karde\u015flik ve de ba\u011f\u0131ms\u0131z ve laik bir \u00fclke, e\u015fitlik\u00e7i bir sistem, planl\u0131 bir iktisat istiyoruz.<\/p>\n<p>\u00dclkemizin u\u00e7urumdan yuvarlanmas\u0131na m\u00fcsaade vermeyece\u011fiz.\u201d<\/p>\n<p><b>ONLARCA AYDIN \u0130MZA ATTI<\/b><\/p>\n<p>\u00c7ok say\u0131da ki\u015finin takviye verdi\u011fi kampanyada imzalar\u0131n toplanmaya devam edilece\u011fi belirtildi. \u00a0<\/p>\n<p>Metninin imzac\u0131lar\u0131 ise \u015f\u00f6yle:<\/p>\n<p>Adnan Gerger, Gazeteci, Yazar<\/p>\n<p>Ahmet B\u00fcke, Yazar<\/p>\n<p>Ahmet M\u00fcfit Bayram, Kent Planc\u0131s\u0131<\/p>\n<p>Ahmet Salt\u0131k, Prof. Dr., Hekim<\/p>\n<p>Ahmet Sar\u0131can, Eski Maden-\u0130\u015f GYK \u00dcyesi<\/p>\n<p>Ahmet Yavuz, T\u00fcmgeneral (E)<\/p>\n<p>Ahmet Y\u0131ld\u0131z, Prof. Dr., E\u011fitim Bilimci<\/p>\n<p>Ali Balk\u0131z, Yazar<\/p>\n<p>Ali Kemal Akg\u00fcl, Genel S\u0131hhat \u0130\u015f Sendikas\u0131 MYK \u00dcyesi<\/p>\n<p>An\u0131l Aba, \u0130ktisat\u00e7\u0131, Yazar<\/p>\n<p>Arda Kavakl\u0131o\u011flu, Seslendirme Oyuncusu<\/p>\n<p>Arda Kayhan, Radyolog, Prof. Dr.<\/p>\n<p>Asaf G\u00fcven Aksel, Yazar<\/p>\n<p>Ataol Behramo\u011flu, \u015eair<\/p>\n<p>Attila A\u015fut, Yazar<\/p>\n<p>Atilla \u00d6zsever, Gazeteci<\/p>\n<p>Aydemir G\u00fcler, THTM YK \u00dcyesi, Yazar<\/p>\n<p>Ayhan Filazi, \u00d6\u011fretim \u00dcyesi<\/p>\n<p>Aykut K\u00fc\u00e7\u00fckkaya, Gazeteci<\/p>\n<p>Aytun\u00e7 Erkin, Gazeteci<\/p>\n<p>Aziz Konukman, Prof. Dr., \u0130ktisat\u00e7\u0131<\/p>\n<p>Bar\u0131\u015f Pehlivan, Gazeteci<\/p>\n<p>Bar\u0131\u015f Terko\u011flu, Gazeteci<\/p>\n<p>Berkan \u00c7etin, Oyuncu<\/p>\n<p>Beyza Acar, Akademisyen<\/p>\n<p>Burak Ustao\u011flu, KESK Haber-Sen Eski Genel Sekreteri, Ba\u011f\u0131ms\u0131z Belgeselci<\/p>\n<p>Canan Kaya, Gazeteci<\/p>\n<p>Canan Ko\u00e7, M\u00fcellif, Sendika Uzman\u0131<\/p>\n<p>Cang\u00fcl \u00d6rnek, \u00d6\u011fretim \u00dcyesi<\/p>\n<p>Caner Beklim, M\u00fczik Yap\u0131mc\u0131s\u0131<\/p>\n<p>Caner Ta\u015fp\u0131nar, Gazeteci<\/p>\n<p>Canol Kocag\u00f6z, Karikat\u00fcrist<\/p>\n<p>Cansu F\u0131r\u0131nc\u0131, Oyuncu<\/p>\n<p>Cemil K\u0131l\u0131\u00e7, Muharrir, \u0130lahiyat\u00e7\u0131<\/p>\n<p>Cemil Fuat Hendek, Yazar<\/p>\n<p>Cenk G\u00fcray, Akademisyen, M\u00fczisyen<\/p>\n<p>Cenk \u00d6zda\u011f, Avukat, Akademisyen<\/p>\n<p>Cengiz Erdin\u00e7, Gazeteci<\/p>\n<p>Ceyhun \u0130lsever, Dr., \u00d6\u011fretim \u00dcyesi<\/p>\n<p>Cihan Demirci Tansel, Profes\u00f6r Doktor<\/p>\n<p>\u00c7a\u011fatay Tav\u015fano\u011flu, Akademisyen<\/p>\n<p>\u00c7a\u011fda\u015f Bayraktar, Gazeteci<\/p>\n<p>\u00c7a\u011fr\u0131 K\u0131n\u0131ko\u011flu, Y\u00f6netmen<\/p>\n<p>Deniz Ezer, T\u00d6B-SEN Genel Ba\u015fkan\u0131<\/p>\n<p>Dengin Ceyhan, Sanat\u00e7\u0131<\/p>\n<p>Doruk \u00d6zt\u00fcrk, Oyuncu<\/p>\n<p>Emin \u0130g\u00fcs, M\u00fczisyen<\/p>\n<p>Emrah Mara\u015fo, Gazeteci, Edit\u00f6r<\/p>\n<p>Emre Aygen, Gazeteci<\/p>\n<p>Ender Helvac\u0131o\u011flu, Yay\u0131nc\u0131<\/p>\n<p>Ender \u00d6zer, Ressam<\/p>\n<p>Ender Yi\u011fit, Sanat\u00e7\u0131<\/p>\n<p>Engin Solako\u011flu, Emekli Diplomat<\/p>\n<p>Eren Aksoyo\u011flu, Siyaset Bilimci<\/p>\n<p>Erendiz Atas\u00fc, E. \u00d6\u011fretim \u00dcyesi, Yazar<\/p>\n<p>Erhan Nal\u00e7ac\u0131, THTM YK \u00dcyesi, \u00d6\u011fretim \u00dcyesi<\/p>\n<p>Erin\u00e7 Yeldan, Prof. Dr., \u0130ktisat\u00e7\u0131<\/p>\n<p>Ersin Ero\u011flu, Gazeteci<\/p>\n<p>Enver Aysever, Gazeteci, Yazar<\/p>\n<p>Fahrettin Fidan, Gazeteci<\/p>\n<p>Gamze Y\u00fccesan \u00d6zdemir, Prof. Dr., \u00d6\u011fretim G\u00f6revlisi<\/p>\n<p>G\u00f6kalp Eren, 68&#8217;liler Vakf\u0131 Eski Ba\u015fkan\u0131<\/p>\n<p>G\u00f6khan Kazbek, Gazeteci<\/p>\n<p>G\u00fclay Din\u00e7el, \u0130ktisat\u00e7\u0131<\/p>\n<p>G\u00fclcan Altan, M\u00fczisyen<\/p>\n<p>G\u00fcnselin Seda \u00c7etinkaya, M\u00fczisyen<\/p>\n<p>Haluk Hepkon, Yay\u0131nc\u0131<\/p>\n<p>Haluk Polat, M\u00fczisyen<\/p>\n<p>Haluk Yalva\u00e7, Emekli<\/p>\n<p>Hilmi Hacalo\u011flu, Gazeteci<\/p>\n<p>Hizam Has\u0131rc\u0131, DHTM Ba\u015fkan\u0131<\/p>\n<p>H\u00fclya K\u00fc\u00e7\u00fckaras, M\u00fchendis<\/p>\n<p>H\u00fcseyin \u00d6zel, E. \u00d6\u011fretim \u00dcyesi<\/p>\n<p>Iraz Ak\u0131\u015f, \u00d6\u011fretim \u00dcyesi<\/p>\n<p>\u0130nci Be\u015fp\u0131nar, Emekli Belediyeci<\/p>\n<p>\u0130n\u00f6n\u00fc Alpat, Yazar<\/p>\n<p>\u0130rfan Ertel, Ressam<\/p>\n<p>\u0130skender \u00d6zturanl\u0131, Gazeteci<\/p>\n<p>\u0130smail Ar\u0131, Gazeteci<\/p>\n<p>\u0130smail Tuto\u011flu, Birle\u015fik Kamu-\u0130\u015f Konfederasyonu Eski Ba\u015fkan\u0131<\/p>\n<p>\u0130smail \u00dcst\u00fcn, Emekli \u00d6\u011fretim G\u00f6revlisi<\/p>\n<p>\u0130smet Orhan, Gazeteci, Yazar<\/p>\n<p>Kaan Ero\u011fuz, Bilim Ve Sosyalizm Dergisi Genel Yay\u0131n Y\u00f6netmeni<\/p>\n<p>Kadir Demirel, M\u00fczisyen<\/p>\n<p>Kaya G\u00fcven\u00e7, M\u00fchendis<\/p>\n<p>Kaya Tokmak\u00e7\u0131o\u011flu, \u00d6\u011fretim \u00dcyesi, Yazar<\/p>\n<p>Kemal Okuyan, TKP Genel Sekreteri<\/p>\n<p>Korkut Boratav, Prof. Dr., \u0130ktisat\u00e7\u0131<\/p>\n<p>Latif Tiftik\u00e7i, Tiyatro Sanat\u00e7\u0131s\u0131<\/p>\n<p>Levent Karao\u011flu, Foto\u011fraf\u00e7\u0131<\/p>\n<p>Levent \u00dcz\u00fcmc\u00fc, Tiyatro Oyuncusu<\/p>\n<p>Mahmut \u015eeng\u00fcl, Birle\u015fik Emekliler Sendikas\u0131 Genel Ba\u015fkan\u0131<\/p>\n<p>Masum G\u00f6k, Gazeteci<\/p>\n<p>Mehdi Be\u015fp\u0131nar, Emekli Sendikac\u0131<\/p>\n<p>Mehmet Ali G\u00fcller, Gazeteci<\/p>\n<p>Mehmet Okuro\u011flu, Oyuncu<\/p>\n<p>Mehmet \u015eahin, Prof. Dr., \u00d6\u011fretim G\u00f6revlisi<\/p>\n<p>Mehmet Somel, \u00d6\u011fretim \u00dcyesi<\/p>\n<p>Melih Ye\u015filba\u011f, Akademisyen<\/p>\n<p>Melike Efendio\u011flu, E\u011fitimci<\/p>\n<p>Melis G\u00f6nen\u00e7, Gazeteci<\/p>\n<p>Merdan Yanarda\u011f, Gazeteci<\/p>\n<p>Mesut Odman, Yazar<\/p>\n<p>Mete \u00d6zkurt, \u00d6\u011fretim \u00dcyesi<\/p>\n<p>Metin Co\u015fkun, Sanat\u00e7\u0131<\/p>\n<p>Muammer Ketenco\u011flu, M\u00fczisyen<\/p>\n<p>Murat Akad, T\u00fcrkiye Bar\u0131\u015f Komitesi Temsilcisi<\/p>\n<p>Murat Akg\u00f6z, Yazar<\/p>\n<p>Murat Be\u015fer, M\u00fczik Yazar\u0131<\/p>\n<p>Murat G\u00fcner, M\u00fczisyen<\/p>\n<p>Musa A\u011fac\u0131k, Gazeteci, Yazar<\/p>\n<p>Musa \u00d6zu\u011furlu, Gazeteci, Yazar<\/p>\n<p>Mustafa B\u00fcy\u00fcksipahi, Gazeteci<\/p>\n<p>Mustafa Demir, E\u011fit-Der Eski Ba\u015fkan\u0131<\/p>\n<p>Mustafa Kemal Emirel, M\u00fczisyen<\/p>\n<p>Mustafa Kemal Erdemol, Gazeteci<\/p>\n<p>Mustafa Kenan Aybast\u0131, Y\u00f6netmen<\/p>\n<p>Mustafa Mert Bildircin, Gazeteci<\/p>\n<p>Mustafa T\u00fcrke\u015f, Prof. Dr., \u00d6\u011fretim G\u00f6revlisi<\/p>\n<p>Mustafa Zulkadiro\u011flu<\/p>\n<p>M\u00fcjde Tozbey, Evvel Bayanlar Ve \u00c7ocuklar Derne\u011fi Ba\u015fkan\u0131<\/p>\n<p>Naci Ad\u0131g\u00fczel, Oyuncu, Yazar<\/p>\n<p>Nazl\u0131 Deniz Korkmaz, Seslendirme Oyuncusu<\/p>\n<p>Necdet Sara\u00e7, Gazeteci<\/p>\n<p>Necmi Kaymak\u00e7\u0131, Eczac\u0131<\/p>\n<p>Nejat Yava\u015fo\u011fullar\u0131, M\u00fczisyen<\/p>\n<p>Neslihan \u00d6zfidan, Avukat<\/p>\n<p>Neval O\u011fan Balk\u0131z, Hukuk\u00e7u, Akademisyen<\/p>\n<p>Nevzat Evrim \u00d6nal, M\u00fcellif, \u00d6\u011fretim G\u00f6revlisi<\/p>\n<p>Nevzat S\u00fcs, Tiyatrocu<\/p>\n<p>Nihat Behram, \u015eair, Yazar<\/p>\n<p>Nursel \u00d6z\u00e7elik Cengiz, Yazar<\/p>\n<p>O\u011fuz Gemalmaz, T\u00fcrkiye \u0130nsan Haklar\u0131 Kurumu Vakf\u0131 Ba\u015fkan\u0131<\/p>\n<p>O\u011fuz Oyan, Prof. Dr., \u0130ktisat\u00e7\u0131<\/p>\n<p>Olgu \u00dclkenciler, Ressam<\/p>\n<p>Orhan Ayd\u0131n, Sanat\u00e7\u0131<\/p>\n<p>Orhan Bursal\u0131, Gazeteci<\/p>\n<p>Orhan G\u00f6kdemir, Gazeteci<\/p>\n<p>Osman Korkut Kanado\u011flu, Anayasa Profes\u00f6r\u00fc<\/p>\n<p>Osman \u00c7utsay, Yazar<\/p>\n<p>Ozan \u00c7oban, M\u00fczisyen<\/p>\n<p>\u00d6mer Faruk Emina\u011fao\u011flu, Yarg\u0131\u00e7lar Sendikas\u0131 Eski Ba\u015fkan\u0131<\/p>\n<p>\u00d6zkan Atar, Birle\u015fik Metal-\u0130\u015f Genel Ba\u015fkan\u0131<\/p>\n<p>\u00d6zg\u00fcr Ayd\u0131n, \u00d6\u011fretim \u00dcyesi, \u00dcKD Ba\u015fkan\u0131<\/p>\n<p>Perihan Sar\u0131, Emekli \u0130\u015fba\u015fm\u00fcfetti\u015fi<\/p>\n<p>P\u0131nar Sara\u00e7o\u011flu, Gazeteci<\/p>\n<p>Rahmi Y\u0131ld\u0131r\u0131m, Gazeteci<\/p>\n<p>R\u0131fat Ok\u00e7abol, E. \u00d6\u011fretim \u00dcyesi<\/p>\n<p>Saadet \u00dclker, E. \u00d6\u011fretim \u00dcyesi<\/p>\n<p>Sad\u0131k Usta, Yazar<\/p>\n<p>Sait Munzur, Karikat\u00fcrist<\/p>\n<p>Seda Mit, \u0130ll\u00fcstrat\u00f6r Ve Grafik Tasar\u0131mc\u0131<\/p>\n<p>Sefa Uyar, Gazeteci, Yazar<\/p>\n<p>Selen Kartay, Tiyatrocu<\/p>\n<p>Semir Arslany\u00fcrek, M\u00fcellif, Y\u00f6netmen<\/p>\n<p>Senan Kara, Oyuncu<\/p>\n<p>Senem Doruk \u0130nam, Bayan Dayan\u0131\u015fma Komiteleri Sorumlusu<\/p>\n<p>Serdal Bah\u00e7e, \u00d6\u011fretim \u00dcyesi<\/p>\n<p>Serdar \u015eahinkaya, \u0130ktisat\u00e7\u0131, Yazar<\/p>\n<p>Serpil G\u00fcven\u00e7, Yazar<\/p>\n<p>Sevra Baklac\u0131, Y\u00f6netmen<\/p>\n<p>Sinan S\u00f6nmez, Akademisyen<\/p>\n<p>\u015eule Ayd\u0131n, Gazeteci<\/p>\n<p>Tar\u0131k G\u00fcnersel, \u015eair, Yazar<\/p>\n<p>Taylan Polat Toraman, Kemalist Y\u00f6n Hareketi Ba\u015fkan\u0131<\/p>\n<p>Tevfik K\u0131zg\u0131nkaya, Gazeteci, Yazar<\/p>\n<p>Tu\u011frul \u00c7utsay, Ressam<\/p>\n<p>Tu\u011frul Keskin, \u015eair<\/p>\n<p>Tuna Pekta\u015f, K\u00fcrat\u00f6r<\/p>\n<p>Turgay Develi, Gazeteci, Eski Mv.<\/p>\n<p>U\u011furhan Aky\u00fcz, \u00d6\u011fretim \u00dcyesi<\/p>\n<p>Ula\u015f Can, Gazeteci<\/p>\n<p>Ula\u015f \u00d6zer, Akademisyen, M\u00fczisyen<\/p>\n<p>Ulvi O\u011fuz\u00a0<\/p>\n<p>\u00dcmit Aslanbay, Gazeteci, Yazar<\/p>\n<p>Volkan Algan, Yazar<\/p>\n<p>Yal\u00e7\u0131n \u00d6zk\u00fct\u00fck, Tu\u011famiral (E)\u00a0<\/p>\n<p>Yael Taranto, \u0130ktisat\u00e7\u0131<\/p>\n<p>Y\u0131ld\u0131ray Ozan, \u00d6\u011fretim \u00dcyesi<\/p>\n<p>Yi\u011fit G\u00fcnay, Gazeteci\u00a0<\/p>\n<p>Y\u00fccel \u00c7ift\u00e7i, Yazar<\/p>\n<p>Zeynep Suda, \u00d6\u011fretim \u00dcyesi\u00a0<\/p>\n<p>Zuhal Okuyan, \u00d6\u011fretim \u00dcyesi\u00a0<\/p>\n<p>Z\u00fclal Kalkandelen, Gazeteci<\/p>\n","protected":false},"excerpt":{"rendered":"<p>T\u00fcrkiye&#8217;de ya\u015fanan son geli\u015fmelere reaksiyon g\u00f6steren \u00e7ok say\u0131da cumhuriyet\u00e7i ayd\u0131n, gazeteci ve sanatkar\u0131n te\u015febb\u00fcsleriyle \u201c\u00dclkemizin u\u00e7urumdan yuvarlanmas\u0131na m\u00fcsaade vermeyece\u011fiz\u201d ba\u015fl\u0131\u011f\u0131yla bir imza kampanyas\u0131 ba\u015flat\u0131ld\u0131.<\/p>\n","protected":false},"author":1,"featured_media":63284,"comment_status":"open","ping_status":"open","sticky":false,"template":"","format":"standard","meta":{"footnotes":""},"categories":[25],"tags":[39,1672,6736,3229,1625],"class_list":["post-63283","post","type-post","status-publish","format-standard","has-post-thumbnail","hentry","category-gundem","tag-baskani","tag-gazeteci","tag-muzisyen","tag-ogretim-uyesi","tag-yazar"],"_links":{"self":[{"href":"https:\/\/ikimisli.tr\/index.php\/wp-json\/wp\/v2\/posts\/63283","targetHints":{"allow":["GET"]}}],"collection":[{"href":"https:\/\/ikimisli.tr\/index.php\/wp-json\/wp\/v2\/posts"}],"about":[{"href":"https:\/\/ikimisli.tr\/index.php\/wp-json\/wp\/v2\/types\/post"}],"author":[{"embeddable":true,"href":"https:\/\/ikimisli.tr\/index.php\/wp-json\/wp\/v2\/users\/1"}],"replies":[{"embeddable":true,"href":"https:\/\/ikimisli.tr\/index.php\/wp-json\/wp\/v2\/comments?post=63283"}],"version-history":[{"count":1,"href":"https:\/\/ikimisli.tr\/index.php\/wp-json\/wp\/v2\/posts\/63283\/revisions"}],"predecessor-version":[{"id":63285,"href":"https:\/\/ikimisli.tr\/index.php\/wp-json\/wp\/v2\/posts\/63283\/revisions\/63285"}],"wp:featuredmedia":[{"embeddable":true,"href":"https:\/\/ikimisli.tr\/index.php\/wp-json\/wp\/v2\/media\/63284"}],"wp:attachment":[{"href":"https:\/\/ikimisli.tr\/index.php\/wp-json\/wp\/v2\/media?parent=63283"}],"wp:term":[{"taxonomy":"category","embeddable":true,"href":"https:\/\/ikimisli.tr\/index.php\/wp-json\/wp\/v2\/categories?post=63283"},{"taxonomy":"post_tag","embeddable":true,"href":"https:\/\/ikimisli.tr\/index.php\/wp-json\/wp\/v2\/tags?post=63283"}],"curies":[{"name":"wp","href":"https:\/\/api.w.org\/{rel}","templated":true}]}}