{"id":63605,"date":"2025-08-03T14:57:17","date_gmt":"2025-08-03T14:57:17","guid":{"rendered":"https:\/\/ikimisli.tr\/?p=63605"},"modified":"2025-08-03T14:57:17","modified_gmt":"2025-08-03T14:57:17","slug":"tuncer-bakirhandan-muhalefete-tepki-3-gunde-itirafci-olacak-kisi","status":"publish","type":"post","link":"https:\/\/ikimisli.tr\/index.php\/2025\/08\/03\/tuncer-bakirhandan-muhalefete-tepki-3-gunde-itirafci-olacak-kisi\/","title":{"rendered":"Tuncer Bak\u0131rhan&#8217;dan muhalefete tepki: &#8216;3 g\u00fcnde itiraf\u00e7\u0131 olacak ki\u015fi&#8217;"},"content":{"rendered":"<p>DEM Parti Ankara Vilayet \u00d6rg\u00fct\u00fcn\u00fcn, TMMOB Makine M\u00fchendisleri Odas\u0131\u2019n\u0131n Kongre Merkezi&#8217;nde d\u00fczenledi\u011fi &#8221;Bar\u0131\u015f ve Demokratik Toplum Bulu\u015fmalar\u0131&#8221; program\u0131na DEM Parti E\u015f Genel Lideri Tuncer Bak\u0131rhan kat\u0131ld\u0131. Bak\u0131rhan, program\u0131n a\u00e7\u0131l\u0131\u015f\u0131nda \u015funlar\u0131 s\u00f6yledi:<\/p>\n<p><b>&#8216;3 G\u00dcN \u0130\u00c7ER\u0130DE KALSA \u0130T\u0130RAF\u00c7I OLACAK K\u0130\u015e\u0130&#8217;<\/b><\/p>\n<p>&#8220;- Direkt &#8216;Gen\u00e7lerin tabutlar\u0131 gelsin&#8217; denilmiyor ancak 33 y\u0131ld\u0131r cezaevlerinde yatan be\u015ferler ni\u00e7in \u00e7\u0131kt\u0131 deniliyor? Yahu, bu adaletsiz ve hukuk sistemi bu cezay\u0131 vermi\u015f. 33 y\u0131l lisana kolay. 3 ayda tarumar olanlar bunu s\u00f6yl\u00fcyor. 3 g\u00fcn i\u00e7eride kalsa itiraf\u00e7\u0131 olacak, salya s\u00fcm\u00fck a\u011flayacak, &#8216;beni kurtar\u0131n&#8217; diyecek olanlar; 33 y\u0131l yatan be\u015ferler &#8216;neden b\u0131rak\u0131l\u0131yor&#8217; diyor. Anlamakta sahiden insan zorluk \u00e7ekiyor.<\/p>\n<p>&#8211; D\u00fcnyada en utan\u00e7 verici \u015fey nedir derseniz, bar\u0131\u015fa kar\u015f\u0131 \u00e7\u0131kmakt\u0131r derim. Bar\u0131\u015fa kar\u015f\u0131 \u00e7\u0131kmaktan daha utan\u00e7 verici bir \u015fey olabilir mi? \u0130ktidar medyas\u0131n\u0131 da anlatt\u0131m; onlar esasen yeni bir \u015fey anlat\u0131yorlar, ne anlatt\u0131klar\u0131n\u0131 biz de anlamaya \u00e7al\u0131\u015f\u0131yoruz. Birebir lisan, hi\u00e7 bir de\u011fi\u015fim yok, hi\u00e7 bir u\u011fra\u015f yok. Bar\u0131\u015f g\u00fcya yaln\u0131zca K\u00fcrtlerin i\u015fidir \u00fczere bir \u015fey var. Bizim d\u0131\u015f\u0131m\u0131zda alanda olan yok, ba\u015f yoran yok. Yani haks\u0131zl\u0131k yapmak istemiyorum, sizin \u00fczere dostlar bu parantezin d\u0131\u015f\u0131ndalar. Onlar da ekranlarda sava\u015f sevicili\u011fi yap\u0131yorlar. Suriye\u2019de S\u00fcveyd\u00e2\u2019da bir \u015fey oluyor, aman ha buradaki geli\u015fmeler K\u00fcrd\u00fcn hak almas\u0131n\u0131 sa\u011flayabilir. Var yok K\u00fcrt. Varsa yoksa K\u00fcrd\u00fcn elde edece\u011fi haklar ve stat\u00fc \u00fczere garip bir \u00fclkede ya\u015f\u0131yoruz.&#8221;<\/p>\n<p><b>&#8216;SAVA\u015e SES\u0130YLE MEMNUN OLANLAR VAR&#8217;<\/b><\/p>\n<p>&#8220;- Bar\u0131\u015f dinen de helaldir, din bar\u0131\u015f \u00fczerine kuruluyor. Dinde herhalde en fazla ge\u00e7en s\u00f6zlerden birisi bar\u0131\u015ft\u0131r. Toplumsal olarak da halkt\u0131r. K\u00fcrtlerin bar\u0131\u015f aramas\u0131 ya da di\u011fer bir toplumsal taban\u0131n bar\u0131\u015f aramas\u0131ndan daha hakikat bir \u015fey olamaz. Ekonomik olarak da asl\u0131nda gen\u00e7lerimize gelece\u011fimize yapaca\u011f\u0131m\u0131z en b\u00fcy\u00fck yat\u0131r\u0131md\u0131r bar\u0131\u015ft\u0131r.  O y\u00fczden biz bu bar\u0131\u015f s\u00fcrecinde \u0131srar edece\u011fiz. Bar\u0131\u015f\u0131 konu\u015ftu\u011fumuz kurucu \u00f6ge dedi\u011fimiz y\u00fczy\u0131l evvel; asl\u0131nda bir\u00e7ok \u015feyin tart\u0131\u015f\u0131ld\u0131\u011f\u0131 kararla\u015ft\u0131r\u0131ld\u0131\u011f\u0131 bu yerde y\u00fczy\u0131l sonra maalesef sava\u015f sesiyle memnun olanlar var.<\/p>\n<p>&#8211; Bar\u0131\u015f\u0131n mutsuz etti\u011fi bir yer var. Bar\u0131\u015f insanlar\u0131 ni\u00e7in mutsuz eder?  Onu anlamakta insan zorluk \u00e7ekiyor. D\u00fc\u015f\u00fcn\u00fcn, cezas\u0131n\u0131 yatm\u0131\u015f, \u00fcst\u00fcne \u00e7ok fazla kitap okudu\u011fu ya da halay \u00e7ekti\u011fi i\u00e7in birka\u00e7 y\u0131l fazladan yat\u0131r\u0131lm\u0131\u015f insanlar\u0131n bile tahliye edilmesini sindiremeyen bir yakla\u015f\u0131m var. Bunu muhalif olarak tan\u0131mlayaca\u011f\u0131m\u0131z \u00e7evrelerin yapmas\u0131 biraz garip. Neredeyse K\u00fcrt&#8217;\u00fcn lisan\u0131n\u0131n onurunun yerle bir edildi\u011fi bir yar\u0131\u015f var.&#8221;<\/p>\n<p><b>&#8216;MUHAL\u0130F MEDYANIN DURDU\u011eU YER YANLI\u015e&#8217;<\/b><\/p>\n<p>&#8220;- Bu s\u00fcre\u00e7 o denli bir s\u00fcre\u00e7tir ki; yaln\u0131zca siyasi partiler, siyasi parti liderlerinin bir ortaya gelmesiyle, TBMM\u2019de kurulacak bir komiteyle  y\u00fcr\u00fcyecek bir s\u00fcre\u00e7 de\u011fil. Tersine bununla birlikte sivil toplumun, meclis d\u0131\u015f\u0131ndaki \u00f6rg\u00fctl\u00fc yerlerin de etkin kat\u0131laca\u011f\u0131 birlikte y\u00fcr\u00fctece\u011fimiz bir s\u00fcre\u00e7tir. Bu yaln\u0131zca K\u00fcrtlerin y\u00fcr\u00fctt\u00fc\u011f\u00fc ya da yaln\u0131zca K\u00fcrt sorunun konu\u015fuldu\u011fu bir s\u00fcre\u00e7 de\u011fil.<\/p>\n<p>&#8211; Hakl\u0131s\u0131n\u0131z d\u0131\u015far\u0131da \u00f6teki bir alg\u0131 var, kamuoyunda di\u011fer tart\u0131\u015fmalar y\u00fcr\u00fcyor. Medyan\u0131n bir k\u0131sm\u0131 \u00fclke b\u00f6l\u00fcn\u00fcyor diye ba\u015fl\u0131k at\u0131yor, tabir yerindeyse \u00f6k\u00fcz alt\u0131nda buza\u011f\u0131 ar\u0131yorlar. 3 sayfal\u0131k bir metin i\u00e7erisinde iki kelimeyi c\u0131mb\u0131zlay\u0131p onun \u00fczerinden bir alg\u0131 olu\u015fturuyorlar. Bizi \u00e7ok \u015fa\u015f\u0131rtt\u0131. Muhalif medyan\u0131n durdu\u011fu yer hakikaten bu olmamal\u0131yd\u0131. \u0130ktidar medyas\u0131n\u0131 anlatmaya gerek yok. Onlar esasen g\u00fcya yeni bir \u015fey icat edilmi\u015f, d\u00fcnyada birinci sefer bu t\u00fcrl\u00fc bir s\u00fcre\u00e7 tart\u0131\u015f\u0131l\u0131yor \u00fczere sava\u015f sevicili\u011fi yap\u0131yorlar. \u015eimdi lisanlar\u0131 de\u011fi\u015fmedi. \u015eimdi bar\u0131\u015f ve demokratik toplum davetine uygun bir lisan kullan\u0131lm\u0131yor.<\/p>\n<p>&#8211; Lakin biz bunu toplumla halkla, i\u015f\u00e7ilerle a\u015fmaya \u00e7al\u0131\u015f\u0131yoruz. 2 bine yak\u0131n toplant\u0131m\u0131zda 10 binlerce be\u015ferle bir ortaya geldik. \u00c7ok rahat tart\u0131\u015fabiliriz, konu\u015fabiliriz, tenkitlerimiz \u00e7ok rahat yapabilirsiniz. Y\u00fcz y\u00fcze direkt muhataplardan konu\u015fmak bence pahas\u0131n\u0131 de\u011ferlidir.&#8221;<\/p>\n","protected":false},"excerpt":{"rendered":"<p>DEM Parti Ankara \u00d6rg\u00fct\u00fcn\u00fcn d\u00fczenledi\u011fi &#8221;Bar\u0131\u015f ve Demokratik Toplum Bulu\u015fmalar\u0131&#8217; kapsam\u0131nda konu\u015fma yapan Tuncer Bak\u0131rhan&#8217;dan dikkat \u00e7eken bir \u00e7\u0131k\u0131\u015f geldi. Bak\u0131rhan, \u0130BB soru\u015fturmalar\u0131na g\u00f6nderme yaparak &#8220;3 g\u00fcn i\u00e7erde kalsa itiraf\u00e7\u0131 olacak, salya s\u00fcm\u00fck a\u011flayacak, &#8216;beni kurtar\u0131n&#8217; diyecekler &#8217;33 y\u0131l yatan be\u015ferler ni\u00e7in b\u0131rak\u0131l\u0131yor&#8217; diyor.&#8221; dedi<\/p>\n","protected":false},"author":1,"featured_media":63606,"comment_status":"open","ping_status":"open","sticky":false,"template":"","format":"standard","meta":{"footnotes":""},"categories":[25],"tags":[254,1913,711,1914,1746],"class_list":["post-63605","post","type-post","status-publish","format-standard","has-post-thumbnail","hentry","category-gundem","tag-baris","tag-bir-sey","tag-insan","tag-kurt","tag-toplum"],"_links":{"self":[{"href":"https:\/\/ikimisli.tr\/index.php\/wp-json\/wp\/v2\/posts\/63605","targetHints":{"allow":["GET"]}}],"collection":[{"href":"https:\/\/ikimisli.tr\/index.php\/wp-json\/wp\/v2\/posts"}],"about":[{"href":"https:\/\/ikimisli.tr\/index.php\/wp-json\/wp\/v2\/types\/post"}],"author":[{"embeddable":true,"href":"https:\/\/ikimisli.tr\/index.php\/wp-json\/wp\/v2\/users\/1"}],"replies":[{"embeddable":true,"href":"https:\/\/ikimisli.tr\/index.php\/wp-json\/wp\/v2\/comments?post=63605"}],"version-history":[{"count":1,"href":"https:\/\/ikimisli.tr\/index.php\/wp-json\/wp\/v2\/posts\/63605\/revisions"}],"predecessor-version":[{"id":63607,"href":"https:\/\/ikimisli.tr\/index.php\/wp-json\/wp\/v2\/posts\/63605\/revisions\/63607"}],"wp:featuredmedia":[{"embeddable":true,"href":"https:\/\/ikimisli.tr\/index.php\/wp-json\/wp\/v2\/media\/63606"}],"wp:attachment":[{"href":"https:\/\/ikimisli.tr\/index.php\/wp-json\/wp\/v2\/media?parent=63605"}],"wp:term":[{"taxonomy":"category","embeddable":true,"href":"https:\/\/ikimisli.tr\/index.php\/wp-json\/wp\/v2\/categories?post=63605"},{"taxonomy":"post_tag","embeddable":true,"href":"https:\/\/ikimisli.tr\/index.php\/wp-json\/wp\/v2\/tags?post=63605"}],"curies":[{"name":"wp","href":"https:\/\/api.w.org\/{rel}","templated":true}]}}