{"id":63666,"date":"2025-08-03T18:45:15","date_gmt":"2025-08-03T18:45:15","guid":{"rendered":"https:\/\/ikimisli.tr\/?p=63666"},"modified":"2025-08-03T18:45:15","modified_gmt":"2025-08-03T18:45:15","slug":"btsden-akcay-kampinin-ozellestirilmesine-tepki","status":"publish","type":"post","link":"https:\/\/ikimisli.tr\/index.php\/2025\/08\/03\/btsden-akcay-kampinin-ozellestirilmesine-tepki\/","title":{"rendered":"BTS&#8217;den Ak\u00e7ay Kamp\u0131&#8217;n\u0131n \u00f6zelle\u015ftirilmesine tepki"},"content":{"rendered":"<p>BTS, TCDD\u2019ye ili\u015fkin Ak\u00e7ay E\u011fitim ve Dinlenme Tesisi&#8217;nin sat\u0131\u015fa \u00e7\u0131kar\u0131lmas\u0131n\u0131 protesto etti. \u0130zmir \u015eubesi ile Edremit Demokrasi Platformu \u00fcyeleri, kamp\u0131n \u00f6n\u00fcnde bir ortaya gelerek \u00f6zelle\u015ftirme karar\u0131na kar\u015f\u0131 bas\u0131n a\u00e7\u0131klamas\u0131 yapt\u0131.<\/p>\n<p><b> &#8220;60 YILLIK DAYANI\u015eMA SEMBOL\u00dc SERMAYEYE TESL\u0130M ED\u0130LEMEZ&#8221;<\/b><\/p>\n<p>BTS Genel Hukuk, T\u0130S ve \u0130nsan Haklar\u0131 Sekreteri Hasan Bekta\u015f, kampta yapt\u0131\u011f\u0131 konu\u015fmada, tesisin y\u0131llard\u0131r demiryolu \u00e7al\u0131\u015fanlar\u0131na ve ailelerine hizmet verdi\u011fini vurgulad\u0131. Bekta\u015f, &#8220;Bu kamp yaln\u0131zca bir tatil yeri de\u011fil, i\u015f\u00e7ilerin ortak \u00f6m\u00fcr k\u00fclt\u00fcr\u00fcn\u00fcn sembol\u00fcd\u00fcr. Ak\u00e7ay Kamp\u0131&#8217;n\u0131 TCDD\u2019nin elinden alarak sermayeye teslim ederek neyi ama\u00e7lad\u0131\u011f\u0131n\u0131z\u0131 biliyoruz. Bu te\u015febb\u00fcs a\u00e7\u0131k\u00e7a kamu kaynaklar\u0131n\u0131n ya\u011fmalanmas\u0131d\u0131r&#8221; dedi.<\/p>\n<p><b>&#8220;SOSYAL HAKLAR L\u00dcTUF DE\u011e\u0130L, KAZANILMI\u015e HAKTIR&#8221;<\/b><\/p>\n<p>BTS \u0130zmir \u015eube Ba\u015fkan\u0131 Erdal Akyol da kamp alan\u0131n\u0131n 9 Temmuz 2021 tarihli Cumhurba\u015fkan\u0131 karar\u0131 ile \u00f6zelle\u015ftirme kapsam\u0131na al\u0131nd\u0131\u011f\u0131n\u0131 hat\u0131rlatt\u0131. 18 kamu kurumuna ili\u015fkin toplumsal tesis ve kamplar\u0131n 31 Aral\u0131k 2025\u2019e kadar sat\u0131lmas\u0131 planlan\u0131yor. Akyol, ihaleye son teklif verme m\u00fcddetinin 24 Temmuz\u2019dan 7 A\u011fustos 2025\u2019e uzat\u0131ld\u0131\u011f\u0131n\u0131 belirterek, \u00f6zelle\u015ftirme s\u00fcrecine reaksiyon g\u00f6sterdi:<\/p>\n<p>&#8220;Bu yaln\u0131zca bir ta\u015f\u0131nmaz\u0131n zaman\u0131 de\u011fil; kamu \u00e7al\u0131\u015fanlar\u0131n\u0131n toplumsal haklar\u0131na, kamu m\u00fclkiyetine ve toplumsal devlete topyek\u00fbn taarruzdur. Sat\u0131\u015f karar\u0131 hayat bi\u00e7imimize de bir m\u00fcdahaledir. Bug\u00fcn sessiz kal\u0131rsak yar\u0131n hastaneler, okullar, kre\u015fler, toplumsal hizmet alanlar\u0131 da sat\u0131l\u0131r. \u0130\u015f\u00e7ilerin nefes alaca\u011f\u0131 alanlar birer birer yok edilir.&#8221;<\/p>\n<p><b>AK\u00c7AY KAMPI<\/b><\/p>\n<p>\u00d6zelle\u015ftirme Y\u00f6netimi Ba\u015fkanl\u0131\u011f\u0131, Ak\u00e7ay E\u011fitim ve Dinlenme Tesisi\u2019ni 4046 say\u0131l\u0131 Kanun kapsam\u0131nda sat\u0131\u015f yoluyla pazarl\u0131k yordam\u0131yla satmak \u00fczere ilana \u00e7\u0131kard\u0131. Toplam 15.370 m\u00b2 alana sahip kamp alan\u0131nda y\u00fczme havuzu, idari bina, \u00e7e\u015fitli at\u00f6lyeler ve m\u00fcdafaa alt\u0131ndaki 12 adet \u00e7\u0131nar a\u011fac\u0131 bulunuyor.<\/p>\n","protected":false},"excerpt":{"rendered":"<p>Birle\u015fik Nakliyat \u00c7al\u0131\u015fanlar\u0131 Sendikas\u0131 (BTS), TCDD Ak\u00e7ay E\u011fitim ve Dinlenme Tesisi&#8217;nin sat\u0131\u015fa \u00e7\u0131kar\u0131lmas\u0131n\u0131 protesto etti. \u0130zmir \u015eubesi ve Edremit Demokrasi Platformu \u00fcyeleriyle birlikte tesiste a\u00e7\u0131klama yapan sendika, kamp\u0131n kamuya ili\u015fkin oldu\u011funu ve \u00f6zelle\u015ftirmenin halk\u0131n toplumsal haklar\u0131na atak manas\u0131na geldi\u011fini belirtti.<\/p>\n","protected":false},"author":1,"featured_media":63667,"comment_status":"open","ping_status":"open","sticky":false,"template":"","format":"standard","meta":{"footnotes":""},"categories":[25],"tags":[6021,273],"class_list":["post-63666","post","type-post","status-publish","format-standard","has-post-thumbnail","hentry","category-gundem","tag-kamp","tag-sosyal"],"_links":{"self":[{"href":"https:\/\/ikimisli.tr\/index.php\/wp-json\/wp\/v2\/posts\/63666","targetHints":{"allow":["GET"]}}],"collection":[{"href":"https:\/\/ikimisli.tr\/index.php\/wp-json\/wp\/v2\/posts"}],"about":[{"href":"https:\/\/ikimisli.tr\/index.php\/wp-json\/wp\/v2\/types\/post"}],"author":[{"embeddable":true,"href":"https:\/\/ikimisli.tr\/index.php\/wp-json\/wp\/v2\/users\/1"}],"replies":[{"embeddable":true,"href":"https:\/\/ikimisli.tr\/index.php\/wp-json\/wp\/v2\/comments?post=63666"}],"version-history":[{"count":1,"href":"https:\/\/ikimisli.tr\/index.php\/wp-json\/wp\/v2\/posts\/63666\/revisions"}],"predecessor-version":[{"id":63668,"href":"https:\/\/ikimisli.tr\/index.php\/wp-json\/wp\/v2\/posts\/63666\/revisions\/63668"}],"wp:featuredmedia":[{"embeddable":true,"href":"https:\/\/ikimisli.tr\/index.php\/wp-json\/wp\/v2\/media\/63667"}],"wp:attachment":[{"href":"https:\/\/ikimisli.tr\/index.php\/wp-json\/wp\/v2\/media?parent=63666"}],"wp:term":[{"taxonomy":"category","embeddable":true,"href":"https:\/\/ikimisli.tr\/index.php\/wp-json\/wp\/v2\/categories?post=63666"},{"taxonomy":"post_tag","embeddable":true,"href":"https:\/\/ikimisli.tr\/index.php\/wp-json\/wp\/v2\/tags?post=63666"}],"curies":[{"name":"wp","href":"https:\/\/api.w.org\/{rel}","templated":true}]}}