{"id":63738,"date":"2025-08-03T22:57:15","date_gmt":"2025-08-03T22:57:15","guid":{"rendered":"https:\/\/ikimisli.tr\/?p=63738"},"modified":"2025-08-03T22:57:15","modified_gmt":"2025-08-03T22:57:15","slug":"olmaz-bu-katar","status":"publish","type":"post","link":"https:\/\/ikimisli.tr\/index.php\/2025\/08\/03\/olmaz-bu-katar\/","title":{"rendered":"Olmaz bu Katar!"},"content":{"rendered":"<p>Cumhurba\u015fkan\u0131 Erdo\u011fan\u2019a 500 milyon dolarl\u0131k u\u00e7ak ile 53 yar\u0131\u015f at\u0131 ikram eden Katar Buyru\u011fu El Sani\u2019nin, T\u00fcrkiye\u2019den almad\u0131\u011f\u0131 bir \u015fey de neredeyse kalmad\u0131.<\/p>\n<p>Katar men\u015feli \u201cPa\u00e7avralar, misk s\u0131\u00e7an\u0131 k\u0131l\u0131, d\u00f6k\u00fcnt\u00fc keten, k\u00fck\u00fcrt, kum, \u00e7imento, antika e\u015fyalar, LED \u0131\u015f\u0131klar, LPG, mineral ya\u011flar, ah\u015fap, plastik ve cam\u201d bulunan y\u00fczlerce eserde g\u00fcmr\u00fck vergisi s\u0131f\u0131rland\u0131.<\/p>\n<p><img decoding=\"async\" src=\"https:\/\/ikimisli.tr\/wp-content\/uploads\/2025\/08\/olmaz-bu-katar-0-NLrDzksw.jpg\"\/><\/p>\n<p>\u201cBu karar yerli sanayi ve yerli \u00fcretime darbe olur, firmalar\u0131n rekabet g\u00fcc\u00fc zay\u0131flar\u201d diyen \u0130Y\u0130 Parti K\u00fcme Ba\u015fkanvekili Turhan \u00c7\u00f6mez, 30 Temmuz 2025 tarihinde \u00e7\u0131kar\u0131lan ve Katar men\u015feli y\u00fczlerce eserde g\u00fcmr\u00fck vergisi ile ek mali y\u00fck\u00fcml\u00fcl\u00fckleri s\u0131f\u0131rlayan karar\u0131n m\u00fcnasebetinin a\u00e7\u0131klanmas\u0131n\u0131 istedi.<\/p>\n<p><strong>BU KARARIN AMACI NED\u0130R<\/strong><\/p>\n<p>Ticaret Bakan\u0131 \u00d6mer Bolat taraf\u0131ndan yan\u0131tlanmas\u0131 istemiyle TBMM\u2019ye \u00f6nerge de veren \u00c7\u00f6mez \u201cBu karar\u0131n emeli nedir? Al\u0131nan karar\u0131n, sanayicimiz ve \u00fcreticimize yans\u0131mayacak olumsuzluk istikametleri hesap edilmi\u015f midir? G\u00fcmr\u00fck vergisi s\u0131f\u0131rlanan eser dallar\u0131nda faaliyet g\u00f6steren yerli firmalar\u0131n rekabet g\u00fcc\u00fc nas\u0131l etkilenecektir?\u201d sorular\u0131n\u0131 y\u00f6neltti. T\u00fcrkiye\u2019nin g\u00fcmr\u00fck vergisini s\u0131f\u0131rlad\u0131\u011f\u0131 Katar ile alakas\u0131 art\u0131k kab\u0131na s\u0131\u011fm\u0131yor.<\/p>\n<p><strong>TANK PALET FABR\u0130KASI<\/strong><\/p>\n<p>Cadde ve sokaklar\u0131m\u0131z\u0131n ismini \u2018Katar\u2019 olarak de\u011fi\u015ftirip, Emir\u2019in annesine Kanal \u0130stanbul yerlerini satt\u0131k. Tank Palet Fabrikas\u0131\u2019na ortak yap\u0131p, limanlar\u0131m\u0131z\u0131 kiralad\u0131k. 2022 d\u00fcnya kupas\u0131nda da tarihimizde birinci sefer asayi\u015fi sa\u011flamak i\u00e7in \u00f6b\u00fcr bir \u00fclkeye 2 bin 500 polis g\u00f6nderdik. Borsa \u0130stanbul\u2019un paylar\u0131 de Katarl\u0131lara sat\u0131l\u0131rken, Antalya Liman\u0131\u2019n\u0131n i\u015fletme hakk\u0131n\u0131 da verdik. Finansbank ve A Bank da Katar\u2019\u0131n oldu. \u0130stanbul Atak\u00f6y k\u0131y\u0131s\u0131nda 125 d\u00f6n\u00fcml\u00fck k\u0131ymetli yerler de TOK\u0130 taraf\u0131ndan Katarl\u0131 \u015firketlere sat\u0131ld\u0131.<\/p>\n<p><strong>YATIRIMLAR G\u00dcNEY KIBRIS\u2019A<\/strong><\/p>\n<p>Ancak t\u0131pk\u0131 Katar, KKTC\u2019yi yok say\u0131p, Do\u011fu Akdeniz\u2019de Rumlarla birlikte ve KKTC\u2019nin m\u00fcnhas\u0131r b\u00f6lge hudutlar\u0131na giren parsellerde do\u011falgaz aramaya ba\u015flad\u0131. Katar Buyru\u011fu El Sani ge\u00e7en y\u0131l resmi bir ziyaret i\u00e7in T\u00fcrkiye\u2019nin tan\u0131mad\u0131\u011f\u0131 G\u00fcney K\u0131br\u0131s\u2019a gitti ve milyonluk yat\u0131r\u0131mlara imza att\u0131.<\/p>\n<p><b><span>\u0130\u015fte verdiklerimiz<\/span><\/b><\/p>\n<p>&#8211; Katar Buyru\u011fu El Sani\u2019nin annesi \u015eeyha Moza, Kanal \u0130stanbul g\u00fczergah\u0131nda 44 d\u00f6n\u00fcm arazi sat\u0131n ald\u0131.<br \/>&#8211; Borsa \u0130stanbul\u2019un %10\u2019u Katar\u2019a sat\u0131ld\u0131.<br \/>&#8211; Tank Palet Fabrikas\u0131\u2019na 25 y\u0131l m\u00fcddetle ortak oldu.<br \/>&#8211; \u0130stanbul Hali\u00e7 Alt\u0131n Boynuz Projesi\u2019ne ortak oldu. Antalya Liman\u0131\u2019n\u0131n i\u015fletme hakk\u0131n\u0131 ald\u0131.<br \/>&#8211; S\u00fcleymaniye\u2019deki yenileme projesine ortak oldu.<br \/>&#8211; Finansbank\u2019\u0131n %99.8\u2019ini ve Abank\u2019\u0131n t\u00fcm\u00fcn\u00fc sat\u0131n ald\u0131.<br \/>&#8211; Digit\u00fcrk ve Beinsport da Katar\u2019\u0131n oldu.<br \/>&#8211; \u0130stinyePark\u2019\u0131n %42, Boyner\u2019in % 0.7, Banvit\u2019in %79.5 pay\u0131n\u0131 ald\u0131.<br \/>&#8211; Katar \u015firketleri Arkas \u0130n\u015faat ve Ergo Portf\u00f6y\u2019\u00fc de sat\u0131n ald\u0131.<br \/>&#8211; Katarl\u0131lar T\u00fcrkiye\u2019de 2 bin 500 adet konut sat\u0131n ald\u0131. <br \/>&#8211; TOK\u0130, Katarl\u0131 \u015firketler Atak\u00f6y k\u0131y\u0131s\u0131nda 125 d\u00f6n\u00fcm k\u0131ymetli arazi arazi satt\u0131.<\/p>\n","protected":false},"excerpt":{"rendered":"<p>Cumhurba\u015fkan\u0131 Erdo\u011fan\u2019a bir u\u00e7ak ikram eden Katar\u2019a y\u00f6nelik ayr\u0131cal\u0131klar\u0131n sonu gelmiyor Bankalar, limanlar, tank palet fabrikas\u0131n\u0131n akabinde y\u00fczlerce eserde g\u00fcmr\u00fck vergisi s\u0131f\u0131rland\u0131.<\/p>\n","protected":false},"author":1,"featured_media":63739,"comment_status":"open","ping_status":"open","sticky":false,"template":"","format":"standard","meta":{"footnotes":""},"categories":[25],"tags":[2155,380,149,1106],"class_list":["post-63738","post","type-post","status-publish","format-standard","has-post-thumbnail","hentry","category-gundem","tag-arazi","tag-istanbul","tag-karar","tag-katar"],"_links":{"self":[{"href":"https:\/\/ikimisli.tr\/index.php\/wp-json\/wp\/v2\/posts\/63738","targetHints":{"allow":["GET"]}}],"collection":[{"href":"https:\/\/ikimisli.tr\/index.php\/wp-json\/wp\/v2\/posts"}],"about":[{"href":"https:\/\/ikimisli.tr\/index.php\/wp-json\/wp\/v2\/types\/post"}],"author":[{"embeddable":true,"href":"https:\/\/ikimisli.tr\/index.php\/wp-json\/wp\/v2\/users\/1"}],"replies":[{"embeddable":true,"href":"https:\/\/ikimisli.tr\/index.php\/wp-json\/wp\/v2\/comments?post=63738"}],"version-history":[{"count":1,"href":"https:\/\/ikimisli.tr\/index.php\/wp-json\/wp\/v2\/posts\/63738\/revisions"}],"predecessor-version":[{"id":63741,"href":"https:\/\/ikimisli.tr\/index.php\/wp-json\/wp\/v2\/posts\/63738\/revisions\/63741"}],"wp:featuredmedia":[{"embeddable":true,"href":"https:\/\/ikimisli.tr\/index.php\/wp-json\/wp\/v2\/media\/63739"}],"wp:attachment":[{"href":"https:\/\/ikimisli.tr\/index.php\/wp-json\/wp\/v2\/media?parent=63738"}],"wp:term":[{"taxonomy":"category","embeddable":true,"href":"https:\/\/ikimisli.tr\/index.php\/wp-json\/wp\/v2\/categories?post=63738"},{"taxonomy":"post_tag","embeddable":true,"href":"https:\/\/ikimisli.tr\/index.php\/wp-json\/wp\/v2\/tags?post=63738"}],"curies":[{"name":"wp","href":"https:\/\/api.w.org\/{rel}","templated":true}]}}