{"id":63926,"date":"2025-08-04T08:57:16","date_gmt":"2025-08-04T08:57:16","guid":{"rendered":"https:\/\/ikimisli.tr\/?p=63926"},"modified":"2025-08-04T08:57:16","modified_gmt":"2025-08-04T08:57:16","slug":"sirnak-valiligi-acikladi-bazi-alanlar-ozel-guvenlik-bolgesi-ilan-edildi","status":"publish","type":"post","link":"https:\/\/ikimisli.tr\/index.php\/2025\/08\/04\/sirnak-valiligi-acikladi-bazi-alanlar-ozel-guvenlik-bolgesi-ilan-edildi\/","title":{"rendered":"\u015e\u0131rnak Valili\u011fi a\u00e7\u0131klad\u0131: Baz\u0131 alanlar &#8216;\u00f6zel g\u00fcvenlik b\u00f6lgesi&#8217; ilan edildi"},"content":{"rendered":"<p>\u015e\u0131rnak Valili\u011fi&#8217;nden\u00a0yap\u0131lan a\u00e7\u0131klamada, ulusal g\u00fcvenlik, kamu sistemi ve g\u00fcvenli\u011finin sa\u011flanmas\u0131, \u015fiddet olaylar\u0131n\u0131n \u00f6nlenmesi ve ya\u015fanabilecek her t\u00fcrl\u00fc olumsuz durumun \u00f6n\u00fcne ge\u00e7ilebilmesi hedefiyle 2565 say\u0131l\u0131 Askeri Yasak B\u00f6lgeler ile G\u00fcvenlik B\u00f6lgeleri Kanunu uyar\u0131nca \u015e\u0131rnak&#8217;\u0131n Beyt\u00fc\u015f\u015febap il\u00e7esi sonlar\u0131ndaki Dilekyolu, Tuzluca, Ayranc\u0131, \u00c7\u0131\u011fl\u0131ca ve \u0130ncebel Da\u011flar\u0131 b\u00f6lgelerinin 4-12 A\u011fustos&#8217;ta 9 g\u00fcn m\u00fchletle s\u00fcreksiz \u00f6zel g\u00fcvenlik b\u00f6lgesi ilan edildi\u011fi belirtildi.<\/p>\n<p><strong>A\u00e7\u0131klamada \u015fu s\u00f6zlere yer verildi:<\/strong><\/p>\n<p>&#8220;\u015e\u0131rnak ili m\u00fclki sonlar\u0131 i\u00e7erisinde yer alan; ulusal g\u00fcvenli\u011fin sa\u011flanmas\u0131, kamu sistemi ve g\u00fcvenli\u011finin korunmas\u0131, c\u00fcr\u00fcm i\u015flenmesinin \u00f6nlenmesi, temel hak ve \u00f6zg\u00fcrl\u00fckler ile oburlar\u0131n\u0131n hak ve \u00f6zg\u00fcrl\u00fcklerinin ve genel asayi\u015fin korunmas\u0131, \u015fiddet olaylar\u0131n\u0131n meydana gelmesinin \u00f6nlenmesi ve ya\u015fanabilecek her t\u00fcrl\u00fc olumsuz durumun \u00f6n\u00fcne ge\u00e7ilebilmesi emeliyle, 5442 Say\u0131l\u0131 Vilayet Y\u00f6netimi Kanunu&#8217;nun 11&#8217;inci unsurunun (c) f\u0131rkas\u0131 ile 2565 Say\u0131l\u0131 Askeri Yasak B\u00f6lgeler ve G\u00fcvenlik B\u00f6lgeleri Kanunu&#8217;nun 32\/A hususuna istinaden;<\/p>\n<p>\u015e\u0131rnak Valili\u011fince; koordinat bilgileri Ek&#8217;te mevcut olan \u015e\u0131rnak ili Beyt\u00fc\u015f\u015febap il\u00e7esi hudutlar\u0131nda bulunan Dilekyolu, Tuzluca, Ayranc\u0131, \u00c7\u0131\u011fl\u0131ca ve \u0130ncebelda\u011flar\u0131 b\u00f6lgelerine gidebilece\u011fi bedellendirilen vatanda\u015flar\u0131n, mezk\u00fbr b\u00f6lgelerdeki yasa d\u0131\u015f\u0131 \u00f6gelerden ve bunlara y\u00f6nelik al\u0131nacak \u00f6nlemlerden ziyan g\u00f6rmemeleri a\u00e7\u0131s\u0131ndan 04 A\u011fustos 2025 (D\u00e2hil) &#8211; 12 A\u011fustos 2025 (D\u00e2hil) tarihleri ortas\u0131nda (9) Dokuz g\u00fcn &#8220;Ge\u00e7ici \u00d6zel G\u00fcvenlik B\u00f6lgesi&#8221; ilan edilmi\u015ftir.<\/p>\n<p>Vatanda\u015flar\u0131m\u0131z\u0131n; bu tarihler ortas\u0131nda 2565 say\u0131l\u0131 Askeri Yasak B\u00f6lgeler ve G\u00fcvenlik B\u00f6lgeleri Kanunu kapsam\u0131nda yetkili makamlardan m\u00fcsaade almak suretiyle ilan edilen b\u00f6lgelere girebilece\u011fi, aksi halde 5442 say\u0131l\u0131 Vilayet Y\u00f6netimi Kanunun 66&#8217;nc\u0131 unsuru mucibince cezai s\u00fcre\u00e7 uygulanaca\u011f\u0131,<\/p>\n<p>Kamuoyuna H\u00fcrmet ile duyurulur.&#8221;<\/p>\n","protected":false},"excerpt":{"rendered":"<p>\u015e\u0131rnak Valili\u011fi&#8217;nce birtak\u0131m alanlar, 9 g\u00fcn m\u00fchletle &#8220;\u00f6zel g\u00fcvenlik b\u00f6lgesi&#8221; ilan edildi.<\/p>\n","protected":false},"author":1,"featured_media":63927,"comment_status":"open","ping_status":"open","sticky":false,"template":"","format":"standard","meta":{"footnotes":""},"categories":[25],"tags":[1621,1525,4760,1222,1623],"class_list":["post-63926","post","type-post","status-publish","format-standard","has-post-thumbnail","hentry","category-gundem","tag-bolgeler","tag-guvenlik","tag-kanunu","tag-sayili","tag-sirnak"],"_links":{"self":[{"href":"https:\/\/ikimisli.tr\/index.php\/wp-json\/wp\/v2\/posts\/63926","targetHints":{"allow":["GET"]}}],"collection":[{"href":"https:\/\/ikimisli.tr\/index.php\/wp-json\/wp\/v2\/posts"}],"about":[{"href":"https:\/\/ikimisli.tr\/index.php\/wp-json\/wp\/v2\/types\/post"}],"author":[{"embeddable":true,"href":"https:\/\/ikimisli.tr\/index.php\/wp-json\/wp\/v2\/users\/1"}],"replies":[{"embeddable":true,"href":"https:\/\/ikimisli.tr\/index.php\/wp-json\/wp\/v2\/comments?post=63926"}],"version-history":[{"count":1,"href":"https:\/\/ikimisli.tr\/index.php\/wp-json\/wp\/v2\/posts\/63926\/revisions"}],"predecessor-version":[{"id":63928,"href":"https:\/\/ikimisli.tr\/index.php\/wp-json\/wp\/v2\/posts\/63926\/revisions\/63928"}],"wp:featuredmedia":[{"embeddable":true,"href":"https:\/\/ikimisli.tr\/index.php\/wp-json\/wp\/v2\/media\/63927"}],"wp:attachment":[{"href":"https:\/\/ikimisli.tr\/index.php\/wp-json\/wp\/v2\/media?parent=63926"}],"wp:term":[{"taxonomy":"category","embeddable":true,"href":"https:\/\/ikimisli.tr\/index.php\/wp-json\/wp\/v2\/categories?post=63926"},{"taxonomy":"post_tag","embeddable":true,"href":"https:\/\/ikimisli.tr\/index.php\/wp-json\/wp\/v2\/tags?post=63926"}],"curies":[{"name":"wp","href":"https:\/\/api.w.org\/{rel}","templated":true}]}}