{"id":64048,"date":"2025-08-04T15:57:13","date_gmt":"2025-08-04T15:57:13","guid":{"rendered":"https:\/\/ikimisli.tr\/?p=64048"},"modified":"2025-08-04T15:57:13","modified_gmt":"2025-08-04T15:57:13","slug":"uc-ogrenciye-verilen-yasa-disi-afis-cezasi-buyuk-tepki-topladi","status":"publish","type":"post","link":"https:\/\/ikimisli.tr\/index.php\/2025\/08\/04\/uc-ogrenciye-verilen-yasa-disi-afis-cezasi-buyuk-tepki-topladi\/","title":{"rendered":"\u00dc\u00e7 \u00f6\u011frenciye verilen &#8216;yasa d\u0131\u015f\u0131 afi\u015f&#8217; cezas\u0131 b\u00fcy\u00fck tepki toplad\u0131"},"content":{"rendered":"<p>Hatay\u2019\u0131n Antakya il\u00e7esinde bulunan Osman \u00d6tken Anadolu Lisesi\u2019nde, proje okulu uygulamas\u0131 kapsam\u0131nda vazife yeri de\u011fi\u015ftirilen \u00f6\u011fretmenlerine dayanak olmak maksad\u0131yla okul panosuna yaz\u0131lar asan \u00fc\u00e7 \u00f6\u011frenci disiplin cezas\u0131 ald\u0131. \u00d6\u011frenciler H.T, S.D. ve E.A, \u201cyasa d\u0131\u015f\u0131 afi\u015f yap\u0131\u015ft\u0131rmak\u201d gerek\u00e7esiyle disiplin konseyine sevk edildi ve \u00fc\u00e7 g\u00fcn okuldan uzakla\u015ft\u0131rma cezas\u0131 verildi.<\/p>\n<p>Afi\u015flerde \u201cBiz hocam\u0131zdan raz\u0131y\u0131z, siz de\u011fil misiniz?\u201d, \u201cHaklar\u0131n\u0131 \u00f6deyemezsiniz, bari haklar\u0131na girmeyin\u201d ve \u201c\u00d6\u011frenci sorgular\u201d tabirlerinin yer ald\u0131\u011f\u0131 \u00f6\u011frenildi. \u00d6\u011frencilerin velileri ise verilen cezan\u0131n haks\u0131z ve a\u011f\u0131r oldu\u011funu savunarak, okul idaresini tehdit, ayr\u0131mc\u0131l\u0131k ve \u00e7ocuk haklar\u0131 ihlaliyle su\u00e7lad\u0131.<\/p>\n<p><b>&#8220;\u00c7OCUKLARI KORKUTTULAR&#8221;<\/b><\/p>\n<p>Disiplin cezas\u0131 alan \u00f6\u011frencilerden birinin velisi Murat T, k\u0131z\u0131n\u0131n a\u011flayarak kendisini aray\u0131p \u201cBizi savc\u0131l\u0131\u011fa verecekler, ter\u00f6rle \u00e7abada sorgulayacaklar\u201d dedi\u011fini aktararak, okul m\u00fcd\u00fcr\u00fcn\u00fcn \u00e7ocuklar\u0131 bask\u0131 alt\u0131na ald\u0131\u011f\u0131n\u0131 arg\u00fcman etti.<\/p>\n<p><b>&#8220;H\u00dcK\u00dcMET\u0130 PROTESTO ETT\u0130\u011e\u0130 S\u00d6YLEND\u0130&#8221;<\/b><\/p>\n<p>Murat T, \u201c\u00c7ocu\u011fumun yasa d\u0131\u015f\u0131, ter\u00f6rsel aksiyon yapt\u0131\u011f\u0131, h\u00fck\u00fcmeti protesto etti\u011fi s\u00f6ylendi. Namaz k\u0131lan \u00e7ocuklara \u2018Sizin k\u0131ld\u0131\u011f\u0131n\u0131z namaz kabul olur mu?\u2019 denildi. \u2018Atat\u00fcrk gelse sizin h\u0131z\u0131n\u0131za t\u00fck\u00fcr\u00fcr, beni aln\u0131mdan \u00f6per\u2019 kelamlar\u0131yla hakaret edildi. Bu \u00e7ocuklar, YKS\u2019de derece yapm\u0131\u015f, okulun en ba\u015far\u0131l\u0131 \u00f6\u011frencileri\u201d dedi.<\/p>\n<p><b>\u201cCEZA KALDIRILDI, SONRA TEKRAR OYLAMA YAPILDI\u201d<\/b><\/p>\n<p>Veli Murat T, disiplin \u015furas\u0131n\u0131n birinci oylamada \u00f6\u011frencilerin cezas\u0131n\u0131 kald\u0131rd\u0131\u011f\u0131n\u0131 fakat okul m\u00fcd\u00fcr\u00fcn\u00fcn ikinci bir oylama yapt\u0131rarak \u00f6\u011fretmenleri y\u00f6nlendirdi\u011fini ve karar\u0131n de\u011fi\u015ftirildi\u011fini s\u00f6yledi, disiplin cezas\u0131na dair yasal olarak velilere yap\u0131lmas\u0131 gereken yaz\u0131l\u0131 tebligat\u0131n da yap\u0131lmad\u0131\u011f\u0131n\u0131 belirtti.<\/p>\n<p>Murat T, cezan\u0131n \u00f6\u011frencinin gelece\u011fini olumsuz etkileyece\u011fini belirterek, \u201cBu karar y\u00fcz\u00fcnden \u00e7ocu\u011fumun KYK yurtlar\u0131nda kalmas\u0131 ya da devlet bursu almas\u0131 engellenebilir. Bu kadar temiz bir harekete kar\u015f\u0131 bu kadar a\u011f\u0131r bir yapt\u0131r\u0131m kabul edilemez\u201d diye konu\u015ftu.<\/p>\n<p>Olay\u0131n akabinde \u00e7ocu\u011funun \u00f6\u011flen yeme\u011finden yoksun b\u0131rak\u0131ld\u0131\u011f\u0131n\u0131 ve beslenme hakk\u0131n\u0131n engellendi\u011fini ileri s\u00fcren veli, \u201cEvde el bebek g\u00fcl bebek b\u00fcy\u00fctt\u00fc\u011f\u00fcm \u00e7ocu\u011fum okulda a\u00e7 b\u0131rak\u0131ld\u0131. Bunun hi\u00e7bir pedagojik ve t\u00fcrel deste\u011fi olamaz&#8221; dedi.<\/p>\n","protected":false},"excerpt":{"rendered":"<p>Hatay\u2019daki Osman \u00d6tken Anadolu Lisesi\u2019nde \u00f6\u011fretmenlerinin di\u011fer okula g\u00f6nderilmesini panoya yazd\u0131klar\u0131 yaz\u0131larla protesto eden \u00fc\u00e7 \u00f6\u011frenciye \u201cyasa d\u0131\u015f\u0131 afi\u015f\u201d su\u00e7lamas\u0131yla \u00fc\u00e7 g\u00fcn uzakla\u015ft\u0131rma cezas\u0131 verildi. Veliler olaya sert reaksiyon g\u00f6sterdi.<\/p>\n","protected":false},"author":1,"featured_media":64049,"comment_status":"open","ping_status":"open","sticky":false,"template":"","format":"standard","meta":{"footnotes":""},"categories":[25],"tags":[675,1368,658,1061,2732],"class_list":["post-64048","post","type-post","status-publish","format-standard","has-post-thumbnail","hentry","category-gundem","tag-cocuk","tag-disiplin","tag-ogrenci","tag-okul","tag-veli"],"_links":{"self":[{"href":"https:\/\/ikimisli.tr\/index.php\/wp-json\/wp\/v2\/posts\/64048","targetHints":{"allow":["GET"]}}],"collection":[{"href":"https:\/\/ikimisli.tr\/index.php\/wp-json\/wp\/v2\/posts"}],"about":[{"href":"https:\/\/ikimisli.tr\/index.php\/wp-json\/wp\/v2\/types\/post"}],"author":[{"embeddable":true,"href":"https:\/\/ikimisli.tr\/index.php\/wp-json\/wp\/v2\/users\/1"}],"replies":[{"embeddable":true,"href":"https:\/\/ikimisli.tr\/index.php\/wp-json\/wp\/v2\/comments?post=64048"}],"version-history":[{"count":1,"href":"https:\/\/ikimisli.tr\/index.php\/wp-json\/wp\/v2\/posts\/64048\/revisions"}],"predecessor-version":[{"id":64050,"href":"https:\/\/ikimisli.tr\/index.php\/wp-json\/wp\/v2\/posts\/64048\/revisions\/64050"}],"wp:featuredmedia":[{"embeddable":true,"href":"https:\/\/ikimisli.tr\/index.php\/wp-json\/wp\/v2\/media\/64049"}],"wp:attachment":[{"href":"https:\/\/ikimisli.tr\/index.php\/wp-json\/wp\/v2\/media?parent=64048"}],"wp:term":[{"taxonomy":"category","embeddable":true,"href":"https:\/\/ikimisli.tr\/index.php\/wp-json\/wp\/v2\/categories?post=64048"},{"taxonomy":"post_tag","embeddable":true,"href":"https:\/\/ikimisli.tr\/index.php\/wp-json\/wp\/v2\/tags?post=64048"}],"curies":[{"name":"wp","href":"https:\/\/api.w.org\/{rel}","templated":true}]}}