{"id":64056,"date":"2025-08-04T16:21:13","date_gmt":"2025-08-04T16:21:13","guid":{"rendered":"https:\/\/ikimisli.tr\/?p=64056"},"modified":"2025-08-04T16:21:13","modified_gmt":"2025-08-04T16:21:13","slug":"meteoroloji-uzmanindan-korkutan-aciklama-eyyam-i-bahurun-ikinci-dalgasi-yolda-turkiye-diken-ustunde","status":"publish","type":"post","link":"https:\/\/ikimisli.tr\/index.php\/2025\/08\/04\/meteoroloji-uzmanindan-korkutan-aciklama-eyyam-i-bahurun-ikinci-dalgasi-yolda-turkiye-diken-ustunde\/","title":{"rendered":"Meteoroloji uzman\u0131ndan korkutan a\u00e7\u0131klama! &#8216;Eyyam-\u0131 bahur&#8217;un ikinci dalgas\u0131 yolda, T\u00fcrkiye diken \u00fcst\u00fcnde"},"content":{"rendered":"<p>T\u00fcrkiye genelinde s\u0131cakl\u0131klar mevsim normallerinin \u00fczerinde seyretmeye devam ederken bir\u00e7ok vilayetten &#8216;kurakl\u0131k&#8217; haberleri gelmeye ba\u015flad\u0131; birtak\u0131m vilayetlerde su kesintileri ba\u015flad\u0131, farkl\u0131 tahliller i\u00e7in yetkililer harekete ge\u00e7ti.<\/p>\n<p>Bu s\u0131cak g\u00fcnlerde vatanda\u015f Meteoroloji Genel M\u00fcd\u00fcrl\u00fc\u011f\u00fc&#8217;nden gelecek &#8216;serinletici&#8217; bir haber beklerken Hali\u00e7 \u00dcniversitesi \u00d6\u011fretim Vazifelisi Meteoroloji Uzman\u0131 Ahmet K\u00f6se, yeni haftaya dair hava durumu varsay\u0131mlar\u0131n\u0131 payla\u015ft\u0131.<\/p>\n<p>S\u00f6zc\u00fc TV&#8217;de Simge F\u0131st\u0131ko\u011flu ile &#8216;\u0130yi ki Hafta Sonu&#8217; program\u0131na konuk olan K\u00f6se, yurt genelinde ya\u015fanan kurakl\u0131k ve \u00e7ok s\u0131caklara ait a\u00e7\u0131klamalarda bulundu.<\/p>\n<p>Ge\u00e7ti\u011fimiz ay \u00fclke genelinde ya\u015fanan &#8216;eyyam-\u0131 bahur&#8217; s\u0131caklar\u0131n\u0131n ikinci dalgas\u0131n\u0131n a\u011fustos ortas\u0131nda tesirli olaca\u011f\u0131na i\u015faret eden K\u00f6se, &#8220;Ancak birinci dalga kadar bunalt\u0131c\u0131 olmayacak \u00fczere g\u00f6r\u00fcn\u00fcyor. Eski \u0130stanbullular\u0131n da dedi\u011fi \u00fczere &#8216;A\u011fustos\u2019un yar\u0131s\u0131 yaz, yar\u0131s\u0131 sonbahar&#8221; dedi.<\/p>\n<p>Ya\u011f\u0131\u015flar\u0131n oldu\u011funu lakin bunlar\u0131n yetersiz oldu\u011funu vurgulayan K\u00f6se, d\u00fcn \u0130stanbul&#8217;da k\u0131smen olarak \u00f6b\u00fcr yerlerde de a\u011f\u0131r g\u00f6r\u00fclen ya\u011f\u0131\u015flar\u0131n uzun s\u00fcren kurakl\u0131\u011f\u0131n tesirlerini gidermede yetersiz oldu\u011funu vurgulad\u0131.<\/p>\n<p>K\u00f6se, ayr\u0131yeten haziran ay\u0131nda \u0130stanbul\u2019un y\u00fczde 90 ya\u011f\u0131\u015f azl\u0131\u011f\u0131yla &#8220;ola\u011fan\u00fcst\u00fc kurak&#8221; bir devir ge\u00e7irdi\u011fini belirterek gibisi durumun Ege ve T\u00fcrkiye&#8217;nin b\u00fcy\u00fck bir k\u0131sm\u0131nda g\u00f6r\u00fcld\u00fc\u011f\u00fcn\u00fc de kaydetti.<\/p>\n<p>K\u00f6se&#8217;nin de\u011ferlendirmelerinden \u00f6ne \u00e7\u0131kanlar \u00f6zetle \u015fu formda:<\/p>\n<p>&#8220;\u00d6ncelikle bug\u00fcn Bolu ve \u00c7ank\u0131r\u0131 etraflar\u0131nda, Meteoroloji Genel M\u00fcd\u00fcrl\u00fc\u011f\u00fc\u2019n\u00fcn varsay\u0131mlar\u0131na nazaran, Ankara\u2019daki \u00fczere sel ve ta\u015fk\u0131n riskine neden olabilecek \u015fiddetli ya\u011f\u0131\u015flar bekleniyor. Bu bahiste ikaz\u0131m\u0131z\u0131 yapal\u0131m.<\/p>\n<p>\u00dclke genelinde, bilhassa kuzey k\u0131s\u0131mlarda, hava s\u0131cakl\u0131klar\u0131 mevsim normalleri civar\u0131na geriledi. Ya\u011f\u0131\u015fla birlikte bir nebze ferahlad\u0131k. Lakin do\u011fu b\u00f6lgelerimizde s\u0131cakl\u0131klar hala mevsim normallerinin \u00fczerinde.<\/p>\n<p>Hafta ba\u015f\u0131ndan itibaren Karadeniz k\u0131y\u0131lar\u0131 boyunca, ayr\u0131yeten Toroslar&#8217;\u0131n G\u00f6ller B\u00f6lgesi olarak isimlendirdi\u011fimiz ve Mu\u011fla&#8217;dan Kahramanmara\u015f\u2019a kadar uzanan hatta, ya\u011f\u0131\u015flar g\u00f6r\u00fclecek. Bu durum per\u015fembe g\u00fcn\u00fcne kadar devam edecek.<\/p>\n<p>Per\u015fembe g\u00fcn\u00fc ise ya\u011f\u0131\u015flar\u0131n tesiri biraz daha artacak. \u0130stanbul ba\u015fta olmak \u00fczere, Ege B\u00f6lgesi ve \u0130zmir etraf\u0131 hari\u00e7, yurdun b\u00fcy\u00fck k\u0131sm\u0131na yine ya\u011f\u0131\u015fl\u0131 hava gelecek ve 3\u20134 g\u00fcn m\u00fcddetince serinleyece\u011fiz. Sonras\u0131nda s\u0131cakl\u0131klar tekrar artacak.<\/p>\n<p>Tahminlere nazaran, 10 A\u011fustos\u2019tan itibaren s\u0131cakl\u0131klar\u0131n tekrar artmas\u0131 bekleniyor. Lakin o tarihe kadar aral\u0131kl\u0131 olarak ya\u011f\u0131\u015f almaya devam edece\u011fiz. Bu uzun ortadan sonra gelen ya\u011f\u0131\u015flar sevindirici.<\/p>\n<p>Zira haziran ay\u0131nda \u0130stanbul, y\u00fczde 90 oran\u0131nda ya\u011f\u0131\u015f azl\u0131\u011f\u0131yla harikul\u00e2de kurak bir periyot ge\u00e7irdi.<\/p>\n<p>Sadece \u0130stanbul de\u011fil, Meteoroloji Genel M\u00fcd\u00fcrl\u00fc\u011f\u00fc\u2019n\u00fcn datalar\u0131na nazaran Karadeniz k\u0131y\u0131lar\u0131 ve Ege haricinde \u00fclkenin b\u00fcy\u00fck bir k\u0131sm\u0131 fevkal\u00e2de kurak ge\u00e7ti.<\/p>\n<p>Bu durum, ba\u015fta orman yang\u0131n\u0131 riski olmak \u00fczere pek \u00e7ok sorunu g\u00fcndeme getiriyor. \u0130l\u00e7elerimizde su k\u0131tl\u0131\u011f\u0131 ya\u015fan\u0131yor.<\/p>\n<p>Ve en \u00e7ok suyu tar\u0131mda t\u00fcketiyoruz: y\u00fczde 71 oran\u0131nda. End\u00fcstride y\u00fczde 20, vatanda\u015flar olarak ise yaln\u0131zca y\u00fczde 9\u2019unu kullan\u0131yoruz.<\/p>\n<p>Eyyam-\u0131 Bahur&#8217;un birinci dalgas\u0131n\u0131 ge\u00e7ti\u011fimiz g\u00fcnlerde ya\u015fad\u0131k. \u0130kinci dalgas\u0131 da 10 A\u011fustos\u2019tan sonra bekleniyor. Fakat \u015fu anki bilgilere nazaran, Temmuz\u2019daki kadar bo\u011fucu olmayacak \u00fczere g\u00f6r\u00fcn\u00fcyor.<\/p>\n<p>Eski \u0130stanbullular g\u00fczel bilir: \u201cA\u011fustos\u2019un yar\u0131s\u0131 yaz, yar\u0131s\u0131 sonbahar.\u201d Hakikaten de A\u011fustos\u2019un ikinci yar\u0131s\u0131nda s\u0131cakl\u0131klar biraz k\u0131r\u0131l\u0131r. Lakin 2000 y\u0131l\u0131ndan sonra yap\u0131lan \u00e7al\u0131\u015fmalarda \u015fu tespit edildi: Yaz s\u0131cakl\u0131klar\u0131 \u00fclke genelinde mevsim normallerinin \u00fczerinde seyrediyor ve mevsimlerde \u00f6telenme var. \u0130lkbahar ve sonbahar mevsimlerinde yakla\u015f\u0131k 25 g\u00fcnl\u00fck bir azalma; yaz ve k\u0131\u015f mevsimlerinde ise uzama g\u00f6r\u00fcl\u00fcyor. Bu da yaz mevsimini Eyl\u00fcl&#8217;\u00fcn 25\u2019ine kadar uzat\u0131yor.<\/p>\n<p>Meteoroloji Genel M\u00fcd\u00fcrl\u00fc\u011f\u00fc\u2019n\u00fcn 3 ayl\u0131k uzun vadeli varsay\u0131mlar\u0131na bakt\u0131\u011f\u0131m\u0131zda: A\u011fustos ay\u0131nda s\u0131cakl\u0131klar mevsim normallerinin \u00fczerinde seyredecek. Ya\u011f\u0131\u015flar ise mevsim normalleri civar\u0131nda olacak. Eyl\u00fcl ay\u0131nda da tekrar s\u0131cakl\u0131klar mevsim normallerinin \u00fczerinde olacak.<\/p>\n<p>Ekim ay\u0131nda ise s\u0131cakl\u0131klar mevsim normallerinin \u00fczerinde; ancak ya\u011f\u0131\u015flar ne yaz\u0131k ki mevsim normallerinin alt\u0131nda kalacak \u00fczere g\u00f6r\u00fcn\u00fcyor. Past\u0131rma yaz\u0131 dedi\u011fimiz periyot, Ekim sonu ile Kas\u0131m ortas\u0131 ortas\u0131d\u0131r. \u015eayet Ekim ay\u0131nda ya\u011f\u0131\u015flar az olursa, mevcut kurakl\u0131k devam eder ve su k\u0131tl\u0131\u011f\u0131 daha fazla vilayetimize yay\u0131labilir. Bu nedenle idarecilerimizin bu kestirimlere nazaran \u015fimdiden \u00f6nlemli olmas\u0131 gerekiyor.&#8221;<\/p>\n","protected":false},"excerpt":{"rendered":"<p>T\u00fcrkiye genelinde \u00e7ok s\u0131caklarla paralel kurakl\u0131k ya\u015fan\u0131rken meteoroloji uzman\u0131 Ahmet K\u00f6se, &#8216;eyyam-\u0131 bahur&#8217; s\u0131caklar\u0131n\u0131n ikinci dalgas\u0131n\u0131n yolda oldu\u011funu s\u00f6yledi. Ge\u00e7en yaz aylar\u0131nda \u0130stanbul&#8217;da y\u00fczde 90 ya\u011f\u0131\u015f azl\u0131\u011f\u0131yla &#8220;ola\u011fan\u00fcst\u00fc kurak&#8221; bir devir ge\u00e7irdi\u011fini belirten K\u00f6se, emsal durumun Ege haricinde \u00fclkenin b\u00fcy\u00fck k\u0131sm\u0131nda ya\u015fand\u0131\u011f\u0131n\u0131 da kelamlar\u0131na ekledi.<\/p>\n","protected":false},"author":1,"featured_media":64057,"comment_status":"open","ping_status":"open","sticky":false,"template":"","format":"standard","meta":{"footnotes":""},"categories":[25],"tags":[89,7931,4166,1191,4832],"class_list":["post-64056","post","type-post","status-publish","format-standard","has-post-thumbnail","hentry","category-gundem","tag-gun","tag-kurak","tag-sicakliklar","tag-yagis","tag-yaz"],"_links":{"self":[{"href":"https:\/\/ikimisli.tr\/index.php\/wp-json\/wp\/v2\/posts\/64056","targetHints":{"allow":["GET"]}}],"collection":[{"href":"https:\/\/ikimisli.tr\/index.php\/wp-json\/wp\/v2\/posts"}],"about":[{"href":"https:\/\/ikimisli.tr\/index.php\/wp-json\/wp\/v2\/types\/post"}],"author":[{"embeddable":true,"href":"https:\/\/ikimisli.tr\/index.php\/wp-json\/wp\/v2\/users\/1"}],"replies":[{"embeddable":true,"href":"https:\/\/ikimisli.tr\/index.php\/wp-json\/wp\/v2\/comments?post=64056"}],"version-history":[{"count":1,"href":"https:\/\/ikimisli.tr\/index.php\/wp-json\/wp\/v2\/posts\/64056\/revisions"}],"predecessor-version":[{"id":64058,"href":"https:\/\/ikimisli.tr\/index.php\/wp-json\/wp\/v2\/posts\/64056\/revisions\/64058"}],"wp:featuredmedia":[{"embeddable":true,"href":"https:\/\/ikimisli.tr\/index.php\/wp-json\/wp\/v2\/media\/64057"}],"wp:attachment":[{"href":"https:\/\/ikimisli.tr\/index.php\/wp-json\/wp\/v2\/media?parent=64056"}],"wp:term":[{"taxonomy":"category","embeddable":true,"href":"https:\/\/ikimisli.tr\/index.php\/wp-json\/wp\/v2\/categories?post=64056"},{"taxonomy":"post_tag","embeddable":true,"href":"https:\/\/ikimisli.tr\/index.php\/wp-json\/wp\/v2\/tags?post=64056"}],"curies":[{"name":"wp","href":"https:\/\/api.w.org\/{rel}","templated":true}]}}