{"id":64176,"date":"2025-08-04T22:57:11","date_gmt":"2025-08-04T22:57:11","guid":{"rendered":"https:\/\/ikimisli.tr\/?p=64176"},"modified":"2025-08-04T22:57:11","modified_gmt":"2025-08-04T22:57:11","slug":"aktasin-ilk-davasi-cocuga-tecavuzden-yargilanmak","status":"publish","type":"post","link":"https:\/\/ikimisli.tr\/index.php\/2025\/08\/04\/aktasin-ilk-davasi-cocuga-tecavuzden-yargilanmak\/","title":{"rendered":"Akta\u015f\u2019\u0131n ilk davas\u0131: \u00c7ocu\u011fa tecav\u00fczden yarg\u0131lanmak"},"content":{"rendered":"<p>Be\u015fikta\u015f Belediyesi\u2019ne y\u00f6nelik operasyonda organize su\u00e7 \u00f6rg\u00fct\u00fc lideri olmaktan tutukland\u0131ktan sonra itiraf\u00e7\u0131 olup CHP\u2019li belediye liderlerinin tutuklanmas\u0131n\u0131 sa\u011flayan ve kar\u015f\u0131l\u0131\u011f\u0131nda aktif pi\u015fmanl\u0131ktan yararland\u0131r\u0131larak mesken hapsine al\u0131nan Aziz \u0130hsan Akta\u015f\u2019\u0131n tecav\u00fczden yarg\u0131land\u0131\u011f\u0131 ortaya \u00e7\u0131kt\u0131.<\/p>\n<p>Akta\u015f\u2019\u0131n, Diyarbak\u0131r\u2019da akrabas\u0131 Veysi Akta\u015f\u2019\u0131n tutuklanmas\u0131ndan sonra ailesiyle birlikte g\u00f6\u00e7 ettikleri Osmaniye\u2019de bir k\u0131z \u00e7ocu\u011funa tecav\u00fcz etti\u011fi belirlendi.<\/p>\n<p><strong>G\u00d6\u00c7 ETT\u0130LER<\/strong><\/p>\n<p>\u00d6calan\u2019\u0131n sekretaryas\u0131ndayken ge\u00e7ti\u011fimiz g\u00fcnlerde infaz\u0131n\u0131 tamamlad\u0131\u011f\u0131 i\u00e7in tahliyesine karar verilen akrabas\u0131 Veysi Akta\u015f\u2019\u0131n 1994 y\u0131l\u0131nda tutuklanmas\u0131 \u00fczerine b\u00f6lgedeki inan\u0131lmaz hal kurallar\u0131ndan \u00f6t\u00fcr\u00fc Aziz \u0130hsan Akta\u015f ve ailesi de t\u0131pk\u0131 y\u0131l i\u00e7inde Diyarbak\u0131r\u2019\u0131 terk edip Osmaniye\u2019ye g\u00f6\u00e7 etti. Fakat Akta\u015f g\u00f6\u00e7 ettikleri y\u0131l Osmaniye\u2019de ikamet ederken 15 ya\u015f\u0131ndaki bir k\u0131z \u00e7ocu\u011funa tecav\u00fcz etmek kabahatinden g\u00f6zalt\u0131na al\u0131nd\u0131. 26 A\u011fustos 1994 g\u00fcn\u00fc k\u00fc\u00e7\u00fck k\u0131z \u00e7ocu\u011fu \u0130simli T\u0131p\u2019a sevk edildi.<\/p>\n<p><strong>18 YA\u015eINDAYDI<\/strong><\/p>\n<p>O tarihte 18 ya\u015f\u0131nda olan Akta\u015f\u2019tan k\u0131z\u0131n ailesi ve k\u00fc\u00e7\u00fck k\u0131z \u015fik\u00e2yet\u00e7i oldu. Akta\u015f hakk\u0131nda Osmaniye Cumhuriyet Ba\u015fsavc\u0131l\u0131\u011f\u0131nca \u201cRe\u015fit olmayan ma\u011fdureyi iste\u011fi ile al\u0131koymak, \u0131rza ge\u00e7mek ve k\u0131zl\u0131k bozmak, hengamede korkutmak amac\u0131yla b\u0131\u00e7ak \u00e7ekmek, adiyyen m\u00fcessir fiil, hengamede korkutmak gayesiyle silah bo\u015faltmak\u201d c\u00fcr\u00fcmlerinden dava a\u00e7\u0131ld\u0131. Akta\u015f savunmas\u0131nda k\u0131z\u0131n ya\u015f\u0131n\u0131n k\u00fc\u00e7\u00fck oldu\u011funu bilmedi\u011fini ve iste\u011fiyle birlikte olduklar\u0131n\u0131 s\u00f6yledi. Yarg\u0131lama devam ederken k\u00fc\u00e7\u00fck k\u0131z ve ailesi \u015fik\u00e2yetinden vazge\u00e7ince 5 y\u0131l s\u00fcren yarg\u0131lama sonunda ve yasa mucibince Aziz \u0130hsan Akta\u015f hakk\u0131nda 7 Aral\u0131k 1999 g\u00fcn\u00fc mahkeme beraat karar\u0131 verdi. <\/p>\n<p><b><span>Sevgilisini gebe b\u0131rakt\u0131 \u00e7al\u0131\u015fan\u0131yla evlendirip bir de ismini de\u011fi\u015ftirdi<\/span><\/b><\/p>\n<p>Evli ve 5 \u00e7ocuk babas\u0131 49 ya\u015f\u0131ndaki Aziz \u0130hsan Akta\u015f, kendisinden 25 ya\u015f k\u00fc\u00e7\u00fck sevgilisi G\u00f6k\u00e7e G.\u2019yi gebe b\u0131rakt\u0131\u011f\u0131 i\u00e7in e\u015fi ve \u00e7ocuklar\u0131 duymas\u0131n diye \u015firket \u00e7al\u0131\u015fanlar\u0131ndan biriyle resmi olarak apar topar evlendirmek zorunda kalm\u0131\u015ft\u0131. Akabinde da gayr\u0131 yasal m\u00fcnasebetinden gebe b\u0131rakt\u0131\u011f\u0131 sevgilisine Be\u015fikta\u015f Belediyesi\u2019nden 14 milyon liral\u0131k ihale ald\u0131.<\/p>\n<p><strong>\u015eEYTAN\u0130 PLAN<\/strong><\/p>\n<p>Sevgilisi ismine kurdu\u011fu \u0130ldeniz Tertip ismine ald\u0131\u011f\u0131 ihalenin reklam ve tertip i\u015fleri oldu\u011fu belirlendi. Gayr\u0131 legal m\u00fcnasebetten d\u00fcnyaya gelen bebe\u011fi i\u00e7in \u015feytani plan hayata ge\u00e7iren Akta\u015f, sevgilisi G\u00f6k\u00e7e\u2019yi Akta\u015f K\u00fcme b\u00fcnyesinde \u00e7al\u0131\u015fan \u015eaban \u00dc. ile resmi olarak evlendirdi. Lakin \u015eaban \u00dc.\u2019ye evvel ismini ve soyad\u0131n\u0131 Aziz \u0130hsan Akta\u015f olarak de\u011fi\u015ftirmesini istedi. B\u00f6ylelikle bebe\u011fin n\u00fcfustaki kayd\u0131nda \u00e7ocu\u011fun babas\u0131, kendi ismini ta\u015f\u0131yan biri oldu. Akta\u015f\u2019a y\u00fcr\u00fcten KOM savc\u0131lar\u0131 taraf\u0131ndan bu konu da sorguda soruldu. Lakin Akta\u015f, bunun \u00f6zel ailevi bir s\u0131k\u0131nt\u0131 oldu\u011fu ve soru\u015fturma ile alakal\u0131 olmad\u0131\u011f\u0131 i\u00e7in bu soruya kar\u015f\u0131l\u0131k vermek istemedi\u011fini belirterek susma hakk\u0131n\u0131 kulland\u0131\u011f\u0131 belirtti.<\/p>\n<p><strong>RIZASI VAR DED\u0130, KIZIN YAKINLARINA SALDIRDI<\/strong><\/p>\n<p>Osmaniye 1\u2019inci Asliye Ceza Mahkemesinde hakim kar\u015f\u0131s\u0131na \u00e7\u0131kan Aziz \u0130hsan Akta\u015f,  mahkemedeki savunmas\u0131nda istek oldu\u011funu savundu. Akta\u015f, olay nedeniyle k\u0131z\u0131n yak\u0131nlar\u0131n\u0131n kendisine sald\u0131rd\u0131\u011f\u0131n\u0131, kendisini savunmak i\u00e7in b\u0131rak \u00e7ekip silah s\u0131kt\u0131\u011f\u0131n\u0131 savundu.<\/p>\n","protected":false},"excerpt":{"rendered":"<p>1994\u2019te Osmaniye\u2019ye g\u00f6\u00e7 eden Aziz \u0130hsan Akta\u015f, burada 15 ya\u015f\u0131ndaki \u00e7ocu\u011fa tecav\u00fcz etmekten yarg\u0131land\u0131, 5 y\u0131l sonunda aile ve \u00e7ocuk \u015fikayetinden vazge\u00e7ti.<\/p>\n","protected":false},"author":1,"featured_media":64177,"comment_status":"open","ping_status":"open","sticky":false,"template":"","format":"standard","meta":{"footnotes":""},"categories":[25],"tags":[2332,2533,1183,8109,702],"class_list":["post-64176","post","type-post","status-publish","format-standard","has-post-thumbnail","hentry","category-gundem","tag-aktas","tag-aziz-ihsan-aktas","tag-kiz","tag-sevgilisi","tag-yas"],"_links":{"self":[{"href":"https:\/\/ikimisli.tr\/index.php\/wp-json\/wp\/v2\/posts\/64176","targetHints":{"allow":["GET"]}}],"collection":[{"href":"https:\/\/ikimisli.tr\/index.php\/wp-json\/wp\/v2\/posts"}],"about":[{"href":"https:\/\/ikimisli.tr\/index.php\/wp-json\/wp\/v2\/types\/post"}],"author":[{"embeddable":true,"href":"https:\/\/ikimisli.tr\/index.php\/wp-json\/wp\/v2\/users\/1"}],"replies":[{"embeddable":true,"href":"https:\/\/ikimisli.tr\/index.php\/wp-json\/wp\/v2\/comments?post=64176"}],"version-history":[{"count":1,"href":"https:\/\/ikimisli.tr\/index.php\/wp-json\/wp\/v2\/posts\/64176\/revisions"}],"predecessor-version":[{"id":64178,"href":"https:\/\/ikimisli.tr\/index.php\/wp-json\/wp\/v2\/posts\/64176\/revisions\/64178"}],"wp:featuredmedia":[{"embeddable":true,"href":"https:\/\/ikimisli.tr\/index.php\/wp-json\/wp\/v2\/media\/64177"}],"wp:attachment":[{"href":"https:\/\/ikimisli.tr\/index.php\/wp-json\/wp\/v2\/media?parent=64176"}],"wp:term":[{"taxonomy":"category","embeddable":true,"href":"https:\/\/ikimisli.tr\/index.php\/wp-json\/wp\/v2\/categories?post=64176"},{"taxonomy":"post_tag","embeddable":true,"href":"https:\/\/ikimisli.tr\/index.php\/wp-json\/wp\/v2\/tags?post=64176"}],"curies":[{"name":"wp","href":"https:\/\/api.w.org\/{rel}","templated":true}]}}