{"id":64319,"date":"2025-08-05T07:09:14","date_gmt":"2025-08-05T07:09:14","guid":{"rendered":"https:\/\/ikimisli.tr\/?p=64319"},"modified":"2025-08-05T07:09:14","modified_gmt":"2025-08-05T07:09:14","slug":"sariyerde-feci-yandin-2-kardes-alevler-icinde-kaldi","status":"publish","type":"post","link":"https:\/\/ikimisli.tr\/index.php\/2025\/08\/05\/sariyerde-feci-yandin-2-kardes-alevler-icinde-kaldi\/","title":{"rendered":"Sar\u0131yer&#8217;de feci yand\u0131n: 2 karde\u015f alevler i\u00e7inde kald\u0131"},"content":{"rendered":"<p>\u00c7ay\u0131rba\u015f\u0131 Mahallesi, \u00c7ay\u0131r Mezarl\u0131k Sokak&#8217;ta bulunan tek katl\u0131 bir gecekonduda saat 06.30 s\u0131ralar\u0131nda yang\u0131n \u00e7\u0131kt\u0131. Arg\u00fcmana nazaran, elektrik konta\u011f\u0131ndan \u00e7\u0131kan yang\u0131n nedeniyle meskenin i\u00e7ine dolan dumanlar\u0131 fark eden anne Fatma Karag\u00f6l, uykuda olan \u00e7ocuklar\u0131 Burak Karag\u00f6l ve Bahar Karag\u00f6l&#8217;\u00fc uyand\u0131rmaya \u00e7al\u0131\u015ft\u0131 lakin ba\u015far\u0131l\u0131 olamad\u0131. \u00c7\u0131\u011fl\u0131klar atarak soka\u011fa \u00e7\u0131kan annenin yard\u0131m\u0131na kom\u015fular\u0131 ko\u015ftu.<\/p>\n<p><img decoding=\"async\" src=\"https:\/\/ikimisli.tr\/wp-content\/uploads\/2025\/08\/sariyerde-feci-yandin-2-kardes-alevler-icinde-kaldi-0-WquV7Dd7.png\"\/><\/p>\n<p>Dumanlar\u0131n b\u00fcsb\u00fct\u00fcn sard\u0131\u011f\u0131 konuta kimse giremedi. Haber verilmesi \u00fczerine olay yerine itfaiye, s\u0131hhat ve polis tak\u0131mlar\u0131 sevk edildi. \u0130tfaiye gruplar\u0131 dumandan etkilenen Karag\u00f6l karde\u015fleri konuttan \u00e7\u0131kararak s\u0131hhat tak\u0131mlar\u0131na teslim etti. S\u0131hhat gruplar\u0131 yaral\u0131 karde\u015fleri olay yerindeki birinci m\u00fcdahalenin akabinde hastaneye kald\u0131rd\u0131. Uykuda olduklar\u0131 s\u0131rada \u00e7ok fazla dumana maruz kalan Burak ve Bahar Karag\u00f6l karde\u015flerin hayati tehlikesinin devam etti\u011fi \u00f6\u011frenildi.<\/p>\n<p>Mahalleli Abdulcabbar Sancar, &#8220;Ben kap\u0131da duruyordum, anneleri d\u0131\u015far\u0131 f\u0131rlad\u0131 a\u011flayarak kendini yere att\u0131. \u00c7abucak itfaiye \u00e7a\u011f\u0131rd\u0131k. Baya\u011f\u0131 siyah duman \u00e7\u0131kt\u0131 konuttan. K\u0131z karde\u015fi ve a\u011fabeyini meskenden \u00e7\u0131kard\u0131lar, yerde yat\u0131yorlard\u0131. Ya\u015fay\u0131p ya\u015famad\u0131\u011f\u0131n\u0131 bilmiyorum ancak k\u0131z\u0131n bedeni oynuyordu, o\u011flan\u0131n bedeni oynam\u0131yordu&#8221; dedi.<\/p>\n<p>Yang\u0131nla ilgili inceleme devam ediyor.<\/p>\n","protected":false},"excerpt":{"rendered":"<p>Sar\u0131yer bir gecekonduda yang\u0131n \u00e7\u0131kt\u0131. Yang\u0131n s\u0131ras\u0131nda meskende uyuyan 2 karde\u015f a\u011f\u0131r yaraland\u0131.<\/p>\n","protected":false},"author":1,"featured_media":64320,"comment_status":"open","ping_status":"open","sticky":false,"template":"","format":"standard","meta":{"footnotes":""},"categories":[25],"tags":[3256,8118],"class_list":["post-64319","post","type-post","status-publish","format-standard","has-post-thumbnail","hentry","category-gundem","tag-duman","tag-karagol"],"_links":{"self":[{"href":"https:\/\/ikimisli.tr\/index.php\/wp-json\/wp\/v2\/posts\/64319","targetHints":{"allow":["GET"]}}],"collection":[{"href":"https:\/\/ikimisli.tr\/index.php\/wp-json\/wp\/v2\/posts"}],"about":[{"href":"https:\/\/ikimisli.tr\/index.php\/wp-json\/wp\/v2\/types\/post"}],"author":[{"embeddable":true,"href":"https:\/\/ikimisli.tr\/index.php\/wp-json\/wp\/v2\/users\/1"}],"replies":[{"embeddable":true,"href":"https:\/\/ikimisli.tr\/index.php\/wp-json\/wp\/v2\/comments?post=64319"}],"version-history":[{"count":1,"href":"https:\/\/ikimisli.tr\/index.php\/wp-json\/wp\/v2\/posts\/64319\/revisions"}],"predecessor-version":[{"id":64322,"href":"https:\/\/ikimisli.tr\/index.php\/wp-json\/wp\/v2\/posts\/64319\/revisions\/64322"}],"wp:featuredmedia":[{"embeddable":true,"href":"https:\/\/ikimisli.tr\/index.php\/wp-json\/wp\/v2\/media\/64320"}],"wp:attachment":[{"href":"https:\/\/ikimisli.tr\/index.php\/wp-json\/wp\/v2\/media?parent=64319"}],"wp:term":[{"taxonomy":"category","embeddable":true,"href":"https:\/\/ikimisli.tr\/index.php\/wp-json\/wp\/v2\/categories?post=64319"},{"taxonomy":"post_tag","embeddable":true,"href":"https:\/\/ikimisli.tr\/index.php\/wp-json\/wp\/v2\/tags?post=64319"}],"curies":[{"name":"wp","href":"https:\/\/api.w.org\/{rel}","templated":true}]}}