{"id":64336,"date":"2025-08-05T08:09:16","date_gmt":"2025-08-05T08:09:16","guid":{"rendered":"https:\/\/ikimisli.tr\/?p=64336"},"modified":"2025-08-05T08:09:16","modified_gmt":"2025-08-05T08:09:16","slug":"anne-kizi-canindan-edenlere-yeni-hakimle-1-gunde-tahliye-isin-icine-siyaset-mi-girdi-zenginlik-mi","status":"publish","type":"post","link":"https:\/\/ikimisli.tr\/index.php\/2025\/08\/05\/anne-kizi-canindan-edenlere-yeni-hakimle-1-gunde-tahliye-isin-icine-siyaset-mi-girdi-zenginlik-mi\/","title":{"rendered":"Anne-k\u0131z\u0131 can\u0131ndan edenlere, yeni hakimle 1 g\u00fcnde tahliye! &#8216;\u0130\u015fin i\u00e7ine siyaset mi girdi zenginlik mi?&#8217;"},"content":{"rendered":"<p>Osmaniye&#8217;nin Toprakkale il\u00e7esinde 23 Nisan 2025 tarihinde meydana gelen ve anne Cennet \u00dcst\u00fcn ve k\u0131z\u0131 Hasret \u00dcst\u00fcn, hayat\u0131n\u0131 kaybetti\u011fi do\u011falgaz kazas\u0131, ihmaller zinciri sonucu ger\u00e7ekle\u015fti\u011fi sav\u0131yla g\u00fcndeme geldi.<\/p>\n<p>Do\u011falgaz hafriyat \u00e7al\u0131\u015fmas\u0131 s\u0131ras\u0131nda gerekli teknik ve t\u00fczel tedbirlerin al\u0131nmamas\u0131, yer alt\u0131 s\u0131n\u0131rlar\u0131n\u0131n denetlenmeden hafriyata ba\u015flanmas\u0131 ve kontrol eksiklikleri, g\u00fc\u00e7 s\u0131n\u0131r\u0131na m\u00fcdahale edilmesine yol a\u00e7arak faciaya neden oldu.<\/p>\n<p><b>\u015e\u00dcPHEL\u0130 5 K\u0130\u015e\u0130 \u00d6ZG\u00dcR BIRAKILDI<\/b><\/p>\n<p>Olayla ilgili Osmaniye Cumhuriyet Ba\u015fsavc\u0131l\u0131\u011f\u0131 taraf\u0131ndan y\u00fcr\u00fct\u00fclen soru\u015fturmada, \u015fu an d\u00f6rt ki\u015fi tutuklu bulunurken, be\u015f ki\u015fi isimli denetim kaidesiyle \u00f6zg\u00fcr b\u0131rak\u0131ld\u0131. Fakat, elde edilen bilgi, evrak ve teknik kan\u0131tlar, sorumlulu\u011fun sadece bu \u015fah\u0131slarla sonlu olmad\u0131\u011f\u0131n\u0131 ortaya koydu. Aile, soru\u015fturman\u0131n geni\u015fletilmesi ve asli sorumlular\u0131n da yarg\u0131 \u00f6n\u00fcne \u00e7\u0131kar\u0131lmas\u0131 talep etti..<\/p>\n<p><img decoding=\"async\" src=\"https:\/\/ikimisli.tr\/wp-content\/uploads\/2025\/08\/anne-kizi-canindan-edenlere-yeni-hakimle-1-gunde-tahliye-isin-icine-siyaset-mi-girdi-zenginlik-2Uuh3f6p.jpg\"\/><\/p>\n<p><b>HAK\u0130M DE\u011e\u0130\u015eT\u0130 \u00d6ZG\u00dcR KALDILAR<\/b><\/p>\n<p>Yap\u0131lan soru\u015fturmada Mehmet Nuri O\u011fuz, Cuma Sayak, Burak K\u0131l\u0131\u00e7arslan ve Murat \u0130timat tutuklanm\u0131\u015ft\u0131. Anne-k\u0131z\u0131n vefat\u0131na neden olan d\u00f6rt ku\u015fkulu evrak\u0131n Sulh ceza hakimi tayin dolay\u0131s\u0131 ile gitti. Bu nedenle yerine m\u00fcstemir yetkili hakim gelene kadar evraka n\u00f6bet\u00e7i mahkeme hakimi geldi. Tahliye karar\u0131n\u0131 n\u00f6bet\u00e7i hakim verdi.  Hakimi de\u011fi\u015ftikten sonra ba\u015fka farkl\u0131 isimli denetim ile \u00f6zg\u00fcr kald\u0131. <\/p>\n<p>Aile, soru\u015fturman\u0131n geni\u015fletilmesi ve asli sorumlular\u0131n da yarg\u0131 \u00f6n\u00fcne \u00e7\u0131kar\u0131lmas\u0131 talep etti..<\/p>\n<p><b>&#8216;\u0130\u015e\u0130N \u0130\u00c7\u0130NE S\u0130YASET M\u0130 G\u0130RD\u0130 ZENG\u0130NL\u0130K M\u0130?&#8217;<\/b><\/p>\n<p>S\u00d6ZC\u00dc&#8217;ye konu\u015fan ac\u0131l\u0131 baba \u015fu tabirleri kulland\u0131:<\/p>\n<p><img decoding=\"async\" src=\"https:\/\/ikimisli.tr\/wp-content\/uploads\/2025\/08\/anne-kizi-canindan-edenlere-yeni-hakimle-1-gunde-tahliye-isin-icine-siyaset-mi-girdi-zenginlik-9uK2lBZr.png\"\/><\/p>\n<p>&#8220;B\u00f6yle bir adalet olur mu? Ben k\u00fc\u00e7\u00fcc\u00fck \u00e7ocu\u011fumla bir ba\u015f\u0131ma kald\u0131m. Daha topra\u011f\u0131 kurumad\u0131 \u00f6zg\u00fcr kald\u0131lar. Bunun hi\u00e7bir hakl\u0131 taraf\u0131 yok.  Bunu milyonlarca insan seyretti. Adalet istiyorum. \u0130\u015fin i\u00e7ine siyaset mi girdi, zenginlik mi? Bilmiyoruz. T\u00fcrkiye de adalet bu mu?&#8221;<\/p>\n<p><img decoding=\"async\" src=\"https:\/\/ikimisli.tr\/wp-content\/uploads\/2025\/08\/anne-kizi-canindan-edenlere-yeni-hakimle-1-gunde-tahliye-isin-icine-siyaset-mi-girdi-zenginlik-33bTmdwd.png\"\/><\/p>\n<p>Avukat B\u00fc\u015fra Kapan, &#8216;bu karar hukuka ayk\u0131r\u0131d\u0131r&#8217; diyerek \u015fu a\u00e7\u0131klamay\u0131 yapt\u0131:<\/p>\n<p>&#8220;Soru\u015fturma belgesindeki san\u0131k tabirleri, uzman raporu, CD izleme tutana\u011f\u0131 ve hafriyat \u00e7al\u0131\u015fmalar\u0131na ili\u015fkin kamera imajlar\u0131na bak\u0131ld\u0131\u011f\u0131nda; \u015f\u00fcphelilerin kusurunun bulundu\u011fu sabittir. Bu kusura ve soru\u015fturma evrak\u0131nda \u015fimdi kan\u0131tlar\u0131n toplanmam\u0131\u015f olmas\u0131na kar\u015f\u0131n verilen bu tahliye karar\u0131 hukuka terslik te\u015fkil etmektedir. M\u00fcvekkil ismine t\u00fcm itirazlar\u0131 yapm\u0131\u015f bulunmaktay\u0131z. S\u00fcrecin takip\u00e7isi oalca\u011f\u0131z. &#8220;<\/p>\n","protected":false},"excerpt":{"rendered":"<p>23 Nisan&#8217;da ya\u015fanan felakette meskenlerinin yan\u0131ndaki sulama kanal\u0131n\u0131n kenar\u0131nda oynayan Hasret \u00dcst\u00fcn, suda ellerini y\u0131kamak isterken elektrik ak\u0131m\u0131na kap\u0131ld\u0131. K\u0131z\u0131n\u0131n \u00e7\u0131rp\u0131nd\u0131\u011f\u0131n\u0131 g\u00f6ren Cennet \u00dcst\u00fcn de panikle suya atlay\u0131p kurtarmaya \u00e7al\u0131\u015f\u0131rken ak\u0131ma kap\u0131ld\u0131.  Olay sonras\u0131 g\u00f6zalt\u0131na al\u0131nan 9 \u015f\u00fcpheliden 4&#8217;\u00fc tutukland\u0131. \u0130hmaller zincirinin sorumlular\u0131 i\u00e7in karar\u0131 1 g\u00fcnl\u00fck n\u00f6bet\u00e7i hakim verdi.<\/p>\n","protected":false},"author":1,"featured_media":64337,"comment_status":"open","ping_status":"open","sticky":false,"template":"","format":"standard","meta":{"footnotes":""},"categories":[25],"tags":[2391,475,99],"class_list":["post-64336","post","type-post","status-publish","format-standard","has-post-thumbnail","hentry","category-gundem","tag-hakim","tag-serbest","tag-sorusturma"],"_links":{"self":[{"href":"https:\/\/ikimisli.tr\/index.php\/wp-json\/wp\/v2\/posts\/64336","targetHints":{"allow":["GET"]}}],"collection":[{"href":"https:\/\/ikimisli.tr\/index.php\/wp-json\/wp\/v2\/posts"}],"about":[{"href":"https:\/\/ikimisli.tr\/index.php\/wp-json\/wp\/v2\/types\/post"}],"author":[{"embeddable":true,"href":"https:\/\/ikimisli.tr\/index.php\/wp-json\/wp\/v2\/users\/1"}],"replies":[{"embeddable":true,"href":"https:\/\/ikimisli.tr\/index.php\/wp-json\/wp\/v2\/comments?post=64336"}],"version-history":[{"count":1,"href":"https:\/\/ikimisli.tr\/index.php\/wp-json\/wp\/v2\/posts\/64336\/revisions"}],"predecessor-version":[{"id":64341,"href":"https:\/\/ikimisli.tr\/index.php\/wp-json\/wp\/v2\/posts\/64336\/revisions\/64341"}],"wp:featuredmedia":[{"embeddable":true,"href":"https:\/\/ikimisli.tr\/index.php\/wp-json\/wp\/v2\/media\/64337"}],"wp:attachment":[{"href":"https:\/\/ikimisli.tr\/index.php\/wp-json\/wp\/v2\/media?parent=64336"}],"wp:term":[{"taxonomy":"category","embeddable":true,"href":"https:\/\/ikimisli.tr\/index.php\/wp-json\/wp\/v2\/categories?post=64336"},{"taxonomy":"post_tag","embeddable":true,"href":"https:\/\/ikimisli.tr\/index.php\/wp-json\/wp\/v2\/tags?post=64336"}],"curies":[{"name":"wp","href":"https:\/\/api.w.org\/{rel}","templated":true}]}}