{"id":64348,"date":"2025-08-05T08:45:10","date_gmt":"2025-08-05T08:45:10","guid":{"rendered":"https:\/\/ikimisli.tr\/?p=64348"},"modified":"2025-08-05T08:45:10","modified_gmt":"2025-08-05T08:45:10","slug":"istanbulda-toplu-tasimada-yeni-donem-artik-daha-kisa-surecek","status":"publish","type":"post","link":"https:\/\/ikimisli.tr\/index.php\/2025\/08\/05\/istanbulda-toplu-tasimada-yeni-donem-artik-daha-kisa-surecek\/","title":{"rendered":"\u0130stanbul\u2019da toplu ta\u015f\u0131mada yeni d\u00f6nem! Art\u0131k daha k\u0131sa s\u00fcrecek"},"content":{"rendered":"<p>\u0130stanbul Ticaret \u00dcniversitesi Ula\u015ft\u0131rma Sistemleri Uygulama ve Ara\u015ft\u0131rma Merkezi M\u00fcd\u00fcr\u00fc Prof. Dr. Mustafa Il\u0131cal\u0131, megakentte trafik yo\u011funlu\u011funu azaltmak ve toplu ula\u015f\u0131m\u0131 h\u0131zland\u0131rmak i\u00e7in planlanan \u201cotob\u00fcs \u00f6ncelikli yol\u201d uygulamas\u0131n\u0131n kapsaml\u0131 tahlillerin akabinde \u0130stanbul\u2019un her yerinde hayata ge\u00e7irilebilece\u011fini belirtti.<\/p>\n<p><b>120 KM&#8217;L\u0130K YOL PLANLANDI<\/b><\/p>\n<p>Megakent \u0130stanbul&#8217;da trafik her ge\u00e7en g\u00fcn artarken, vatanda\u015flar\u0131n toplu ula\u015f\u0131m\u0131 kullanma oranlar\u0131n\u0131 art\u0131rmak \u00fczere yeni bir proje haz\u0131rland\u0131. Kentte toplu ula\u015f\u0131m\u0131 h\u0131zland\u0131racak 120 kilometrelik otob\u00fcs \u00f6ncelikli yol planland\u0131.<\/p>\n<p><b>YOLDA GE\u00c7EN M\u00dcHLET AZALACAK<\/b><\/p>\n<p>Artan ara\u00e7 trafi\u011fi ve d\u00fc\u015fen seyahat suratlar\u0131 nedeniyle geli\u015ftirilen projeyle, otob\u00fcslerin ge\u00e7i\u015f \u00f6nceli\u011fine sahip olaca\u011f\u0131 toplam 120 kilometrelik g\u00fczerg\u00e2h planland\u0131. Birinci etapta 80 kilometrelik k\u0131s\u0131m belirlendi ve pilot uygulaman\u0131n bu y\u0131l ba\u015flamas\u0131 hedefleniyor.<\/p>\n<p>Prof. Dr. Il\u0131cal\u0131, otob\u00fcs \u00f6ncelikli yollarla hem toplu ula\u015f\u0131m\u0131n surat\u0131n\u0131n artaca\u011f\u0131n\u0131 hem de seyahat m\u00fcddeti ve beklemenin azalaca\u011f\u0131n\u0131 vurgulad\u0131. Il\u0131cal\u0131, \u201cYol kapasitelerini toplu ula\u015f\u0131m lehine kullanmak zorunday\u0131z. Bu sistem d\u00fcnya genelinde y\u0131llard\u0131r uygulan\u0131yor. \u0130stanbul\u2019da da rahatl\u0131kla kullan\u0131labilir\u201d dedi.<\/p>\n<p>Il\u0131cal\u0131 ayr\u0131yeten, ge\u00e7mi\u015fte al\u0131nan UKOME kararlar\u0131n\u0131n uygulanabilirli\u011fine dikkat \u00e7ekerek, bisiklet yollar\u0131 ve yol kenar\u0131 park alanlar\u0131 \u00fczere \u00f6gelerin da projeye entegre edilebilece\u011fini kaydetti. Bilhassa Los Angeles \u00fczere kentlerden \u00f6rnekler vererek, \u0130stanbul\u2019da toplu ta\u015f\u0131man\u0131n surat\u0131n\u0131n 10 km\/saatin alt\u0131nda seyretti\u011fini, benzeri sistemlerde bu surat\u0131n \u00fc\u00e7 kat\u0131na \u00e7\u0131kt\u0131\u011f\u0131n\u0131 tabir etti.<\/p>\n<p>\u0130stanbul\u2019da 9 milyon yolcunun 1 milyonunu ta\u015f\u0131yan metrob\u00fcs s\u0131n\u0131r\u0131n\u0131n art\u0131k kapasitesini a\u015fm\u0131\u015f durumda oldu\u011funu s\u00f6yleyen Il\u0131cal\u0131, otob\u00fcs \u00f6ncelikli yollarla bu y\u00fck\u00fcn azalt\u0131labilece\u011fini lisana getirdi. Ayr\u0131yeten, metrob\u00fcslerin k\u0131smi otonom sistemle donat\u0131lmas\u0131 i\u00e7in ASELSAN ile \u00e7al\u0131\u015fmalar y\u00fcr\u00fct\u00fcld\u00fc\u011f\u00fcn\u00fc de aktard\u0131.<\/p>\n<p>Projenin, yeterli bir tahlil ve kontrol sistemiyle \u0130stanbul\u2019un bir\u00e7ok arterinde uygulanabilece\u011fini s\u00f6yleyen Il\u0131cal\u0131, \u201c\u0130ki yahut \u00fc\u00e7 \u015feritli yollar\u0131n oldu\u011fu her noktada bu sistem kurulabilir. K\u00e2fi ki planlama ger\u00e7ek yap\u0131ls\u0131n ve ihlaller EDS ile denetim alt\u0131na al\u0131ns\u0131n\u201d de\u011ferlendirmesinde bulundu.<\/p>\n","protected":false},"excerpt":{"rendered":"<p>\u0130stanbul\u2019da toplu ula\u015f\u0131m\u0131 h\u0131zland\u0131rmak maksad\u0131yla planlanan 120 kilometrelik otob\u00fcs \u00f6ncelikli yol projesinin, gerekli tahlil ve planlamalarla kentin bir\u00e7ok b\u00f6lgesinde uygulanabilece\u011fi a\u00e7\u0131kland\u0131. Proje sayesinde toplu ula\u015f\u0131m m\u00fchleti k\u0131salacak, ferd\u00ee ara\u00e7 kullan\u0131m\u0131n\u0131n azalmas\u0131 hedefleniyor.<\/p>\n","protected":false},"author":1,"featured_media":64349,"comment_status":"open","ping_status":"open","sticky":false,"template":"","format":"standard","meta":{"footnotes":""},"categories":[25],"tags":[1838,380,623,1929,500],"class_list":["post-64348","post","type-post","status-publish","format-standard","has-post-thumbnail","hentry","category-gundem","tag-ilicali","tag-istanbul","tag-otobus","tag-sistem","tag-yol"],"_links":{"self":[{"href":"https:\/\/ikimisli.tr\/index.php\/wp-json\/wp\/v2\/posts\/64348","targetHints":{"allow":["GET"]}}],"collection":[{"href":"https:\/\/ikimisli.tr\/index.php\/wp-json\/wp\/v2\/posts"}],"about":[{"href":"https:\/\/ikimisli.tr\/index.php\/wp-json\/wp\/v2\/types\/post"}],"author":[{"embeddable":true,"href":"https:\/\/ikimisli.tr\/index.php\/wp-json\/wp\/v2\/users\/1"}],"replies":[{"embeddable":true,"href":"https:\/\/ikimisli.tr\/index.php\/wp-json\/wp\/v2\/comments?post=64348"}],"version-history":[{"count":1,"href":"https:\/\/ikimisli.tr\/index.php\/wp-json\/wp\/v2\/posts\/64348\/revisions"}],"predecessor-version":[{"id":64350,"href":"https:\/\/ikimisli.tr\/index.php\/wp-json\/wp\/v2\/posts\/64348\/revisions\/64350"}],"wp:featuredmedia":[{"embeddable":true,"href":"https:\/\/ikimisli.tr\/index.php\/wp-json\/wp\/v2\/media\/64349"}],"wp:attachment":[{"href":"https:\/\/ikimisli.tr\/index.php\/wp-json\/wp\/v2\/media?parent=64348"}],"wp:term":[{"taxonomy":"category","embeddable":true,"href":"https:\/\/ikimisli.tr\/index.php\/wp-json\/wp\/v2\/categories?post=64348"},{"taxonomy":"post_tag","embeddable":true,"href":"https:\/\/ikimisli.tr\/index.php\/wp-json\/wp\/v2\/tags?post=64348"}],"curies":[{"name":"wp","href":"https:\/\/api.w.org\/{rel}","templated":true}]}}