{"id":64648,"date":"2025-08-06T01:57:08","date_gmt":"2025-08-06T01:57:08","guid":{"rendered":"https:\/\/ikimisli.tr\/?p=64648"},"modified":"2025-08-06T01:57:08","modified_gmt":"2025-08-06T01:57:08","slug":"imam-hatipler-bos-kaldi","status":"publish","type":"post","link":"https:\/\/ikimisli.tr\/index.php\/2025\/08\/06\/imam-hatipler-bos-kaldi\/","title":{"rendered":"\u0130mam hatipler bo\u015f kald\u0131"},"content":{"rendered":"<p>Liseye Ge\u00e7i\u015f Sistemi (LGS) kapsam\u0131nda 14-24 Temmuz tarihlerinde yap\u0131lan tercih devri tamamland\u0131, sonu\u00e7lar ise e\u011fitim siyasetlerindeki \u00e7arp\u0131kl\u0131\u011f\u0131 bir kere daha g\u00f6zler \u00f6n\u00fcne serdi. Fen ve Toplumsal Bilimler liseleri ile nitelikli Anadolu liseleri neredeyse s\u0131f\u0131r bo\u015f kontenjanla dolarken, iktidar\u0131n y\u0131llard\u0131r te\u015fvik etti\u011fi imam hatip ve meslek liseleri b\u00fcy\u00fck oranda tercih edilmedi. Toplamda 8 bine yak\u0131n kontenjan bo\u015f kald\u0131. E\u011fitim uzmanlar\u0131, kontenjanlar\u0131n \u00f6\u011frencilerin de\u011fil, siyasi tercihler do\u011frultusunda belirlendi\u011fine dikkat \u00e7ekti.<\/p>\n<p><b>FEN VE TOPLUMSAL B\u0130L\u0130MLER\u0130N TAMAMI DOLDU<\/b><\/p>\n<p>LGS S\u0131nav\u0131\u2019n\u0131n tercih sonu\u00e7lar\u0131na nazaran, Fen Liseleri ve Toplumsal Bilimler liselerine ayr\u0131lan kontenjanlar\u0131n tamam\u0131 doldu. T\u00fcrkiye genelinde, imtihanla \u00f6\u011frenci alan 533 Anadolu lisesinin s\u0131rf yedisinde kontenjan bo\u015fluklar\u0131 olu\u015ftu. Anadolu liselerindeki bo\u015f kontenjan say\u0131s\u0131n\u0131n sadece 143 oldu\u011fu bildirildi.<\/p>\n<p>Say\u0131lar\u0131 giderek art\u0131r\u0131lan Anadolu imam hatip liseleri ise tercih edilmedi. Buna nazaran, imtihanla \u00f6\u011frenci alan 837 Anadolu imam hatip lisesinin 236\u2019s\u0131n\u0131n kontenjan\u0131 doldurulamad\u0131. Anadolu imam hatip liselerindeki toplam bo\u015f kontenjan say\u0131s\u0131 kay\u0131tlara, 3 bin 825 olarak ge\u00e7ti.<\/p>\n<p>Benzer bir tablo mesleksel ve teknik Anadolu liselerinde de ya\u015fand\u0131. Tercih edilebilen meslek liselerinden 294\u2019\u00fcnde bo\u015fluklar olu\u015ftu\u011fu belirtildi. Mesleksel e\u011fitim veren liselerdeki bo\u015f kontenjan say\u0131s\u0131 ise 4 bin 898 ile tabir edildi.<\/p>\n<p><b>HER SENE B\u0130REB\u0130R BO\u015eLUKLAR<\/b><\/p>\n<p>BirG\u00fcn&#8217;den Mustafa Bildircin&#8217;in haberine nazaran tercih sonu\u00e7lar\u0131na y\u00f6nelik E\u011fitim Uzman\u0131 Salim \u00dcnsal \u201cHer y\u0131l kar\u015f\u0131la\u015f\u0131lan ola\u011fan tablo\u201d olarak k\u0131ymetlendirerek \u015funlar\u0131 s\u00f6yledi: \u201cMesleki ve teknik Anadolu liseleri ile Anadolu imam hatip liselerinde her y\u0131l genel manada bo\u015fluklar olu\u015fuyor. Bu okullar\u0131n proje okul olarak isimlendirilmesinin toplumdaki beklentiyi kar\u015f\u0131layamad\u0131\u011f\u0131 g\u00f6r\u00fcl\u00fcyor. \u00d6\u011frencilerin b\u00fcy\u00fck k\u0131sm\u0131n\u0131n fen, toplumsal bilimler ve Anadolu liselerini tercih etti\u011fi net halde sonu\u00e7larla ortaya konuluyor.<\/p>\n<p><b>KONTENJANLAR AZ OLMALIYDI<\/b><\/p>\n<p>E\u011fitimle ilgili planlama ne ise kontenjanlar da ona nazaran belirleniyor. Kontenjanlar s\u0131rf \u00f6\u011frencilerin tercihleri do\u011frultusunda belirlenseydi imam hatiplerin ve mesleksel e\u011fitim veren liselerin kontenjan\u0131n\u0131n daha az olmas\u0131 gerekirdi.\u201d<\/p>\n<p>\u00dcnsal, 4-6 A\u011fustos tarihlerinde ger\u00e7ekle\u015ftirilecek nakil tercihleriyle ilgili de konu\u015ftu. Nakil devrinde b\u00fcy\u00fck hareketlilik beklenmemesi gerekti\u011fini kaydeden \u00dcnsal, \u201cNakillerin ger\u00e7ekle\u015fmesi i\u00e7in \u00fcst s\u0131ralardaki okullar\u0131n bo\u015falmas\u0131 gerekiyor ki \u00fcst ger\u00e7ek kaymalar olsun. Genel olarak 285\u2019lik puana kadar bir kontenjan bo\u015flu\u011fu olmad\u0131\u011f\u0131n\u0131 g\u00f6r\u00fcyoruz\u201d dedi.<\/p>\n","protected":false},"excerpt":{"rendered":"<p>LGS yerle\u015ftirme sonu\u00e7lar\u0131 a\u00e7\u0131kland\u0131. Akademik muvaffakiyet odakl\u0131 liseler kontenjanlar\u0131n\u0131 b\u00fcsb\u00fct\u00fcn doldururken, AKP\u2019nin te\u015fvik etti\u011fi imam hatip ve meslek liseleri binlerce bo\u015f kontenjanla yeni e\u011fitim y\u0131l\u0131na giriyor.<\/p>\n","protected":false},"author":1,"featured_media":64649,"comment_status":"open","ping_status":"open","sticky":false,"template":"","format":"standard","meta":{"footnotes":""},"categories":[25],"tags":[3855,6374,8139,1560,1997],"class_list":["post-64648","post","type-post","status-publish","format-standard","has-post-thumbnail","hentry","category-gundem","tag-bos","tag-kontenjan","tag-liseleri","tag-meslek","tag-tercih"],"_links":{"self":[{"href":"https:\/\/ikimisli.tr\/index.php\/wp-json\/wp\/v2\/posts\/64648","targetHints":{"allow":["GET"]}}],"collection":[{"href":"https:\/\/ikimisli.tr\/index.php\/wp-json\/wp\/v2\/posts"}],"about":[{"href":"https:\/\/ikimisli.tr\/index.php\/wp-json\/wp\/v2\/types\/post"}],"author":[{"embeddable":true,"href":"https:\/\/ikimisli.tr\/index.php\/wp-json\/wp\/v2\/users\/1"}],"replies":[{"embeddable":true,"href":"https:\/\/ikimisli.tr\/index.php\/wp-json\/wp\/v2\/comments?post=64648"}],"version-history":[{"count":1,"href":"https:\/\/ikimisli.tr\/index.php\/wp-json\/wp\/v2\/posts\/64648\/revisions"}],"predecessor-version":[{"id":64650,"href":"https:\/\/ikimisli.tr\/index.php\/wp-json\/wp\/v2\/posts\/64648\/revisions\/64650"}],"wp:featuredmedia":[{"embeddable":true,"href":"https:\/\/ikimisli.tr\/index.php\/wp-json\/wp\/v2\/media\/64649"}],"wp:attachment":[{"href":"https:\/\/ikimisli.tr\/index.php\/wp-json\/wp\/v2\/media?parent=64648"}],"wp:term":[{"taxonomy":"category","embeddable":true,"href":"https:\/\/ikimisli.tr\/index.php\/wp-json\/wp\/v2\/categories?post=64648"},{"taxonomy":"post_tag","embeddable":true,"href":"https:\/\/ikimisli.tr\/index.php\/wp-json\/wp\/v2\/tags?post=64648"}],"curies":[{"name":"wp","href":"https:\/\/api.w.org\/{rel}","templated":true}]}}