{"id":64703,"date":"2025-08-06T05:33:07","date_gmt":"2025-08-06T05:33:07","guid":{"rendered":"https:\/\/ikimisli.tr\/?p=64703"},"modified":"2025-08-06T05:33:07","modified_gmt":"2025-08-06T05:33:07","slug":"arac-alacaklar-dikkat-ek-odeme-isteyenler-icin-harekete-gecildi","status":"publish","type":"post","link":"https:\/\/ikimisli.tr\/index.php\/2025\/08\/06\/arac-alacaklar-dikkat-ek-odeme-isteyenler-icin-harekete-gecildi\/","title":{"rendered":"Ara\u00e7 alacaklar dikkat: Ek \u00f6deme isteyenler i\u00e7in harekete ge\u00e7ildi"},"content":{"rendered":"<p>Temmuz ay\u0131nda arabalara y\u00f6nelik \u00d6zel T\u00fcketim Vergisi oran ve matrahlar\u0131nda de\u011fi\u015fikli\u011fe gidildi. \u0130\u00e7ten yanmal\u0131 ve hibrit ara\u00e7larda \u00d6TV oran\u0131 en az y\u00fczde 80\u2019e \u00e7\u0131kar\u0131ld\u0131, \u00fcst segmentlerde bu oran y\u00fczde 220\u2019ye kadar y\u00fckseliyor. Elektrikli ara\u00e7larda ise en d\u00fc\u015f\u00fck \u00d6TV oran\u0131 y\u00fczde 10\u2019dan y\u00fczde 25\u2019e y\u00fckseltilirken, birtak\u0131m modeller i\u00e7in bu oran y\u00fczde 75&#8217;e kadar \u00e7\u0131kabiliyor. Ayr\u0131yeten pick-up ve hafif ticari ara\u00e7lar\u0131n \u00d6TV\u2019si de y\u00fczde 50\u2019ye sabitlendi. <\/p>\n<p>\u00d6TV de\u011fi\u015fikli\u011finin Resmi Gazete&#8217;de yay\u0131mlanmas\u0131yla birlikte 24 Temmuz 2025 tarihinden evvel araba alanlar ve araban\u0131n paras\u0131n\u0131 \u00f6deyenlerin kimileri ma\u011fduriyet ya\u015famaya ba\u015flad\u0131.<\/p>\n<p>Ticaret Bakanl\u0131\u011f\u0131 konuya ili\u015fkin olarak, araban\u0131n fiyat\u0131 \u00f6dendiyse bayilerin al\u0131c\u0131 ismine \u00d6TV ve KDV&#8217;yi \u00f6demesi gerekti\u011fini, \u00f6demediyse al\u0131c\u0131n\u0131n de\u011fil, bayinin \u00d6TV fark\u0131n\u0131 \u00f6demesi gerekti\u011fine y\u00f6nelik duyuru yay\u0131mlad\u0131.<\/p>\n<p><strong>A\u00e7\u0131klamada \u015f\u00f6yle denildi:<\/strong><\/p>\n<p>&#8220;Otomotiv kesiminde piyasa i\u015fleyi\u015fini bozan ve t\u00fcketicilerimizin aleyhine ger\u00e7ekle\u015fen her t\u00fcrl\u00fc geli\u015fme Ticaret Bakanl\u0131\u011f\u0131m\u0131z\u0131n daima takibi alt\u0131ndad\u0131r. Ticaret Bakanl\u0131\u011f\u0131m\u0131zca yap\u0131lan d\u00fczenlemelere muhalif uygulamalar\u0131n \u00f6nlenmesi, t\u00fcketici haklar\u0131n\u0131n korunmas\u0131, keyfi uygulamalar\u0131n \u00f6n\u00fcne ge\u00e7ilmesi ve otomotiv dal\u0131nda adil, \u015feffaf ve rekabet\u00e7i bir piyasa yap\u0131s\u0131n\u0131n tesisi istikametinde hi\u00e7bir taviz verilmemekte; bu gayeyle gerekli t\u00fcm d\u00fczenleyici ad\u0131mlar gecikmeksizin ve kararl\u0131l\u0131kla at\u0131lmakta; kontrollerimiz sayesinde gerekli hallerde idari yapt\u0131r\u0131mlar faal ve cayd\u0131r\u0131c\u0131 halde uygulanmaktad\u0131r.<\/p>\n<p>\u00d6TV oranlar\u0131nda 24 Temmuz 2025 tarihinde yap\u0131lan d\u00fczenlemenin akabinde Ticaret Bakanl\u0131\u011f\u0131m\u0131za ula\u015fan kelaml\u0131 ve yaz\u0131l\u0131 \u015fikayetlerde, kimi yetkili sat\u0131c\u0131lar\u0131n \u00d6TV de\u011fi\u015fikli\u011finden evvel ta\u015f\u0131t\u0131n vergilerini (\u00d6TV ve KDV&#8217;sini) ya da ta\u015f\u0131t bedelinin tamam\u0131n\u0131 tahsil etmelerine kar\u015f\u0131n, \u00d6TV de\u011fi\u015fikli\u011finden sonra al\u0131c\u0131lardan ek \u00f6deme talep ve tahsil ettikleri istikametinde arg\u00fcmanlara ve \u015fikayetlere yer verilmektedir. Bu cins uygulamalar s\u0131rf t\u00fcketicileri ma\u011fdur etmekle kalmamakta, piyasan\u0131n istikrarl\u0131 ve sa\u011fl\u0131kl\u0131 i\u015fleyi\u015fine de ziyan vermektedir.<\/p>\n<p><b>\u00d6TV SONRASI EK \u00d6DEME ALANLARA DEV CEZA<\/b><\/p>\n<p>Motorlu Kara Ta\u015f\u0131tlar\u0131n\u0131n Ticareti Hakk\u0131nda Y\u00f6netmelik mucibince; \u00d6TV ve KDV&#8217;si al\u0131c\u0131dan tahsil edilen ta\u015f\u0131t\u0131n sat\u0131\u015f fiyat\u0131n\u0131n artt\u0131r\u0131lmamas\u0131, ta\u015f\u0131t fiyat\u0131n\u0131n sabitlendi\u011finin al\u0131c\u0131ya bildirilmesi ve yetkili sat\u0131c\u0131lar taraf\u0131ndan al\u0131c\u0131dan ek \u00f6deme tahsil edilmemesi gerekmektedir. Yahut t\u00fcm ta\u015f\u0131t bedelini \u00f6demesine kar\u015f\u0131n, 24 Temmuz 2024 tarihinden evvel fatura d\u00fczenlenmedi\u011fi \u00fczere m\u00fcnasebetlerle kendisinden ek \u00f6deme tahsil edilen al\u0131c\u0131lar yarg\u0131 yoluna gidebilece\u011fi \u00fczere, Ticaret Vilayet M\u00fcd\u00fcrl\u00fcklerimiz arac\u0131l\u0131\u011f\u0131yla Ticaret Bakanl\u0131\u011f\u0131m\u0131za da \u015fik\u00e2yet m\u00fcracaat\u0131nda bulunabilirler.<\/p>\n<p>Y\u00f6netmeli\u011fin emredici karar\u0131na al\u0131\u015f\u0131lmam\u0131\u015f oldu\u011fundan, \u00d6TV de\u011fi\u015fikli\u011fi sonras\u0131nda yetkili sat\u0131c\u0131larca ek \u00f6deme tahsil edilebilece\u011fine dair kontrat kararlar\u0131 ge\u00e7ersizdir. \u00d6TV de\u011fi\u015fikli\u011finden evvel ta\u015f\u0131t i\u00e7in s\u0131rf belli bir oranda kapora \u00f6deyen, ta\u015f\u0131t bedelini ya da en az\u0131ndan vergilerini yetkili sat\u0131c\u0131ya \u00f6demeyen al\u0131c\u0131lara \u00d6TV fark\u0131 yans\u0131t\u0131lmas\u0131 mevzuata terslik te\u015fkil etmeyecektir.<\/p>\n<p>Ticaret Bakanl\u0131\u011f\u0131m\u0131za yap\u0131lan m\u00fcracaatlar \u00fczerine yap\u0131lacak kontrollerde, bu konuda terslik bulundu\u011funun ve mevzuata al\u0131\u015f\u0131lmam\u0131\u015f olarak tahsil edilen ek \u00f6deme fiyatlar\u0131n\u0131n al\u0131c\u0131lara iade edilmedi\u011finin tespit edilmesi halinde, yetkili sat\u0131c\u0131lar hakk\u0131nda her bir kar\u015f\u0131tl\u0131k i\u00e7in ba\u015fka farkl\u0131 olmak \u00fczere 684 bin 214 T\u00fcrk liras\u0131na kadar idari para cezas\u0131 uygulanabilecektir.<\/p>\n<p>Bu vesileyle bir sefer daha hat\u0131rlatmak isteriz ki, Ticaret Bakanl\u0131\u011f\u0131m\u0131zca, t\u00fcketicilerimizin ziyan\u0131na sebep olan adaps\u0131z sat\u0131\u015flara ve haks\u0131z ticari uygulamalara ge\u00e7it verilmeyecek, d\u00fczenlemelerimize al\u0131\u015f\u0131lmam\u0131\u015f hareket eden yetkili sat\u0131c\u0131lara m\u00fcsamaha g\u00f6sterilmeyecek ve sorumlular hakk\u0131nda gerekli t\u00fcm idari m\u00fceyyideler kararl\u0131l\u0131kla ve eksiksiz halde uygulanacakt\u0131r.&#8221;<\/p>\n","protected":false},"excerpt":{"rendered":"<p>Ticaret Bakanl\u0131\u011f\u0131, \u00d6TV art\u0131\u015f\u0131ndan sonra al\u0131c\u0131lardan ek \u00f6deme alan otomotiv yetkili sat\u0131c\u0131lar\u0131na kar\u015f\u0131 yapt\u0131r\u0131mlar uygulanaca\u011f\u0131n\u0131 a\u00e7\u0131klad\u0131. Vergi ya da bedeli evvelce tahsil edilen ara\u00e7lar i\u00e7in sonradan ek \u00f6deme talep edilmesi mevzuata al\u0131\u015f\u0131lmam\u0131\u015f bulunuyor. Bu t\u0131p uygulamalar tespit edilirse, sat\u0131c\u0131lara 684 bin liraya kadar para cezas\u0131 kesilecek.<\/p>\n","protected":false},"author":1,"featured_media":64704,"comment_status":"open","ping_status":"open","sticky":false,"template":"","format":"standard","meta":{"footnotes":""},"categories":[24],"tags":[8144,6721,1637,3785,2868],"class_list":["post-64703","post","type-post","status-publish","format-standard","has-post-thumbnail","hentry","category-ekonomi","tag-alici","tag-aykiri","tag-otv","tag-tahsil","tag-tasit"],"_links":{"self":[{"href":"https:\/\/ikimisli.tr\/index.php\/wp-json\/wp\/v2\/posts\/64703","targetHints":{"allow":["GET"]}}],"collection":[{"href":"https:\/\/ikimisli.tr\/index.php\/wp-json\/wp\/v2\/posts"}],"about":[{"href":"https:\/\/ikimisli.tr\/index.php\/wp-json\/wp\/v2\/types\/post"}],"author":[{"embeddable":true,"href":"https:\/\/ikimisli.tr\/index.php\/wp-json\/wp\/v2\/users\/1"}],"replies":[{"embeddable":true,"href":"https:\/\/ikimisli.tr\/index.php\/wp-json\/wp\/v2\/comments?post=64703"}],"version-history":[{"count":1,"href":"https:\/\/ikimisli.tr\/index.php\/wp-json\/wp\/v2\/posts\/64703\/revisions"}],"predecessor-version":[{"id":64705,"href":"https:\/\/ikimisli.tr\/index.php\/wp-json\/wp\/v2\/posts\/64703\/revisions\/64705"}],"wp:featuredmedia":[{"embeddable":true,"href":"https:\/\/ikimisli.tr\/index.php\/wp-json\/wp\/v2\/media\/64704"}],"wp:attachment":[{"href":"https:\/\/ikimisli.tr\/index.php\/wp-json\/wp\/v2\/media?parent=64703"}],"wp:term":[{"taxonomy":"category","embeddable":true,"href":"https:\/\/ikimisli.tr\/index.php\/wp-json\/wp\/v2\/categories?post=64703"},{"taxonomy":"post_tag","embeddable":true,"href":"https:\/\/ikimisli.tr\/index.php\/wp-json\/wp\/v2\/tags?post=64703"}],"curies":[{"name":"wp","href":"https:\/\/api.w.org\/{rel}","templated":true}]}}