{"id":64730,"date":"2025-08-06T07:09:08","date_gmt":"2025-08-06T07:09:08","guid":{"rendered":"https:\/\/ikimisli.tr\/?p=64730"},"modified":"2025-08-06T07:09:08","modified_gmt":"2025-08-06T07:09:08","slug":"cemil-tugay-akpli-siyasetcilerle-kendim-konustum-ama-yapmadilar","status":"publish","type":"post","link":"https:\/\/ikimisli.tr\/index.php\/2025\/08\/06\/cemil-tugay-akpli-siyasetcilerle-kendim-konustum-ama-yapmadilar\/","title":{"rendered":"Cemil Tugay: AKP&#8217;li siyaset\u00e7ilerle kendim konu\u015ftum ama yapmad\u0131lar"},"content":{"rendered":"<p>\u00c7e\u015fme&#8217;de ve \u0130zmir&#8217;de kurakl\u0131k sonras\u0131 su krizi ya\u015fan\u0131rken \u0130zmir B\u00fcy\u00fck\u015fehir Belediye Ba\u015fkan\u0131 Cemil Tugay dikkat \u00e7eken a\u00e7\u0131klamalarda bulundu. Tugay, tahlil i\u00e7in AKP&#8217;li siyaset\u00e7ilerle g\u00f6r\u00fc\u015ft\u00fc\u011f\u00fcn\u00fc lakin bir sonu\u00e7 al\u0131namad\u0131\u011f\u0131n\u0131 belirtti. Tugay, &#8221; AKP&#8217;li siyaset\u00e7ilerle kendim konu\u015ftum ve \u00c7e\u015fme&#8217;de \u015fu sorunu olaca\u011f\u0131n\u0131 s\u00f6yledim, ili\u015fkiyi yapan barajla, su gelsin dedim fakat yapmad\u0131lar. Hatta biz yapal\u0131m dedik ona da m\u00fcsaade vermediler&#8221; tabirini kulland\u0131.<\/p>\n<p>\u0130zmir\u2019in \u00e7\u00f6p tesisi gereksinimine da de\u011finen Tugay, Yamanlar\u2019daki alan\u0131n fizibilite a\u00e7\u0131s\u0131ndan uygun olmad\u0131\u011f\u0131n\u0131, Menderes\u2019te ise haz\u0131r bir projenin Tar\u0131m Bakanl\u0131\u011f\u0131\u2019n\u0131n olumsuz g\u00f6r\u00fc\u015f\u00fc nedeniyle bekletildi\u011fini s\u00f6yledi. AKP\u2019li siyasallar\u0131n alg\u0131 \u00e7al\u0131\u015fmalar\u0131 y\u00fcr\u00fctt\u00fc\u011f\u00fcn\u00fc ileri s\u00fcren Tugay, Manisa hududunda bir alana \u00e7\u00f6p tesisi yapmak i\u00e7in m\u00fcsaade beklediklerini belirtti:<\/p>\n<p>&#8220;AKP&#8217;li siyaset\u00e7ilerin bir sorunu var. Bu devam ediyor. \u00c7\u00f6p ve su konusunda maalesef \u00fcz\u00fclerek izledim. Yamanlar&#8217;daki proje tamamlanm\u0131\u015f de\u011fil. Orada bir DS\u0130 raporuna nazaran 6 tane kuyu a\u00e7\u0131p bu sular\u0131 \u00e7ekmemiz laz\u0131m. Sular\u0131n \u00e7ekilece\u011fi alanlar \u015fimdi kamula\u015ft\u0131r\u0131lmam\u0131\u015f. Oran\u0131n \u00e7ok g\u00fczel bir alan olmad\u0131\u011f\u0131na dair niyet nedeniyle benden evvelki periyotta s\u00fcre\u00e7 ilerletilmemi\u015f. Menderes&#8217;te \u00e7ok daha uygun bir alanda \u00e7\u00f6p tesisi projesi var ve haz\u0131r. Orada Tar\u0131m Bakanl\u0131\u011f\u0131&#8217;ndan bir olumsuz g\u00f6r\u00fc\u015f verildi\u011fi i\u00e7in s\u00fcre\u00e7 durdu. Ge\u00e7en periyot Menderes&#8217;te \u00e7\u00f6p tesisi konu\u015fulurken Menderesliler oray\u0131 depolama alan\u0131 zannetti ancak o denli de\u011fil. Bu t\u00fcrl\u00fc tesisler d\u00fcnyan\u0131n her yerinde var. Buraya gelen \u00e7\u00f6p an\u0131nda bir s\u00fcrece tabi tutuluyor ve etrafa ziyan vermiyor. Sonu\u00e7ta fizibilite a\u00e7\u0131s\u0131ndan Yamanlar uygun de\u011fil Menderes uygunken bu i\u015f AKP&#8217;li siyaset\u00e7ilerin alg\u0131 \u00e7al\u0131\u015fmalar\u0131yla bu noktaya geldi. Bizim talebimiz var. \u0130zmir Manisa hududunda, Manisa&#8217;n\u0131n \u00e7\u00f6p tesisinin \u00e7abucak biti\u015fi\u011finde bir yer yapmak i\u00e7in m\u00fcracaat\u0131m\u0131z oldu. Bununla ilgili bize olumlu kar\u015f\u0131l\u0131k verilmesi laz\u0131m. Muhtarlar\u0131 toplay\u0131p palavra yanl\u0131\u015f \u015feyler s\u00f6yleyeceklerine bu kente sahip \u00e7\u0131ks\u0131nlar\u201d s\u00f6zlerini kulland\u0131.<\/p>\n<p>Ba\u015fkan Tugay, bilhassa yaz aylar\u0131nda artan su gereksinimine dikkati \u00e7ekerek \u00c7e\u015fme\u2019deki krizi \u00f6ng\u00f6rd\u00fcklerini ve gerekli ihtarlar\u0131 yapt\u0131klar\u0131n\u0131 belirtti. Lakin merkezi h\u00fck\u00fcmetin gerekli ili\u015fkiyi yapmad\u0131\u011f\u0131n\u0131 s\u00f6yleyen Tugay \u015f\u00f6yle konu\u015ftu:<\/p>\n<p>&#8220;Ba\u015f\u0131ndan beri su krizine haz\u0131rland\u0131k. Biz \u015feffaf oldu\u011fumuz ve bu t\u00fcrl\u00fc konu\u015ftu\u011fumuz i\u00e7in, bir de \u0130zmir&#8217;de nas\u0131l bir \u015fey oluyorsa iktidar\u0131n siyaset\u00e7ileri agresifken, bizim Parti&#8217;nin siyaset\u00e7ileri biraz daha naif. \u0130zmir&#8217;den \u00e7ok daha berbat kentler var. Bug\u00fcn kesintiler oluyorsa su Aral\u0131k&#8217;a Kas\u0131m&#8217;a kadar yetsin diye. Suyun as\u0131l t\u00fcketildi\u011fi alan tar\u0131m lakin o da belediyenin yetkisinde de\u011fil. Kente su getirmek zorunda olan kurum DS\u0130&#8217;dir. Kuyu a\u00e7mak i\u00e7in bile m\u00fcsaade al\u0131yoruz. \u00c7e\u015fme ve Tahtal\u0131&#8217;da kuyularla baraj\u0131 besleyelim dedik lakin m\u00fcsaade alamad\u0131k. AKP&#8217;li siyaset\u00e7ilerle kendim konu\u015ftum ve \u00c7e\u015fme&#8217;de \u015fu sorunu olaca\u011f\u0131n\u0131 s\u00f6yledim, ili\u015fkiyi yapan barajla, su gelsin dedim ancak yapmad\u0131lar. Hatta biz yapal\u0131m dedik ona da m\u00fcsaade vermediler&#8221; dedi.<\/p>\n","protected":false},"excerpt":{"rendered":"<p>\u0130zmir B\u00fcy\u00fck\u015fehir Belediye Ba\u015fkan\u0131 Cemil Tugay, &#8220;AKP&#8217;li siyaset\u00e7ilerle kendim konu\u015ftum ve \u00c7e\u015fme&#8217;de \u015fu d\u00fc\u015f\u00fcncesi olaca\u011f\u0131n\u0131 s\u00f6yledim, ili\u015fkiyi yapan barajla, su gelsin dedim fakat yapmad\u0131lar. Hatta biz yapal\u0131m dedik ona da m\u00fcsaade vermediler&#8221; dedi.<\/p>\n","protected":false},"author":1,"featured_media":64731,"comment_status":"open","ping_status":"open","sticky":false,"template":"","format":"standard","meta":{"footnotes":""},"categories":[25],"tags":[428,6495,478,8147,5365],"class_list":["post-64730","post","type-post","status-publish","format-standard","has-post-thumbnail","hentry","category-gundem","tag-alan","tag-cesme","tag-izmir","tag-menderes","tag-tugay"],"_links":{"self":[{"href":"https:\/\/ikimisli.tr\/index.php\/wp-json\/wp\/v2\/posts\/64730","targetHints":{"allow":["GET"]}}],"collection":[{"href":"https:\/\/ikimisli.tr\/index.php\/wp-json\/wp\/v2\/posts"}],"about":[{"href":"https:\/\/ikimisli.tr\/index.php\/wp-json\/wp\/v2\/types\/post"}],"author":[{"embeddable":true,"href":"https:\/\/ikimisli.tr\/index.php\/wp-json\/wp\/v2\/users\/1"}],"replies":[{"embeddable":true,"href":"https:\/\/ikimisli.tr\/index.php\/wp-json\/wp\/v2\/comments?post=64730"}],"version-history":[{"count":1,"href":"https:\/\/ikimisli.tr\/index.php\/wp-json\/wp\/v2\/posts\/64730\/revisions"}],"predecessor-version":[{"id":64732,"href":"https:\/\/ikimisli.tr\/index.php\/wp-json\/wp\/v2\/posts\/64730\/revisions\/64732"}],"wp:featuredmedia":[{"embeddable":true,"href":"https:\/\/ikimisli.tr\/index.php\/wp-json\/wp\/v2\/media\/64731"}],"wp:attachment":[{"href":"https:\/\/ikimisli.tr\/index.php\/wp-json\/wp\/v2\/media?parent=64730"}],"wp:term":[{"taxonomy":"category","embeddable":true,"href":"https:\/\/ikimisli.tr\/index.php\/wp-json\/wp\/v2\/categories?post=64730"},{"taxonomy":"post_tag","embeddable":true,"href":"https:\/\/ikimisli.tr\/index.php\/wp-json\/wp\/v2\/tags?post=64730"}],"curies":[{"name":"wp","href":"https:\/\/api.w.org\/{rel}","templated":true}]}}