{"id":64807,"date":"2025-08-06T11:21:08","date_gmt":"2025-08-06T11:21:08","guid":{"rendered":"https:\/\/ikimisli.tr\/?p=64807"},"modified":"2025-08-06T11:21:08","modified_gmt":"2025-08-06T11:21:08","slug":"koca-padisahi-mezarinda-ters-donduren-sehzade","status":"publish","type":"post","link":"https:\/\/ikimisli.tr\/index.php\/2025\/08\/06\/koca-padisahi-mezarinda-ters-donduren-sehzade\/","title":{"rendered":"Koca padi\u015fah\u0131 mezar\u0131nda ters d\u00f6nd\u00fcren \u015fehzade!"},"content":{"rendered":"<p>Yetkili \u015fah\u0131slar\u0131n e-imzalar\u0131n\u0131 kullanarak devlet sistemlerine s\u0131zan ve \u00e7ok say\u0131da ki\u015fi i\u00e7in uydurma diploma ve ehliyet evraklar\u0131 olu\u015fturan \u00e7eteye y\u00f6nelik y\u00fcr\u00fct\u00fclen soru\u015fturma T\u00fcrkiye&#8217;nin g\u00fcndemine otururken, diplomas\u0131n\u0131n d\u00fczmece oldu\u011fu \u00f6\u011frenilen isimler ortas\u0131nda II. Abd\u00fclhamid&#8217;in torunu oldu\u011funu \u00f6ne s\u00fcrerek kamuoyunda &#8220;\u015fehzade&#8221; unvan\u0131yla tan\u0131nan Abd\u00fclhamid Kay\u0131han Osmano\u011flu da yer ald\u0131.\u00a0<\/p>\n<p><img decoding=\"async\" src=\"https:\/\/ikimisli.tr\/wp-content\/uploads\/2025\/08\/koca-padisahi-mezarinda-ters-donduren-sehzade-0-lei1M7Gm.jpg\"\/><\/p>\n<p>Malatya&#8217;da bulunan \u0130n\u00f6n\u00fc \u00dcniversitesi&#8217;nin &#8216;Tarih&#8217; k\u0131sm\u0131ndan elde etti\u011fi diploman\u0131n y\u00f6ntemsiz halde haz\u0131rland\u0131\u011f\u0131 anla\u015f\u0131lan Osmano\u011flu&#8217;na, bu kere AKP&#8217;li hesaplar da sahip \u00e7\u0131kmad\u0131.\u00a0<\/p>\n<p><strong>&#8216;KOCA PAD\u0130\u015eAHI MEZARINDA AYKIRI D\u00d6ND\u00dcRD\u00dcN&#8217;<\/strong><\/p>\n<p>Diploma skandal\u0131n\u0131n ortaya \u00e7\u0131kmas\u0131 ve \u00fcniversite taraf\u0131ndan Osmano\u011flu&#8217;nun y\u00f6ntemsiz halde olu\u015fturulan diplomas\u0131n\u0131n iptal edilmesiyle birlikte \u00e7ok say\u0131da kullan\u0131c\u0131 &#8216;\u015eehzademiz bir gecede bilgisiz kald\u0131&#8217; yorumlar\u0131nda bulunurken, bug\u00fcne kadar yapt\u0131\u011f\u0131 sivri \u00e7\u0131k\u0131\u015flarda dayanak g\u00f6rd\u00fc\u011f\u00fc AKP se\u00e7meni de Osmano\u011flu&#8217;na s\u0131rt \u00e7evirdi.\u00a0<\/p>\n<p><img decoding=\"async\" src=\"https:\/\/ikimisli.tr\/wp-content\/uploads\/2025\/08\/koca-padisahi-mezarinda-ters-donduren-sehzade-1-WhMHXsE8.jpg\"\/><\/p>\n<p>Osmano\u011flu, ya\u015fananlar\u0131n akabinde &#8216;Dedemi \u00e7ekemeyenler art\u0131k de beni \u00e7ekemiyorlar&#8217; bi\u00e7iminde bir savunmada bulunsa da, iktidara yak\u0131n hesaplardan yap\u0131lan payla\u015f\u0131mlarda Osmano\u011flu&#8217;na &#8220;Deden Abd\u00fclhamid&#8217;e Siyonist Theodor Herzl bile senin verdi\u011fin ziyan\u0131 veremezdi. Koca padi\u015fah\u0131 mezar\u0131nda kar\u015f\u0131t d\u00f6nd\u00fcrd\u00fcn be adam&#8221; kelamlar\u0131yla reaksiyon g\u00f6sterildi.\u00a0<\/p>\n<p><\/p>\n","protected":false},"excerpt":{"rendered":"<p>T\u00fcrkiye&#8217;yi sarsan &#8216;sahte diploma&#8217; skandal\u0131nda, \u0130n\u00f6n\u00fc \u00dcniversitesi Tarih k\u0131sm\u0131ndan ald\u0131\u011f\u0131 mezuniyet dok\u00fcman\u0131n\u0131n d\u00fczmece oldu\u011fu ortaya \u00e7\u0131kan Abd\u00fclhamid Kay\u0131han Osmano\u011flu, AKP&#8217;li hesaplardan da b\u00fcy\u00fck reaksiyon g\u00f6rd\u00fc.  Kendisine gelen tenkitlere &#8220;Dedemi \u00e7ekemeyenler art\u0131k de beni \u00e7ekemiyorlar&#8221; formunda kar\u015f\u0131l\u0131k veren Osmano\u011flu&#8217;na kullan\u0131c\u0131lar &#8216;Koca padi\u015fah\u0131 mezar\u0131nda z\u0131t d\u00f6nd\u00fcrd\u00fcn&#8217; kelamlar\u0131yla reaksiyon g\u00f6sterdi.<\/p>\n","protected":false},"author":1,"featured_media":64808,"comment_status":"open","ping_status":"open","sticky":false,"template":"","format":"standard","meta":{"footnotes":""},"categories":[25],"tags":[6684,7762],"class_list":["post-64807","post","type-post","status-publish","format-standard","has-post-thumbnail","hentry","category-gundem","tag-diploma","tag-osmanoglu"],"_links":{"self":[{"href":"https:\/\/ikimisli.tr\/index.php\/wp-json\/wp\/v2\/posts\/64807","targetHints":{"allow":["GET"]}}],"collection":[{"href":"https:\/\/ikimisli.tr\/index.php\/wp-json\/wp\/v2\/posts"}],"about":[{"href":"https:\/\/ikimisli.tr\/index.php\/wp-json\/wp\/v2\/types\/post"}],"author":[{"embeddable":true,"href":"https:\/\/ikimisli.tr\/index.php\/wp-json\/wp\/v2\/users\/1"}],"replies":[{"embeddable":true,"href":"https:\/\/ikimisli.tr\/index.php\/wp-json\/wp\/v2\/comments?post=64807"}],"version-history":[{"count":1,"href":"https:\/\/ikimisli.tr\/index.php\/wp-json\/wp\/v2\/posts\/64807\/revisions"}],"predecessor-version":[{"id":64811,"href":"https:\/\/ikimisli.tr\/index.php\/wp-json\/wp\/v2\/posts\/64807\/revisions\/64811"}],"wp:featuredmedia":[{"embeddable":true,"href":"https:\/\/ikimisli.tr\/index.php\/wp-json\/wp\/v2\/media\/64808"}],"wp:attachment":[{"href":"https:\/\/ikimisli.tr\/index.php\/wp-json\/wp\/v2\/media?parent=64807"}],"wp:term":[{"taxonomy":"category","embeddable":true,"href":"https:\/\/ikimisli.tr\/index.php\/wp-json\/wp\/v2\/categories?post=64807"},{"taxonomy":"post_tag","embeddable":true,"href":"https:\/\/ikimisli.tr\/index.php\/wp-json\/wp\/v2\/tags?post=64807"}],"curies":[{"name":"wp","href":"https:\/\/api.w.org\/{rel}","templated":true}]}}