{"id":64966,"date":"2025-08-06T20:09:09","date_gmt":"2025-08-06T20:09:09","guid":{"rendered":"https:\/\/ikimisli.tr\/?p=64966"},"modified":"2025-08-06T20:09:09","modified_gmt":"2025-08-06T20:09:09","slug":"torbalida-jandarmanin-kimlik-kontrolune-direnen-8-kisi-gozaltina-alindi","status":"publish","type":"post","link":"https:\/\/ikimisli.tr\/index.php\/2025\/08\/06\/torbalida-jandarmanin-kimlik-kontrolune-direnen-8-kisi-gozaltina-alindi\/","title":{"rendered":"Torbal\u0131\u2019da Jandarman\u0131n kimlik kontrol\u00fcne direnen 8 ki\u015fi g\u00f6zalt\u0131na al\u0131nd\u0131"},"content":{"rendered":"<p>Olay, Bar\u0131\u015f Man\u00e7o Caddesi \u00fczerindeki bir kahvehanede d\u00fcn ak\u015fam saatlerinde meydana geldi. Devriye misyonunda bulunan jandarma gruplar\u0131, rutin kimlik denetimi i\u00e7in kahvehaneye girdi. Lakin i\u00e7eride bulunan birtak\u0131m \u015fah\u0131slar\u0131n kimlik g\u00f6stermemekte \u0131srar etmesi \u00fczerine tak\u0131mlar destek \u00e7a\u011f\u0131rd\u0131.<\/p>\n<p>\u0130ddiaya nazaran, jandarma gruplar\u0131n\u0131n kimliklerini tekrar istemesi \u00fczerine kimi bireyler direni\u015f g\u00f6sterdi ve taraflar ortas\u0131nda arbede \u00e7\u0131kt\u0131. Olay yerine sevk edilen takviye gruplarla birlikte m\u00fcdahale geni\u015fletildi.<\/p>\n<p>Arbede sonras\u0131nda kimlik denetimine direnerek olaya kar\u0131\u015ft\u0131klar\u0131 belirlenen 8 ku\u015fkulu g\u00f6zalt\u0131na al\u0131nd\u0131. G\u00f6zalt\u0131na al\u0131nan \u015fah\u0131slar\u0131n tabirleri al\u0131nmak \u00fczere jandarma karakoluna g\u00f6t\u00fcr\u00fcld\u00fc\u011f\u00fc \u00f6\u011frenildi.<\/p>\n<p>Ya\u015fanan olayla ilgili isimli soru\u015fturma ba\u015flat\u0131ld\u0131. G\u00f6zalt\u0131na al\u0131nan \u015f\u00fcphelilerin kimlik sorgular\u0131n\u0131n akabinde adliyeye sevk edilip edilmeyece\u011fi, yap\u0131lacak de\u011ferlendirmelerin akabinde netle\u015fecek.<\/p>\n","protected":false},"excerpt":{"rendered":"<p>\u0130zmir\u2019in Torbal\u0131 il\u00e7esine ba\u011fl\u0131 Ayranc\u0131lar Mahallesi\u2019nde, jandarma tak\u0131mlar\u0131n\u0131n bir kahvehanede ger\u00e7ekle\u015ftirdi\u011fi kimlik denetimi s\u0131ras\u0131nda \u00e7\u0131kan arbede sonucunda 8 ki\u015fi g\u00f6zalt\u0131na al\u0131nd\u0131.<\/p>\n","protected":false},"author":1,"featured_media":64967,"comment_status":"open","ping_status":"open","sticky":false,"template":"","format":"standard","meta":{"footnotes":""},"categories":[25],"tags":[472],"class_list":["post-64966","post","type-post","status-publish","format-standard","has-post-thumbnail","hentry","category-gundem","tag-kimlik"],"_links":{"self":[{"href":"https:\/\/ikimisli.tr\/index.php\/wp-json\/wp\/v2\/posts\/64966","targetHints":{"allow":["GET"]}}],"collection":[{"href":"https:\/\/ikimisli.tr\/index.php\/wp-json\/wp\/v2\/posts"}],"about":[{"href":"https:\/\/ikimisli.tr\/index.php\/wp-json\/wp\/v2\/types\/post"}],"author":[{"embeddable":true,"href":"https:\/\/ikimisli.tr\/index.php\/wp-json\/wp\/v2\/users\/1"}],"replies":[{"embeddable":true,"href":"https:\/\/ikimisli.tr\/index.php\/wp-json\/wp\/v2\/comments?post=64966"}],"version-history":[{"count":1,"href":"https:\/\/ikimisli.tr\/index.php\/wp-json\/wp\/v2\/posts\/64966\/revisions"}],"predecessor-version":[{"id":64968,"href":"https:\/\/ikimisli.tr\/index.php\/wp-json\/wp\/v2\/posts\/64966\/revisions\/64968"}],"wp:featuredmedia":[{"embeddable":true,"href":"https:\/\/ikimisli.tr\/index.php\/wp-json\/wp\/v2\/media\/64967"}],"wp:attachment":[{"href":"https:\/\/ikimisli.tr\/index.php\/wp-json\/wp\/v2\/media?parent=64966"}],"wp:term":[{"taxonomy":"category","embeddable":true,"href":"https:\/\/ikimisli.tr\/index.php\/wp-json\/wp\/v2\/categories?post=64966"},{"taxonomy":"post_tag","embeddable":true,"href":"https:\/\/ikimisli.tr\/index.php\/wp-json\/wp\/v2\/tags?post=64966"}],"curies":[{"name":"wp","href":"https:\/\/api.w.org\/{rel}","templated":true}]}}