{"id":65191,"date":"2025-08-07T09:09:06","date_gmt":"2025-08-07T09:09:06","guid":{"rendered":"https:\/\/ikimisli.tr\/?p=65191"},"modified":"2025-08-07T09:09:06","modified_gmt":"2025-08-07T09:09:06","slug":"dunyayi-titreten-gelisme-bakanlik-aciklama-yapti","status":"publish","type":"post","link":"https:\/\/ikimisli.tr\/index.php\/2025\/08\/07\/dunyayi-titreten-gelisme-bakanlik-aciklama-yapti\/","title":{"rendered":"D\u00fcnyay\u0131 titreten geli\u015fme! Bakanl\u0131k a\u00e7\u0131klama yapt\u0131"},"content":{"rendered":"<p>Marmara, Ege ve Akdeniz&#8217;in sular\u0131nda kolera hastal\u0131\u011f\u0131na neden olabilecek tehlikeli <strong>Vibrio <\/strong>bakterisi tespit edildi. Deniz sular\u0131nda yay\u0131lan bu bakteri, halk s\u0131hhatini da tehdit ediyor.\u00a0\u00a0<\/p>\n<p><b>KOLERA SALGINI TEHL\u0130KES\u0130<\/b><\/p>\n<p>Vibrio bilhassa tehlikeli olan Cholerae bakterisinin alt tipi olarak da biliniyor. Bu bakterilerin yurt genelinde salg\u0131na sebep olmas\u0131 tehlike \u00e7anlar\u0131n\u0131n \u00e7almas\u0131na sebep oldu. Bu bakteriler organizmaya girdi\u011finde a\u011f\u0131r ishal ve kritik derecede susuzluk ile seyreden koleraya neden olabilir.<\/p>\n<p><b>T\u00dcRK\u0130YE&#8217;DE OLAY G\u00d6R\u00dcLD\u00dc M\u00dc?\u00a0<\/b><\/p>\n<p>S\u00f6z konusu tehlikeye ili\u015fkin Sa\u011fl\u0131k Bakanl\u0131\u011f\u0131 taraf\u0131ndan dikkat \u00e7eken bir a\u00e7\u0131klama yap\u0131ld\u0131.\u00a0 Kelam konusu bakterinin T\u00fcrkiye&#8217;de g\u00f6r\u00fcld\u00fc\u011f\u00fcn\u00fc yalanlamayan Bakanl\u0131k, \u015fimdi kendilerine ula\u015fan bir olaya rastlamad\u0131klar\u0131n\u0131 bildirdi.<\/p>\n<p><b>BAKANLIK A\u00c7IKLMA YAPTI\u00a0<\/b><\/p>\n<p>Bakanl\u0131k taraf\u0131ndan yap\u0131lan a\u00e7\u0131klamada \u015fu s\u00f6zler kaydedildi:<\/p>\n<p><em>&#8220;Baz\u0131 bas\u0131n yay\u0131n organlar\u0131nda, \u00fclkemizde Vibrio bakterisi ile alakal\u0131 hastal\u0131k g\u00f6r\u00fcld\u00fc\u011f\u00fcne dair haberler yer almaktad\u0131r. Halk Sa\u011fl\u0131\u011f\u0131 Genel M\u00fcd\u00fcrl\u00fc\u011f\u00fc olarak, Bula\u015f\u0131c\u0131 Hastal\u0131klar Bildirim Sistemi \u00fczerinden yap\u0131lan 2025 y\u0131l\u0131 bilgileri incelenmi\u015ftir. Kamuoyunun yanl\u0131\u015fs\u0131z bilgilendirilmesi ismine, mevcut durumda \u00fclkemizde Vibrio kaynakl\u0131 rastgele bir hastal\u0131k hadisesi tespit edilmedi\u011fini de\u011ferle duyururuz&#8221;\u00a0<\/em><\/p>\n<p><b><strong><em>V\u0130BR\u0130O NED\u0130R?<\/em><\/strong><\/b><\/p>\n<p><strong><em>Vibrio bakterileri, artan deniz suyu s\u0131cakl\u0131klar\u0131yla birlikte \u00e7o\u011fal\u0131yor. Bu bakteri, a\u00e7\u0131k yaralardan bedene girip \u00f6l\u00fcmc\u00fcl enfeksiyonlara yol a\u00e7abiliyor. EuroNews\u2019un haberine nazaran; Avrupa Hastal\u0131k Tedbire ve Denetim Merkezi\u2019nin (ECDC) yay\u0131nlad\u0131\u011f\u0131 son ihtara nazaran, ge\u00e7mi\u015fte s\u0131rf Balt\u0131k Denizi\u2019nde rastlanan Vibrio bakterileri art\u0131k Kuzey Denizi ve kapal\u0131 y\u00fczme alanlar\u0131nda da tespit ediliyor. Bu bakteriler, bilhassa tuzlu ve ac\u0131 (tuzlu-tatl\u0131 kar\u0131\u015f\u0131m\u0131) sularda, y\u00fcksek s\u0131cakl\u0131k ve d\u00fc\u015f\u00fck tuzluluk oran\u0131nda basit\u00e7e \u00e7o\u011falabiliyor.<\/em><\/strong><\/p>\n<p><strong><em>Marmara, Ege ve Akdeniz k\u0131y\u0131lar\u0131nda \u201cVibrio parahaemolyticus\u201d ve \u201cVibrio vulnificus\u201d \u00fczere bakterilerin DNA\u2019s\u0131na rastland\u0131. Genital b\u00f6lgenin nemli ve s\u0131cak kalmas\u0131, bakteriler i\u00e7in \u00fcreme alan\u0131 olu\u015fturur. Bilhassa E. coli \u00fczere bakteriler bu ortamda idrar yollar\u0131na ula\u015fabilir. Ba\u011f\u0131\u015f\u0131kl\u0131\u011f\u0131 d\u00fc\u015f\u00fck bireylerde tablo daha a\u011f\u0131r seyreder.<\/em><\/strong><\/p>\n","protected":false},"excerpt":{"rendered":"<p>Marmara, Ege ve Akdeniz\u2019de koleraya yol a\u00e7abilecek tehlikeli Vibrio bakterisinin tespit edilmesi \u00fczerine S\u0131hhat Bakanl\u0131\u011f\u0131\u2019ndan a\u00e7\u0131klama geldi. Bakanl\u0131k, \u015fu ana kadar rastgele bir hastal\u0131k olay\u0131n\u0131n bildirilmedi\u011fini a\u00e7\u0131klad\u0131.<\/p>\n","protected":false},"author":1,"featured_media":65192,"comment_status":"open","ping_status":"open","sticky":false,"template":"","format":"standard","meta":{"footnotes":""},"categories":[25],"tags":[6004,1911,8171],"class_list":["post-65191","post","type-post","status-publish","format-standard","has-post-thumbnail","hentry","category-gundem","tag-bakteriler","tag-tehlike","tag-vibrio"],"_links":{"self":[{"href":"https:\/\/ikimisli.tr\/index.php\/wp-json\/wp\/v2\/posts\/65191","targetHints":{"allow":["GET"]}}],"collection":[{"href":"https:\/\/ikimisli.tr\/index.php\/wp-json\/wp\/v2\/posts"}],"about":[{"href":"https:\/\/ikimisli.tr\/index.php\/wp-json\/wp\/v2\/types\/post"}],"author":[{"embeddable":true,"href":"https:\/\/ikimisli.tr\/index.php\/wp-json\/wp\/v2\/users\/1"}],"replies":[{"embeddable":true,"href":"https:\/\/ikimisli.tr\/index.php\/wp-json\/wp\/v2\/comments?post=65191"}],"version-history":[{"count":1,"href":"https:\/\/ikimisli.tr\/index.php\/wp-json\/wp\/v2\/posts\/65191\/revisions"}],"predecessor-version":[{"id":65193,"href":"https:\/\/ikimisli.tr\/index.php\/wp-json\/wp\/v2\/posts\/65191\/revisions\/65193"}],"wp:featuredmedia":[{"embeddable":true,"href":"https:\/\/ikimisli.tr\/index.php\/wp-json\/wp\/v2\/media\/65192"}],"wp:attachment":[{"href":"https:\/\/ikimisli.tr\/index.php\/wp-json\/wp\/v2\/media?parent=65191"}],"wp:term":[{"taxonomy":"category","embeddable":true,"href":"https:\/\/ikimisli.tr\/index.php\/wp-json\/wp\/v2\/categories?post=65191"},{"taxonomy":"post_tag","embeddable":true,"href":"https:\/\/ikimisli.tr\/index.php\/wp-json\/wp\/v2\/tags?post=65191"}],"curies":[{"name":"wp","href":"https:\/\/api.w.org\/{rel}","templated":true}]}}