{"id":65281,"date":"2025-08-07T13:57:05","date_gmt":"2025-08-07T13:57:05","guid":{"rendered":"https:\/\/ikimisli.tr\/?p=65281"},"modified":"2025-08-07T13:57:05","modified_gmt":"2025-08-07T13:57:05","slug":"28-yildir-aranan-omerin-cesedi-buzulun-icinde-bozulmamis-halde-bulundu","status":"publish","type":"post","link":"https:\/\/ikimisli.tr\/index.php\/2025\/08\/07\/28-yildir-aranan-omerin-cesedi-buzulun-icinde-bozulmamis-halde-bulundu\/","title":{"rendered":"28 y\u0131ld\u0131r aranan \u00d6mer&#8217;in cesedi buzulun i\u00e7inde bozulmam\u0131\u015f halde bulundu"},"content":{"rendered":"<p>Pakistan\u2019\u0131n kuzeyindeki Kohistan b\u00f6lgesinde, 28 y\u0131l evvel kaybolan bir adama ili\u015fkin ceset, eriyen bir buzulun i\u00e7inde bulundu. Olay, Leydi Vadisi olarak bilinen \u00fccra ve da\u011fl\u0131k bir b\u00f6lgede, bir \u00e7oban\u0131n fark etti\u011fi bozulmam\u0131\u015f giysilere sahip, \u00e2l\u00e2 korunmu\u015f bir ceset ile ortaya \u00e7\u0131kt\u0131.<\/p>\n<p>Cesedin yan\u0131nda bulunan ve <strong>\u201cNaseeruddin\u201d<\/strong> ismine d\u00fczenlenmi\u015f kimlik kart\u0131 sayesinde kimlik tespiti yap\u0131ld\u0131. Polis, 1997 y\u0131l\u0131nda ya\u015fanan \u015fiddetli kar f\u0131rt\u0131nas\u0131 s\u0131ras\u0131nda bir buzul \u00e7atla\u011f\u0131na d\u00fc\u015ferek kaybolan adam\u0131n, bu ki\u015fi oldu\u011funu do\u011frulad\u0131.<\/p>\n<p>Son y\u0131llarda b\u00f6lgede kar ya\u011f\u0131\u015flar\u0131n\u0131n azalmas\u0131, buzullar\u0131n direkt g\u00fcne\u015f \u0131\u015f\u0131\u011f\u0131na maruz kalmas\u0131na ve daha s\u00fcratli erimesine yol a\u00e7t\u0131. Uzmanlar, cesedin bulunmas\u0131n\u0131n, global iklim de\u011fi\u015fikli\u011finin tesirlerini a\u00e7\u0131k bi\u00e7imde ortaya koydu\u011funu belirtti.<\/p>\n<p><b>BUZULLAR SAYES\u0130NDE \u00c7\u00dcR\u00dcMEM\u0130\u015e\u00a0<\/b><\/p>\n<p>Comsats \u00dcniversitesi \u0130slamabad Etraf K\u0131sm\u0131 Lideri Prof. Muhammed Bilal, buzullar\u0131n d\u00fc\u015f\u00fck s\u0131cakl\u0131k, nem ve oksijen d\u00fczeyi nedeniyle, cesetlerin do\u011fal olarak mumyaland\u0131\u011f\u0131n\u0131 ve \u00e7\u00fcr\u00fcmenin \u00f6nlendi\u011fini tabir etti.<\/p>\n<p><b>&#8220;CESET SAPASA\u011eLAM&#8221;<\/b><\/p>\n<p>Cesedi bulan \u00e7oban \u00d6mer Han, BBC Urdu\u2019ya yapt\u0131\u011f\u0131 a\u00e7\u0131klamada, <strong>\u201cG\u00f6rd\u00fcklerim inan\u0131lmazd\u0131. Ceset sa\u011flamd\u0131, giysileri bile y\u0131rt\u0131lmam\u0131\u015ft\u0131,\u201d<\/strong> dedi.<\/p>\n<p><b>H\u0130KAYES\u0130 ORTAYA \u00c7IKTI<\/b><\/p>\n<p>Naseeruddin\u2019in, olay g\u00fcn\u00fc karde\u015fi Kathiruddin ile birlikte at s\u0131rt\u0131nda seyahat etti\u011fi, aile i\u00e7i bir uyu\u015fmazl\u0131k nedeniyle meskenlerini terk ettikleri \u00f6\u011frenildi. Kathiruddin, karde\u015finin bir ma\u011faraya girdikten sonra geri d\u00f6nmedi\u011fini, b\u00f6lge halk\u0131yla yapt\u0131\u011f\u0131 t\u00fcm aramalara kar\u015f\u0131n izine rastlayamad\u0131klar\u0131n\u0131 s\u00f6yledi.<\/p>\n","protected":false},"excerpt":{"rendered":"<p>Pakistan&#8217;da 1997 y\u0131l\u0131nda bu yana aranan \u00d6mer Han&#8217;\u0131n cesedi eriyen buzulun i\u00e7inde hi\u00e7 bozulmam\u0131\u015f halde bulundu.<\/p>\n","protected":false},"author":1,"featured_media":65282,"comment_status":"open","ping_status":"open","sticky":false,"template":"","format":"standard","meta":{"footnotes":""},"categories":[43],"tags":[3269,1397,379],"class_list":["post-65281","post","type-post","status-publish","format-standard","has-post-thumbnail","hentry","category-dunya","tag-buzul","tag-ceset","tag-kar"],"_links":{"self":[{"href":"https:\/\/ikimisli.tr\/index.php\/wp-json\/wp\/v2\/posts\/65281","targetHints":{"allow":["GET"]}}],"collection":[{"href":"https:\/\/ikimisli.tr\/index.php\/wp-json\/wp\/v2\/posts"}],"about":[{"href":"https:\/\/ikimisli.tr\/index.php\/wp-json\/wp\/v2\/types\/post"}],"author":[{"embeddable":true,"href":"https:\/\/ikimisli.tr\/index.php\/wp-json\/wp\/v2\/users\/1"}],"replies":[{"embeddable":true,"href":"https:\/\/ikimisli.tr\/index.php\/wp-json\/wp\/v2\/comments?post=65281"}],"version-history":[{"count":1,"href":"https:\/\/ikimisli.tr\/index.php\/wp-json\/wp\/v2\/posts\/65281\/revisions"}],"predecessor-version":[{"id":65283,"href":"https:\/\/ikimisli.tr\/index.php\/wp-json\/wp\/v2\/posts\/65281\/revisions\/65283"}],"wp:featuredmedia":[{"embeddable":true,"href":"https:\/\/ikimisli.tr\/index.php\/wp-json\/wp\/v2\/media\/65282"}],"wp:attachment":[{"href":"https:\/\/ikimisli.tr\/index.php\/wp-json\/wp\/v2\/media?parent=65281"}],"wp:term":[{"taxonomy":"category","embeddable":true,"href":"https:\/\/ikimisli.tr\/index.php\/wp-json\/wp\/v2\/categories?post=65281"},{"taxonomy":"post_tag","embeddable":true,"href":"https:\/\/ikimisli.tr\/index.php\/wp-json\/wp\/v2\/tags?post=65281"}],"curies":[{"name":"wp","href":"https:\/\/api.w.org\/{rel}","templated":true}]}}