{"id":65308,"date":"2025-08-07T15:33:06","date_gmt":"2025-08-07T15:33:06","guid":{"rendered":"https:\/\/ikimisli.tr\/?p=65308"},"modified":"2025-08-07T15:33:06","modified_gmt":"2025-08-07T15:33:06","slug":"chpden-istifa-eden-baskana-meclis-uyesin-dikkat-ceken-tepki","status":"publish","type":"post","link":"https:\/\/ikimisli.tr\/index.php\/2025\/08\/07\/chpden-istifa-eden-baskana-meclis-uyesin-dikkat-ceken-tepki\/","title":{"rendered":"CHP\u2019den istifa eden ba\u015fkana meclis \u00fcyesin dikkat \u00e7eken tepki"},"content":{"rendered":"<p>Gaziantep \u015eehitkamil Belediyesi\u2019nde a\u011fustos ay\u0131 meclis toplant\u0131s\u0131nda ya\u015fanan sendika krizinin perde ard\u0131 meclis k\u00fcrs\u00fcs\u00fcnde a\u00e7\u0131\u011fa \u00e7\u0131kt\u0131. D\u0130SK Gaziantep \u015eube Ba\u015fkan\u0131 ve CHP\u2019li Meclis \u00dcyesi Ali G\u00fcd\u00fcc\u00fc, Lider Umut Y\u0131lmaz\u2019\u0131n belediye personellerine y\u00f6nelik sendika bask\u0131s\u0131 yapt\u0131\u011f\u0131n\u0131 ve kendisini de istifaya zorlad\u0131\u011f\u0131n\u0131 arg\u00fcman etti. G\u00fcd\u00fcc\u00fc\u2019n\u00fcn a\u00e7\u0131klamalar\u0131na nazaran, ge\u00e7ti\u011fimiz g\u00fcnlerde D\u0130SK&#8217;e \u00fcye olan \u00e7ok say\u0131da belediye \u00e7al\u0131\u015fan\u0131, bask\u0131 yoluyla HAK-\u0130\u015e\u2019e ge\u00e7irilmi\u015f durumda. G\u00fcd\u00fcc\u00fc, bu ge\u00e7i\u015fin personellerin \u00f6zg\u00fcr iradesiyle de\u011fil, talimatla ger\u00e7ekle\u015fti\u011fini savundu.<\/p>\n<p><img decoding=\"async\" src=\"https:\/\/ikimisli.tr\/wp-content\/uploads\/2025\/08\/chpden-istifa-eden-baskana-meclis-uyesin-dikkat-ceken-tepki-0-hayg3aJc.jpg\"\/><\/p>\n<div>\n<p><em>CHP\u2019li Meclis \u00dcyesi Ali G\u00fcd\u00fcc\u00fc<\/em><\/p>\n<\/p><\/div>\n<p><b>\u201cCHP\u2019N\u0130N HELAL OYLARIYLA SE\u00c7\u0130LM\u0130\u015e MECL\u0130S \u00dcYES\u0130Y\u0130M BEN ADAM SATMAM\u201d<\/b><\/p>\n<p>CHP\u2019li G\u00fcd\u00fcc\u00fc\u2019n\u00fcn en a\u011f\u0131r su\u00e7lamalar\u0131ndan biri belediye idaresinin emek\u00e7ilere uygulad\u0131\u011f\u0131 bask\u0131ya y\u00f6nelik oldu.  G\u00fcd\u00fcc\u00fc mecliste yapt\u0131\u011f\u0131 konu\u015fmada \u015fu s\u00f6zleri kulland\u0131;<\/p>\n<p>\u201cDe\u011ferli arkada\u015flar bildi\u011finiz \u00fczere ben bir sendikac\u0131y\u0131m d\u00f6rt g\u00fcn evvel say\u0131n ba\u015fkan Umut Y\u0131lmaz&#8217;\u0131n h\u00fccumuyla sendikam\u0131za \u00fcye emek\u00e7ilerin \u00e7o\u011funlu\u011fu HAK-\u0130\u015e sendikas\u0131na ge\u00e7ti. Arkada\u015flar\u0131m\u0131z\u0131n HAK-\u0130\u015e Sendikas\u0131na ge\u00e7meleri sonras\u0131nda ben lider beyefendiyle g\u00f6r\u00fc\u015ft\u00fcm ba\u015fkan bey benim \u00f6n\u00fcme iki se\u00e7enek koydu, \u2018Bu namussuzlar beni \u00e7ok s\u0131k\u0131\u015ft\u0131r\u0131yorlar istifa edecek misiniz etmeyecek misin?\u2019 diye sordu. \u2018etmeyece\u011fim\u2019 dedim. Ben CHP\u2019nin helal oylar\u0131yla se\u00e7ilmi\u015f meclis \u00fcyesiyim ben adam satmam. Ben h\u0131rs\u0131zl\u0131k etmedim, memleketi soymad\u0131m, devleti ziyana u\u011fratmad\u0131m beni se\u00e7en partiden neden istifa edeyim?<\/p>\n<p><b>\u201cAVRADIMIN KOLUNDAK\u0130 B\u0130R TEK B\u0130LEZ\u0130\u011e\u0130 SATTIM SEN\u0130N \u0130\u00c7\u0130N HARCADIM\u201d<\/b><\/p>\n<p>Ali G\u00fcd\u00fcc\u00fc, Lider Umut Y\u0131lmaz&#8217;\u0131n se\u00e7im periyodunda dayanak verdi\u011fini hat\u0131rlatarak, \u201cSeni kim s\u0131k\u0131\u015ft\u0131rd\u0131ysa ben senin i\u00e7in bu meydanlarda can\u0131m\u0131 verdim, avrad\u0131m\u0131n kolundaki bir tek bilezi\u011fi satt\u0131m senin i\u00e7in harcad\u0131m sana elini uzatan\u0131n ba\u015f\u0131na s\u0131kard\u0131m o se\u00e7imde fakat sen getirdin benim \u00f6n\u00fcme bunu koydun. \u015eayet o namussuz kimse seni s\u0131k\u0131\u015ft\u0131ran kimse onun i\u00e7inde can\u0131m\u0131 vermezsem tekrar gurursuzum. Fakat senin bu yapt\u0131\u011f\u0131n \u00e7ok ay\u0131p oldu, sen AK Parti&#8217;ye ge\u00e7ebilirsin burada istifa eden arkada\u015flar da var hepsi arkada\u015f\u0131m\u0131z, dostumuz, yak\u0131n\u0131m\u0131z. Ben hi\u00e7bir vakit davas\u0131n\u0131 satan bir adam olmad\u0131m. \u015eunu s\u00f6yl\u00fcyorlar \u2018musluklar kesildi de mi istifa ediyorsun?\u2019 o musluklar \u00f6teki yerlere tak\u0131ld\u0131 bana de\u011fil\u201d diye konu\u015ftu.<\/p>\n<p><b>\u201c\u0130\u015e\u00c7\u0130LER\u0130 SIKI\u015eTIRDINIZ, EKMEKLE TEHD\u0130T ETT\u0130N\u0130Z\u201d<\/b><\/p>\n<p>G\u00fcd\u00fcc\u00fc, ayr\u0131yeten belediye y\u00f6neticisi Eren Karakoyunlu\u2019nun, emek\u00e7ileri telefonla arayarak CHP&#8217;den istifa etmeye zorlad\u0131\u011f\u0131n\u0131 \u00f6ne s\u00fcrd\u00fc. G\u00fcd\u00fcc\u00fc, \u201cErol Karakoyunlu sen \u00e7al\u0131\u015fanlar\u0131 aray\u0131p \u2018Cumhuriyet Halk Partisinden istifa edeceksin\u2019 diye zorlayan adams\u0131n. Sen kimsin Cumhuriyet Halk Partisi olmasayd\u0131 bu belediyeyi g\u00f6rebilir miydin? \u0130nsan istifa edebilir ancak erkek \u00fczere eder. \u2018ben istifa ediyorum AK Parti\u2019ye ge\u00e7iyorum\u2019 der adam. Personellerin ekme\u011fiyle oynay\u0131p HAK-\u0130\u015e liderinin yan\u0131na oturtup istifa ettiremezsiniz. \u00c7al\u0131\u015fanlarla bizim bir problemimiz yok bu kadar bask\u0131ya kar\u015f\u0131 ekmekleri i\u00e7in be\u015ferler ne yaps\u0131n mecbur ge\u00e7tiler. Ama belediye ba\u015fkan\u0131 emretti herkesi oraya ge\u00e7irdi\u201d tabirlerini kulland\u0131.<\/p>\n","protected":false},"excerpt":{"rendered":"<p>Gaziantep \u015eehitkamil Belediyesinde sendika krizi patlak verdi. CHP&#8217;li Meclis \u00dcyesi ve D\u0130SK Gaziantep \u015eube Ba\u015fkan\u0131 Ali G\u00fcd\u00fcc\u00fc, CHP&#8217;den istifa eden belediye ba\u015fkan\u0131 Umut Y\u0131lmaz\u2019\u0131n bask\u0131s\u0131yla belediye emek\u00e7ilerinin zorla HAK-\u0130\u015e\u2019e ge\u00e7irildi\u011fini arg\u00fcman etti. G\u00fcd\u00fcc\u00fc, lidere sert s\u00f6zlerle y\u00fcklendi.<\/p>\n","protected":false},"author":1,"featured_media":65309,"comment_status":"open","ping_status":"open","sticky":false,"template":"","format":"standard","meta":{"footnotes":""},"categories":[25],"tags":[32,40,2294,445,601],"class_list":["post-65308","post","type-post","status-publish","format-standard","has-post-thumbnail","hentry","category-gundem","tag-baskan","tag-belediye","tag-iscileri","tag-istifa","tag-sen"],"_links":{"self":[{"href":"https:\/\/ikimisli.tr\/index.php\/wp-json\/wp\/v2\/posts\/65308","targetHints":{"allow":["GET"]}}],"collection":[{"href":"https:\/\/ikimisli.tr\/index.php\/wp-json\/wp\/v2\/posts"}],"about":[{"href":"https:\/\/ikimisli.tr\/index.php\/wp-json\/wp\/v2\/types\/post"}],"author":[{"embeddable":true,"href":"https:\/\/ikimisli.tr\/index.php\/wp-json\/wp\/v2\/users\/1"}],"replies":[{"embeddable":true,"href":"https:\/\/ikimisli.tr\/index.php\/wp-json\/wp\/v2\/comments?post=65308"}],"version-history":[{"count":1,"href":"https:\/\/ikimisli.tr\/index.php\/wp-json\/wp\/v2\/posts\/65308\/revisions"}],"predecessor-version":[{"id":65311,"href":"https:\/\/ikimisli.tr\/index.php\/wp-json\/wp\/v2\/posts\/65308\/revisions\/65311"}],"wp:featuredmedia":[{"embeddable":true,"href":"https:\/\/ikimisli.tr\/index.php\/wp-json\/wp\/v2\/media\/65309"}],"wp:attachment":[{"href":"https:\/\/ikimisli.tr\/index.php\/wp-json\/wp\/v2\/media?parent=65308"}],"wp:term":[{"taxonomy":"category","embeddable":true,"href":"https:\/\/ikimisli.tr\/index.php\/wp-json\/wp\/v2\/categories?post=65308"},{"taxonomy":"post_tag","embeddable":true,"href":"https:\/\/ikimisli.tr\/index.php\/wp-json\/wp\/v2\/tags?post=65308"}],"curies":[{"name":"wp","href":"https:\/\/api.w.org\/{rel}","templated":true}]}}