{"id":65353,"date":"2025-08-07T18:09:07","date_gmt":"2025-08-07T18:09:07","guid":{"rendered":"https:\/\/ikimisli.tr\/?p=65353"},"modified":"2025-08-07T18:09:07","modified_gmt":"2025-08-07T18:09:07","slug":"chpli-eski-baskan-hayatini-kaybetti","status":"publish","type":"post","link":"https:\/\/ikimisli.tr\/index.php\/2025\/08\/07\/chpli-eski-baskan-hayatini-kaybetti\/","title":{"rendered":"CHP&#8217;li eski ba\u015fkan hayat\u0131n\u0131 kaybetti"},"content":{"rendered":"<p>1973\u20131980 y\u0131llar\u0131 ortas\u0131nda CHP\u2019den Antalya Belediye Ba\u015fkanl\u0131\u011f\u0131 yapan ve 1980 askeri darbesiyle vazifeden al\u0131n\u0131p tutuklanan Selahattin Tongu\u00e7, 84 ya\u015f\u0131nda hayat\u0131n\u0131 kaybetti.<\/p>\n<p>Tongu\u00e7, ge\u00e7irdi\u011fi nedeniyle 28 Temmuz g\u00fcn\u00fc hastaneye kald\u0131r\u0131lm\u0131\u015ft\u0131.8 g\u00fcnd\u00fcr a\u011f\u0131r bak\u0131mda tedavisi s\u00fcren Tongu\u00e7 d\u00fcn ak\u015fam saatlerinde hayat\u0131n\u0131 yitirdi.<\/p>\n<p>Tongu\u00e7 i\u00e7in bug\u00fcn Antalya B\u00fcy\u00fck\u015fehir Belediyesi eski hizmet binas\u0131 \u00f6n\u00fcnde merasim d\u00fczenlendi.<\/p>\n<p>Tongu\u00e7 i\u00e7in birinci merasim, Karaalio\u011flu Park\u0131&#8217;nda bulunan Antalya B\u00fcy\u00fck\u015fehir Belediyesi eski hizmet binas\u0131 \u00f6n\u00fcnde d\u00fczenlendi.<\/p>\n<p>T\u00f6rene; Antalya B\u00fcy\u00fck\u015fehir Belediyesi Lider Vekili B\u00fc\u015fra \u00d6zdemir, CHP Antalya \u0130l Ba\u015fkan\u0131 Nail Kamac\u0131, il\u00e7e belediye liderleri, eski Antalya B\u00fcy\u00fck\u015fehir Belediye Ba\u015fkan\u0131 Bekir Kumbul, Selahattin Tongu\u00e7&#8217;un ailesi, yak\u0131nlar\u0131 ve vatanda\u015flar kat\u0131ld\u0131.<\/p>\n<p><b>BUG\u00dcN TOPRA\u011eA VER\u0130LD\u0130<\/b><\/p>\n<p>Belediye binas\u0131ndaki merasimin akabinde Selahattin Tongu\u00e7 i\u00e7in CHP Antalya Vilayet Ba\u015fkanl\u0131\u011f\u0131 \u00f6n\u00fcnde bir merasim ger\u00e7ekle\u015ftirildi. Selahattin Tongu\u00e7&#8217;un cenazesi, ikindi namaz\u0131n\u0131 m\u00fcteakip And\u0131zl\u0131 Mezarl\u0131\u011f\u0131&#8217;nda topra\u011fa verildi.<\/p>\n<p><b>&#8220;ONUN A\u00c7TI\u011eI YOLDA Y\u00dcR\u00dcMEYE DEVAM ED\u0130YORUZ&#8221;<\/b><\/p>\n<p>Selahattin Tongu\u00e7&#8217;un her vakit Antalyal\u0131lar\u0131n kalbinde oldu\u011funu s\u00f6yleyen Lider Vekili B\u00fc\u015fra \u00d6zdemir, \u201cSelahattin Tongu\u00e7, 1980 darbesiyle misyonundan al\u0131nm\u0131\u015f olabilir fakat halk\u0131n g\u00f6nl\u00fcndeki yeri hi\u00e7bir vakit al\u0131namam\u0131\u015ft\u0131r. Bug\u00fcn Antalya B\u00fcy\u00fck\u015fehir Belediyesi olarak O&#8217;nun a\u00e7t\u0131\u011f\u0131 yolda y\u00fcr\u00fcmeye devam ediyoruz. Halk\u0131 \u00f6nceleyen, k\u00fclt\u00fcr\u00fc ya\u015fatan, \u00e7evreyi koruyan ve hesab\u0131 halka veren bir lokal idare anlay\u0131\u015f\u0131n\u0131 s\u00fcrd\u00fcrmekte kararl\u0131y\u0131z. Bu kent sizi unutmayacak Ba\u015fkan\u0131m&#8221; diye konu\u015ftu.<\/p>\n","protected":false},"excerpt":{"rendered":"<p>Antalya&#8217;n\u0131n eski belediye liderlerinden Selahattin Tongu\u00e7 84 ya\u015f\u0131nda hayat\u0131n\u0131 kaybetti.<\/p>\n","protected":false},"author":1,"featured_media":65354,"comment_status":"open","ping_status":"open","sticky":false,"template":"","format":"standard","meta":{"footnotes":""},"categories":[25],"tags":[8182,32,8181,1155],"class_list":["post-65353","post","type-post","status-publish","format-standard","has-post-thumbnail","hentry","category-gundem","tag-antalya-buyuksehir-belediye","tag-baskan","tag-selahattin-tonguc","tag-toren"],"_links":{"self":[{"href":"https:\/\/ikimisli.tr\/index.php\/wp-json\/wp\/v2\/posts\/65353","targetHints":{"allow":["GET"]}}],"collection":[{"href":"https:\/\/ikimisli.tr\/index.php\/wp-json\/wp\/v2\/posts"}],"about":[{"href":"https:\/\/ikimisli.tr\/index.php\/wp-json\/wp\/v2\/types\/post"}],"author":[{"embeddable":true,"href":"https:\/\/ikimisli.tr\/index.php\/wp-json\/wp\/v2\/users\/1"}],"replies":[{"embeddable":true,"href":"https:\/\/ikimisli.tr\/index.php\/wp-json\/wp\/v2\/comments?post=65353"}],"version-history":[{"count":1,"href":"https:\/\/ikimisli.tr\/index.php\/wp-json\/wp\/v2\/posts\/65353\/revisions"}],"predecessor-version":[{"id":65355,"href":"https:\/\/ikimisli.tr\/index.php\/wp-json\/wp\/v2\/posts\/65353\/revisions\/65355"}],"wp:featuredmedia":[{"embeddable":true,"href":"https:\/\/ikimisli.tr\/index.php\/wp-json\/wp\/v2\/media\/65354"}],"wp:attachment":[{"href":"https:\/\/ikimisli.tr\/index.php\/wp-json\/wp\/v2\/media?parent=65353"}],"wp:term":[{"taxonomy":"category","embeddable":true,"href":"https:\/\/ikimisli.tr\/index.php\/wp-json\/wp\/v2\/categories?post=65353"},{"taxonomy":"post_tag","embeddable":true,"href":"https:\/\/ikimisli.tr\/index.php\/wp-json\/wp\/v2\/tags?post=65353"}],"curies":[{"name":"wp","href":"https:\/\/api.w.org\/{rel}","templated":true}]}}