{"id":65391,"date":"2025-08-07T20:21:13","date_gmt":"2025-08-07T20:21:13","guid":{"rendered":"https:\/\/ikimisli.tr\/?p=65391"},"modified":"2025-08-07T20:21:13","modified_gmt":"2025-08-07T20:21:13","slug":"mesut-ozil-devlet-bahceli-ve-hakan-fidani-ziyaret-etti","status":"publish","type":"post","link":"https:\/\/ikimisli.tr\/index.php\/2025\/08\/07\/mesut-ozil-devlet-bahceli-ve-hakan-fidani-ziyaret-etti\/","title":{"rendered":"Mesut \u00d6zil, Devlet Bah\u00e7eli ve Hakan Fidan&#8217;\u0131 ziyaret etti"},"content":{"rendered":"<p>Eski futbolcu ve AKP MKYK \u00dcyesi Mesut \u00d6zil, Milliyet\u00e7i Hareket Partisi (MHP) Genel Lideri Devlet Bah\u00e7eli ve D\u0131\u015fi\u015fleri Bakan\u0131 Hakan Fidan&#8217;\u0131 ayr\u0131 farkl\u0131 ziyaret etti.<\/p>\n<p>Sosyal medya hesab\u0131ndan payla\u015f\u0131m yapan \u00d6zil, D\u0131\u015fi\u015fleri Bakan\u0131 Hakan Fidan&#8217;\u0131 ziyaret etti\u011fini duyurdu.<\/p>\n<p><img decoding=\"async\" src=\"https:\/\/ikimisli.tr\/wp-content\/uploads\/2025\/08\/mesut-ozil-devlet-bahceli-ve-hakan-fidani-ziyaret-etti-0-PrOQJutZ.jpeg\"\/><\/p>\n<p>Ziyarete ait \u015fu ifadeleri kulland\u0131:<\/p>\n<p>&#8220;AK Parti Genel Lider Yard\u0131mc\u0131s\u0131 ve \u0130stanbul Milletvekili Say\u0131n Zafer S\u0131rakaya ve bedelli abim Keyifli \u00d6zil ile birlikte, D\u0131\u015fi\u015fleri Bakan\u0131m\u0131z Say\u0131n Hakan Fidan\u2019\u0131 ziyaret ettik. Kendileriyle sporun ve ulusal k\u0131ymetlerimizin, \u00fclkemizin memleketler aras\u0131 alandaki duru\u015funa olumlu katk\u0131lar\u0131 \u00fczerine konu\u015fma f\u0131rsat\u0131 bulduk. Nazik konut sahipli\u011fi i\u00e7in kendilerine te\u015fekk\u00fcr ederim.&#8221;<\/p>\n<p><img decoding=\"async\" src=\"https:\/\/ikimisli.tr\/wp-content\/uploads\/2025\/08\/mesut-ozil-devlet-bahceli-ve-hakan-fidani-ziyaret-etti-1-rYIIHgLw.jpeg\"\/><\/p>\n<p>\u00d6zil bir sonraki payla\u015f\u0131m\u0131nda da Devlet Bah\u00e7eli&#8217;yi makam\u0131nda ziyaret etti\u011fini a\u00e7\u0131klad\u0131.<\/p>\n<p>\u00d6zil, ziyarete ait, &#8220;Kendileriyle bir ortaya gelmekten b\u00fcy\u00fck onur duydum. Nazik kabulleri ve misafirperverlikleri i\u00e7in kendilerine te\u015fekk\u00fcr ederim&#8221; s\u00f6zlerini kulland\u0131.<\/p>\n<p><img decoding=\"async\" src=\"https:\/\/ikimisli.tr\/wp-content\/uploads\/2025\/08\/mesut-ozil-devlet-bahceli-ve-hakan-fidani-ziyaret-etti-2-Ov9f2jVR.jpeg\"\/><\/p>\n","protected":false},"excerpt":{"rendered":"<p>Veteran futbolcu ve AKP&#8217;nin MKYK \u00fcyesi Mesut \u00d6zil, MHP ba\u015fkan\u0131 Devlet Bah\u00e7eli ve D\u0131\u015fi\u015fleri Bakan\u0131 Hakan Fidan&#8217;\u0131 ziyaret etti.<\/p>\n","protected":false},"author":1,"featured_media":65392,"comment_status":"open","ping_status":"open","sticky":false,"template":"","format":"standard","meta":{"footnotes":""},"categories":[25],"tags":[4711,642],"class_list":["post-65391","post","type-post","status-publish","format-standard","has-post-thumbnail","hentry","category-gundem","tag-ozil","tag-ziyaret"],"_links":{"self":[{"href":"https:\/\/ikimisli.tr\/index.php\/wp-json\/wp\/v2\/posts\/65391","targetHints":{"allow":["GET"]}}],"collection":[{"href":"https:\/\/ikimisli.tr\/index.php\/wp-json\/wp\/v2\/posts"}],"about":[{"href":"https:\/\/ikimisli.tr\/index.php\/wp-json\/wp\/v2\/types\/post"}],"author":[{"embeddable":true,"href":"https:\/\/ikimisli.tr\/index.php\/wp-json\/wp\/v2\/users\/1"}],"replies":[{"embeddable":true,"href":"https:\/\/ikimisli.tr\/index.php\/wp-json\/wp\/v2\/comments?post=65391"}],"version-history":[{"count":1,"href":"https:\/\/ikimisli.tr\/index.php\/wp-json\/wp\/v2\/posts\/65391\/revisions"}],"predecessor-version":[{"id":65396,"href":"https:\/\/ikimisli.tr\/index.php\/wp-json\/wp\/v2\/posts\/65391\/revisions\/65396"}],"wp:featuredmedia":[{"embeddable":true,"href":"https:\/\/ikimisli.tr\/index.php\/wp-json\/wp\/v2\/media\/65392"}],"wp:attachment":[{"href":"https:\/\/ikimisli.tr\/index.php\/wp-json\/wp\/v2\/media?parent=65391"}],"wp:term":[{"taxonomy":"category","embeddable":true,"href":"https:\/\/ikimisli.tr\/index.php\/wp-json\/wp\/v2\/categories?post=65391"},{"taxonomy":"post_tag","embeddable":true,"href":"https:\/\/ikimisli.tr\/index.php\/wp-json\/wp\/v2\/tags?post=65391"}],"curies":[{"name":"wp","href":"https:\/\/api.w.org\/{rel}","templated":true}]}}