{"id":65908,"date":"2025-08-09T01:33:01","date_gmt":"2025-08-09T01:33:01","guid":{"rendered":"https:\/\/ikimisli.tr\/?p=65908"},"modified":"2025-08-09T01:33:01","modified_gmt":"2025-08-09T01:33:01","slug":"yskya-sizma-iddiasi-secim-sonuclariyla-oynandi-mi","status":"publish","type":"post","link":"https:\/\/ikimisli.tr\/index.php\/2025\/08\/09\/yskya-sizma-iddiasi-secim-sonuclariyla-oynandi-mi\/","title":{"rendered":"YSK\u2019ya s\u0131zma iddias\u0131: Se\u00e7im sonu\u00e7lar\u0131yla oynand\u0131 m\u0131?"},"content":{"rendered":"<p>Sahte diploma skandal\u0131n\u0131n akabinde organize data h\u0131rs\u0131zl\u0131\u011f\u0131 skandallar\u0131na her g\u00fcn bir yenisi ekleniyor.<\/p>\n<p>Gazeteci \u00c7i\u011fdem Toker T24\u2019te kaleme ald\u0131\u011f\u0131 yaz\u0131da, organize bilgi h\u0131rs\u0131zl\u0131\u011f\u0131 \u015febekesinin 2009 ve 2015\u2019te YSK sistemlerine s\u0131zd\u0131\u011f\u0131 tezini g\u00fcndeme getirdi.<\/p>\n<p>\u201cVeri h\u0131rs\u0131zl\u0131\u011f\u0131 2009\u2019a ve YSK\u2019ya m\u0131 uzan\u0131yor?\u201d ba\u015fl\u0131kl\u0131 yaz\u0131s\u0131nda Toker, T\u00fcrkiye\u2019nin dijital g\u00fcvenlik a\u00e7\u0131\u011f\u0131n\u0131 bir sefer daha g\u00fcndeme ta\u015f\u0131d\u0131.<\/p>\n<p><b>&#8220;\u0130LK SIZMA 2009 VE 2015 YILI YSK B\u0130LG\u0130SAYARLARINDAN&#8221;<\/b><\/p>\n<p>Ankara 28. A\u011f\u0131r Ceza Mahkemesi taraf\u0131ndan kabul edilen ve M\u0130T\u2019in de m\u00fc\u015fteki oldu\u011fu iddianamede yer alan s\u00f6zlerden birine dikkat \u00e7eken<strong> Toker yaz\u0131s\u0131nda \u015funlar\u0131 s\u00f6yledi:<\/strong><\/p>\n<p><span>&#8220;\u0130\u015fte iddianamedeki anlat\u0131m\u0131yla \u201corganize su<\/span><span>\u00e7 <\/span><span>\u015febekesi\u201d olan bu yap\u0131n\u0131n \u00f6gelerinden \u015f<\/span><span>\u00fcpheli Muhammet E<\/span><span>\u015fitmez (\u201cHackerdede\u201d nickname\u2019li) s\u00f6z\u00fcnde dikkat <\/span><span>\u00e7eken bir k\u0131s\u0131m yer al<\/span><span>\u0131yor. E\u015fitmez, \u201cNexcity\u201d isimli yasa d\u0131\u015f\u0131 sorgu sistemini (paneli) kiminle ve nas\u0131l kurduklar\u0131n\u0131 detaylar\u0131yla anlatt\u0131\u011f\u0131 tabirinde \u015f<\/span><span>\u00f6yle diyor:<\/span><\/p>\n<p><span>\u201c\u0130lk <\/span><span>\u00f6nce benim bildi<\/span><span>\u011fim devlete ili\u015fkin bilgilere s\u0131zma 2009 y\u0131l\u0131 ve 2015 y\u0131l\u0131 Y<\/span><span>\u00fcksek Se\u00e7im Kurulu\u2019ndan bilgisayarlara s<\/span><span>\u0131zmayla m\u00fcmk\u00fcn al\u0131nd\u0131\u011f\u0131n\u0131 lakin bunun kim taraf\u0131ndan ve ne halde yap\u0131ld\u0131\u011f\u0131n\u0131 bilmiyorum.<\/span><\/p>\n<p><span>Daha sonra ise 101.000.000 kadar bilginin S\u0131hhat Bakanl\u0131\u011f\u0131n\u0131n sistemlerine girilerek bilgisayara <\/span><span>\u00e7e<\/span><span>\u015fitli oyun yahut \u00e2l\u00e2 niyetli programlar i<\/span><span>\u00e7erisine yerle<\/span><span>\u015ftirilen vir<\/span><span>\u00fcsler arac<\/span><span>\u0131l\u0131\u011f\u0131 ile sistemin <\/span><span>\u00e7al<\/span><span>\u0131\u015fmas\u0131n\u0131 engellemeyen lakin sistem i<\/span><span>\u00e7erisindeki bilgilerin uzak kullan<\/span><span>\u0131c\u0131da g<\/span><span>\u00f6r\u00fclmesini sa<\/span><span>\u011flayarak bu datalar <\/span><span>\u00e7ekilmi<\/span><span>\u015f. Bunlarla ilgili de kimin yapt\u0131\u011f\u0131 konusunda bilgim yoktur.<\/span><\/p>\n<p><span>Umal\u0131m ki, bu davan\u0131n yarg\u0131lamas\u0131 s\u0131ras\u0131nda, \u015f<\/span><span>\u00fcpheli Muhammet E<\/span><span>\u015fitmez\u2019in \u201cdevlete ili\u015fkin datalara birinci s\u0131zman\u0131n 2009 ve 2015 y\u0131l\u0131nda YSK\u2019dan bilgisayarlara s\u0131zmayla olas\u0131 al\u0131nd\u0131\u011f\u0131\u201d s\u00f6z\u00fc kan\u0131tlarla derinle\u015ftirilebilir. YSK\u2019dan s\u0131zman\u0131n se<\/span><span>\u00e7im g\u00fcvenli<\/span><span>\u011fi a<\/span><span>\u00e7<\/span><span>\u0131s\u0131ndan ne manaya geldi\u011fini hepimiz kestirim edebiliyoruz de\u011fil mi?&#8221;<\/span><\/p>\n","protected":false},"excerpt":{"rendered":"<p>Uydurma diploma skandal\u0131n\u0131n ortaya \u00e7\u0131kmas\u0131n\u0131n akabinde organize data h\u0131rs\u0131zl\u0131\u011f\u0131 \u015febekesinin datalar\u0131 nas\u0131l ele ge\u00e7irdi\u011fi konu\u015fulmaya ba\u015fland\u0131. Ankara 28. A\u011f\u0131r Ceza Mahkesi&#8217;nde kabul edilen iddianamede ku\u015fkulu Muhammet E\u015fitmez, devlete ili\u015fkin bilgilere y\u00f6nelik birinci s\u0131zman\u0131n 2009 ve 2015 y\u0131llar\u0131nda YSK&#8217;da olabilece\u011fini \u00f6ne s\u00fcrd\u00fc.<\/p>\n","protected":false},"author":1,"featured_media":65909,"comment_status":"open","ping_status":"open","sticky":false,"template":"","format":"standard","meta":{"footnotes":""},"categories":[25],"tags":[7843,1929,8217,1001,8218],"class_list":["post-65908","post","type-post","status-publish","format-standard","has-post-thumbnail","hentry","category-gundem","tag-ce","tag-sistem","tag-sizma","tag-veri","tag-ysk"],"_links":{"self":[{"href":"https:\/\/ikimisli.tr\/index.php\/wp-json\/wp\/v2\/posts\/65908","targetHints":{"allow":["GET"]}}],"collection":[{"href":"https:\/\/ikimisli.tr\/index.php\/wp-json\/wp\/v2\/posts"}],"about":[{"href":"https:\/\/ikimisli.tr\/index.php\/wp-json\/wp\/v2\/types\/post"}],"author":[{"embeddable":true,"href":"https:\/\/ikimisli.tr\/index.php\/wp-json\/wp\/v2\/users\/1"}],"replies":[{"embeddable":true,"href":"https:\/\/ikimisli.tr\/index.php\/wp-json\/wp\/v2\/comments?post=65908"}],"version-history":[{"count":1,"href":"https:\/\/ikimisli.tr\/index.php\/wp-json\/wp\/v2\/posts\/65908\/revisions"}],"predecessor-version":[{"id":65910,"href":"https:\/\/ikimisli.tr\/index.php\/wp-json\/wp\/v2\/posts\/65908\/revisions\/65910"}],"wp:featuredmedia":[{"embeddable":true,"href":"https:\/\/ikimisli.tr\/index.php\/wp-json\/wp\/v2\/media\/65909"}],"wp:attachment":[{"href":"https:\/\/ikimisli.tr\/index.php\/wp-json\/wp\/v2\/media?parent=65908"}],"wp:term":[{"taxonomy":"category","embeddable":true,"href":"https:\/\/ikimisli.tr\/index.php\/wp-json\/wp\/v2\/categories?post=65908"},{"taxonomy":"post_tag","embeddable":true,"href":"https:\/\/ikimisli.tr\/index.php\/wp-json\/wp\/v2\/tags?post=65908"}],"curies":[{"name":"wp","href":"https:\/\/api.w.org\/{rel}","templated":true}]}}