{"id":66036,"date":"2025-08-09T08:57:01","date_gmt":"2025-08-09T08:57:01","guid":{"rendered":"https:\/\/ikimisli.tr\/?p=66036"},"modified":"2025-08-09T08:57:01","modified_gmt":"2025-08-09T08:57:01","slug":"baykarin-anadoludaki-ilk-fabrikasini-kuracagi-sehir-belli-oldu","status":"publish","type":"post","link":"https:\/\/ikimisli.tr\/index.php\/2025\/08\/09\/baykarin-anadoludaki-ilk-fabrikasini-kuracagi-sehir-belli-oldu\/","title":{"rendered":"Baykar&#8217;\u0131n Anadolu&#8217;daki ilk fabrikas\u0131n\u0131 kuraca\u011f\u0131 \u015fehir\u00a0belli\u00a0oldu"},"content":{"rendered":"<p>Sel\u00e7uk Bayraktar ve Haluk Bayraktar&#8217;\u0131n sahipli\u011fini \u00fcstlendi\u011fi BAYKAR Teknoloji, Anadolu&#8217;daki birinci fabrika \u00fcss\u00fcn\u00fc Samsun&#8217;a kurmaya haz\u0131rlan\u0131yor.\u00a0<\/p>\n<p>Konuya ait toplumsal medya hesab\u0131ndan payla\u015f\u0131mda bulunan Samsun B\u00fcy\u00fck\u015fehir Belediye Ba\u015fkan\u0131 Halit Do\u011fan, &#8220;D\u00fcnyan\u0131n savunma ve havac\u0131l\u0131k alan\u0131nda k\u0131ymetli kurulu\u015flar\u0131ndan, ulusal teknoloji at\u0131l\u0131m\u0131m\u0131z\u0131n mimar\u0131 \u201cBAYKAR\u201d, Anadolu\u2019daki birinci \u00fcretim \u00fcss\u00fcn\u00fc 400 d\u00f6n\u00fcml\u00fck \u00f6zel sanayi b\u00f6lgesi ile Samsun\u2019umuzda kuruyor.&#8221; tabirlerini kulland\u0131.\u00a0<\/p>\n<p><img decoding=\"async\" src=\"https:\/\/ikimisli.tr\/wp-content\/uploads\/2025\/08\/baykarin-anadoludaki-ilk-fabrikasini-kuracagi-sehirbellioldu-0-jImrkGvA.jpg\"\/><\/p>\n<p><strong>400 D\u00d6N\u00dcML\u00dcK \u00d6ZEL B\u00d6LGE OLU\u015eTURULACAK<\/strong><\/p>\n<p>Baykar&#8217;\u0131n Samsun&#8217;da ger\u00e7ekle\u015ftirece\u011fi yat\u0131r\u0131m hakk\u0131nda ayr\u0131nt\u0131lar\u0131 payla\u015fan Do\u011fan, kurulacak \u00fcretim tesisinin 400 d\u00f6n\u00fcm b\u00fcy\u00fckl\u00fc\u011f\u00fcndeki bir \u00f6zel sanayi b\u00f6lgesinde yer alaca\u011f\u0131n\u0131 a\u00e7\u0131klad\u0131.\u00a0<\/p>\n<p>Do\u011fan, projeye katk\u0131 sa\u011flayan Cumhurba\u015fkan\u0131 Recep Tayyip Erdo\u011fan, Sanayi ve Teknoloji Bakan\u0131 Mehmet Fatih Kac\u0131r, Baykar y\u00f6neticileri Haluk ve Sel\u00e7uk Bayraktar, TBMM Plan ve B\u00fct\u00e7e Komisyonu Ba\u015fkan\u0131 ve Samsun Milletvekili Mehmet Mu\u015f ile eme\u011fi ge\u00e7en herkese te\u015fekk\u00fcr etti. Yat\u0131r\u0131m\u0131n Samsun&#8217;a ve T\u00fcrkiye&#8217;ye iyi olmas\u0131n\u0131 diledi.<\/p>\n<p><img decoding=\"async\" src=\"https:\/\/ikimisli.tr\/wp-content\/uploads\/2025\/08\/baykarin-anadoludaki-ilk-fabrikasini-kuracagi-sehirbellioldu-1-MaeseG66.jpg\"\/><\/p>\n","protected":false},"excerpt":{"rendered":"<p>Samsun B\u00fcy\u00fck\u015fehir Belediye Ba\u015fkan\u0131 Halit Do\u011fan, savunma sanayii \u015firketi Baykar&#8217;\u0131n Anadolu&#8217;daki birinci \u00fcretim tesisini 400 d\u00f6n\u00fcml\u00fck \u00f6zel sanayi b\u00f6lgesi ile Samsun&#8217;a kuraca\u011f\u0131n\u0131 a\u00e7\u0131klad\u0131.<\/p>\n","protected":false},"author":1,"featured_media":66037,"comment_status":"open","ping_status":"open","sticky":false,"template":"","format":"standard","meta":{"footnotes":""},"categories":[25],"tags":[1555],"class_list":["post-66036","post","type-post","status-publish","format-standard","has-post-thumbnail","hentry","category-gundem","tag-samsun"],"_links":{"self":[{"href":"https:\/\/ikimisli.tr\/index.php\/wp-json\/wp\/v2\/posts\/66036","targetHints":{"allow":["GET"]}}],"collection":[{"href":"https:\/\/ikimisli.tr\/index.php\/wp-json\/wp\/v2\/posts"}],"about":[{"href":"https:\/\/ikimisli.tr\/index.php\/wp-json\/wp\/v2\/types\/post"}],"author":[{"embeddable":true,"href":"https:\/\/ikimisli.tr\/index.php\/wp-json\/wp\/v2\/users\/1"}],"replies":[{"embeddable":true,"href":"https:\/\/ikimisli.tr\/index.php\/wp-json\/wp\/v2\/comments?post=66036"}],"version-history":[{"count":1,"href":"https:\/\/ikimisli.tr\/index.php\/wp-json\/wp\/v2\/posts\/66036\/revisions"}],"predecessor-version":[{"id":66040,"href":"https:\/\/ikimisli.tr\/index.php\/wp-json\/wp\/v2\/posts\/66036\/revisions\/66040"}],"wp:featuredmedia":[{"embeddable":true,"href":"https:\/\/ikimisli.tr\/index.php\/wp-json\/wp\/v2\/media\/66037"}],"wp:attachment":[{"href":"https:\/\/ikimisli.tr\/index.php\/wp-json\/wp\/v2\/media?parent=66036"}],"wp:term":[{"taxonomy":"category","embeddable":true,"href":"https:\/\/ikimisli.tr\/index.php\/wp-json\/wp\/v2\/categories?post=66036"},{"taxonomy":"post_tag","embeddable":true,"href":"https:\/\/ikimisli.tr\/index.php\/wp-json\/wp\/v2\/tags?post=66036"}],"curies":[{"name":"wp","href":"https:\/\/api.w.org\/{rel}","templated":true}]}}