{"id":66073,"date":"2025-08-09T10:57:01","date_gmt":"2025-08-09T10:57:01","guid":{"rendered":"https:\/\/ikimisli.tr\/?p=66073"},"modified":"2025-08-09T10:57:01","modified_gmt":"2025-08-09T10:57:01","slug":"ogrenince-erdoganin-cani-sikilacak","status":"publish","type":"post","link":"https:\/\/ikimisli.tr\/index.php\/2025\/08\/09\/ogrenince-erdoganin-cani-sikilacak\/","title":{"rendered":"\u00d6\u011frenince Erdo\u011fan&#8217;\u0131n can\u0131 s\u0131k\u0131lacak"},"content":{"rendered":"<p>LGS imtihan\u0131nda toplumsal bilimler ve fen liseleri i\u00e7in belirlenen kontenjanlar\u0131n tamam\u0131 dolarken Anadolu liselerinde sadece 143 ki\u015filik bo\u015f kontenjan kald\u0131.<\/p>\n<p>Ba\u015fta \u0130stanbul olmak \u00fczere T\u00fcrkiye genelinde say\u0131lar\u0131 artan imam hatip liselerinde ise b\u00fcy\u00fck bo\u015fluklar olu\u015ftu.<\/p>\n<p>BirG\u00fcn&#8217;den Mustafa Bildircin&#8217;in MEB\u2019in datalar\u0131ndan derledi\u011fi habere nazaran; T\u00fcrkiye genelinde imtihanla \u00f6\u011frenci alan 236 Anadolu imam hatip lisesi, kontenjan\u0131n\u0131 dolduramad\u0131. Anadolu imam hatip liselerindeki toplam bo\u015f kontenjan say\u0131s\u0131 kay\u0131tlara, 3 bin 825 olarak ge\u00e7ti.<\/p>\n<p><b>\u0130MAM HAT\u0130PL\u0130LER FEN VE ANADOLU L\u0130SELER\u0130N\u0130 TERC\u0130H ETT\u0130<\/b><\/p>\n<p>Bakanl\u0131\u011f\u0131n datalar\u0131na nazaran, imam hatip ortaokulu mezunu 5 bin 254 \u00f6\u011frenci LGS S\u0131nav\u0131\u2019nda y\u00fczde 5\u2019lik dilime girdi.<\/p>\n<p>Ancak imtihanda derece yapan imam hatip ortaokulu mezunu \u00f6\u011frencilerin bin 757\u2019si orta\u00f6\u011frenim i\u00e7in imam hatip lisesi se\u00e7ti.<\/p>\n<p>\u0130mam hatiplilerin bin 153\u2019\u00fc Anadolu, 2 bin 237\u2019si ise lise tercihini fen liselerinden yana yapt\u0131.<\/p>\n<p>S\u0131navda birinci y\u00fczde 5\u2019e giren \u00fc\u00e7 imam hatip ortaokulu mezunu \u00f6\u011frencinin tercihi toplumsal bilimler lisesi oldu.<\/p>\n<p>Mesleki ve teknik e\u011fitim liselerini se\u00e7en imam hatiplilerin say\u0131s\u0131 ise 104 olarak kay\u0131tlara yans\u0131d\u0131.<\/p>\n<p>\u00a0<\/p>\n<p><img decoding=\"async\" src=\"https:\/\/ikimisli.tr\/wp-content\/uploads\/2025\/08\/ogrenince-erdoganin-cani-sikilacak-0-kKfn6fDy.jpg\"\/><\/p>\n","protected":false},"excerpt":{"rendered":"<p>LGS S\u0131nav\u0131\u2019nda y\u00fczde 5\u2019lik dilime giren imam hatip ortaokulu \u00f6\u011frencilerinin y\u00fczde 67\u2019si, fen ve Anadolu liselerini tercih etti.<\/p>\n","protected":false},"author":1,"featured_media":66074,"comment_status":"open","ping_status":"open","sticky":false,"template":"","format":"standard","meta":{"footnotes":""},"categories":[25],"tags":[2827,7589,8139],"class_list":["post-66073","post","type-post","status-publish","format-standard","has-post-thumbnail","hentry","category-gundem","tag-anadolu","tag-imam-hatip","tag-liseleri"],"_links":{"self":[{"href":"https:\/\/ikimisli.tr\/index.php\/wp-json\/wp\/v2\/posts\/66073","targetHints":{"allow":["GET"]}}],"collection":[{"href":"https:\/\/ikimisli.tr\/index.php\/wp-json\/wp\/v2\/posts"}],"about":[{"href":"https:\/\/ikimisli.tr\/index.php\/wp-json\/wp\/v2\/types\/post"}],"author":[{"embeddable":true,"href":"https:\/\/ikimisli.tr\/index.php\/wp-json\/wp\/v2\/users\/1"}],"replies":[{"embeddable":true,"href":"https:\/\/ikimisli.tr\/index.php\/wp-json\/wp\/v2\/comments?post=66073"}],"version-history":[{"count":1,"href":"https:\/\/ikimisli.tr\/index.php\/wp-json\/wp\/v2\/posts\/66073\/revisions"}],"predecessor-version":[{"id":66076,"href":"https:\/\/ikimisli.tr\/index.php\/wp-json\/wp\/v2\/posts\/66073\/revisions\/66076"}],"wp:featuredmedia":[{"embeddable":true,"href":"https:\/\/ikimisli.tr\/index.php\/wp-json\/wp\/v2\/media\/66074"}],"wp:attachment":[{"href":"https:\/\/ikimisli.tr\/index.php\/wp-json\/wp\/v2\/media?parent=66073"}],"wp:term":[{"taxonomy":"category","embeddable":true,"href":"https:\/\/ikimisli.tr\/index.php\/wp-json\/wp\/v2\/categories?post=66073"},{"taxonomy":"post_tag","embeddable":true,"href":"https:\/\/ikimisli.tr\/index.php\/wp-json\/wp\/v2\/tags?post=66073"}],"curies":[{"name":"wp","href":"https:\/\/api.w.org\/{rel}","templated":true}]}}