{"id":66258,"date":"2025-08-09T21:32:57","date_gmt":"2025-08-09T21:32:57","guid":{"rendered":"https:\/\/ikimisli.tr\/?p=66258"},"modified":"2025-08-09T21:32:57","modified_gmt":"2025-08-09T21:32:57","slug":"okan-buruk-isin-gercek-yani-teklifler-geliyor","status":"publish","type":"post","link":"https:\/\/ikimisli.tr\/index.php\/2025\/08\/09\/okan-buruk-isin-gercek-yani-teklifler-geliyor\/","title":{"rendered":"Okan Buruk: \u0130\u015fin ger\u00e7ek yan\u0131 teklifler geliyor"},"content":{"rendered":"<p>Trendyol Harika Lig\u2019in birinci haftas\u0131ndaki Gaziantep FK deplasman\u0131nda 3-0 galip gelen Galatasaray&#8217;da teknik y\u00f6netici Okan Buruk, ma\u00e7\u0131n akabinde beIN Sports&#8217;a a\u00e7\u0131klamalarda bulundu.<\/p>\n<p>Bar\u0131\u015f Alper Y\u0131lmaz&#8217;\u0131n performans\u0131 hakk\u0131nda konu\u015fan Okan Buruk, \u015funlar\u0131 s\u00f6yledi:<\/p>\n<p>&#8220;Bug\u00fcn al\u0131\u015f\u0131lm\u0131\u015f ki sahan\u0131n y\u0131ld\u0131z\u0131 hem att\u0131\u011f\u0131 iki gol hem de asistiyle Bar\u0131\u015f\u2019t\u0131. Bence Bar\u0131\u015f nat\u00fcrel ki bundan evvel al\u0131\u015f\u0131lm\u0131\u015f ki \u00fc\u00e7 senede \u00e7al\u0131\u015f\u0131yoruz. \u00dc\u00e7 y\u0131lki performans\u0131 daima bizim i\u00e7in k\u0131ymetli, k\u0131ymetli oldu; lakin bu seneye bakt\u0131\u011f\u0131m\u0131zda Bar\u0131\u015f\u2019\u0131n bu \u00fc\u00e7 y\u0131l\u0131n \u00fcst\u00fcne \u00e7ok daha koyarak bir d\u00f6nem ba\u015f\u0131 ge\u00e7irdi\u011fini g\u00f6r\u00fcyoruz. Hakikaten ne yapt\u0131\u011f\u0131n\u0131 \u00e7ok \u00e2l\u00e2 bilen, pas vakti, pas, orta, vakit, orta &#8211; \u015fut vakti, te\u011fe birleri geli\u015fti. Fizik\u00ee \u00f6zelli\u011fini net kullanan santrafor oynad\u0131. Son ma\u00e7lard\u0131r o ili\u015fki oyununda da \u00e7\u0131kt\u0131, ald\u0131\u011f\u0131, b\u0131rakt\u0131\u011f\u0131, att\u0131rd\u0131\u011f\u0131 goldeki \u00fczere bizim i\u00e7in ne kadar bedelli oldu\u011funu asl\u0131nda bir daha g\u00f6sterdi. Herhalde d\u00fcnya \u00fczerinde hem sa\u011f ve hem sol bek hem kanatlarda hem de santrforda oynayan oyuncu azd\u0131r. O y\u00fczden Bar\u0131\u015f\u2019\u0131n performans\u0131ndan \u00e7ok mutluyuz. Ki\u015filik olarak da Bar\u0131\u015f&#8217;\u0131 ben al\u0131\u015f\u0131lm\u0131\u015f ki \u00e7ok seviyorum. Her vakit burada biz de birlikte olmas\u0131n\u0131 istiyorum; ancak bazen dedi\u011finiz \u00fczere yani o denli teklifler, ilgilenenler, bu performanslar\u0131n kar\u015f\u0131l\u0131\u011f\u0131nda onla ilgilenenler nat\u00fcrel olacak; lakin bu s\u00fcre\u00e7te hedefimiz nat\u00fcrel ki \u015eampiyonlar Ligi. Ona haz\u0131rlan\u0131yoruz. \u00c7ok k\u0131ymetli bir d\u00f6nem bizi bekliyor. Burada da yani elimdeki b\u00fct\u00fcn oyunculara, Bar\u0131\u015f \u00fczere bir oyuncuya daha \u00e7ok muhta\u00e7l\u0131\u011f\u0131m\u0131z oluyor; lakin i\u015fin ger\u00e7ek yan\u0131 teklifler geliyor. \u0130lgilenen \u00e7ok oluyor. Bu da \u00e7ok ola\u011fan.&#8221;<\/p>\n<p>Kar\u015f\u0131la\u015fmay\u0131 da pahaland\u0131ran Okan Buruk, &#8220;Hem fizik\u00ee hem mental olarak haz\u0131r\u0131z. Ge\u00e7en sene \u015fampiyonuz. Bu \u00f6zg\u00fcvenle lige ba\u015fl\u0131yoruz. Onun yan\u0131nda \u00e2l\u00e2 bir haz\u0131rl\u0131k devri ge\u00e7irdik. Bug\u00fcnk\u00fc oyunda, yeni haz\u0131rl\u0131k periyodunda oynamak istedi\u011fimiz, oynamaya \u00e7al\u0131\u015ft\u0131\u011f\u0131m\u0131z, giren \u00e7\u0131kan hi\u00e7 fark etmeden t\u0131pk\u0131 oyunu s\u00fcrd\u00fcrmeye \u00e7al\u0131\u015ft\u0131k. Bug\u00fcn de ma\u00e7\u0131n b\u00fcy\u00fck bir k\u0131sm\u0131nda bunu yapt\u0131k. Erken goller nat\u00fcrel ki bizi daha rahatlatt\u0131. \u0130ki kadro i\u00e7in de bu s\u0131cakta oynamak  \u00e7ok zordu. Saha i\u00e7erisinde oyuncular\u0131n y\u00fczlerinden bunu g\u00f6rebiliyorduk&#8221; dedi. <\/p>\n","protected":false},"excerpt":{"rendered":"<p>Galatasaray Teknik Y\u00f6neticisi Okan Buruk, Gaziantep FK ma\u00e7\u0131n\u0131n akabinde yapt\u0131\u011f\u0131 a\u00e7\u0131klamada &#8220;\u00c7ok k\u0131ymetli bir d\u00f6nem bizi bekliyor. Burada da yani elimdeki b\u00fct\u00fcn oyunculara, Bar\u0131\u015f \u00fczere bir oyuncuya daha \u00e7ok gereksinimimiz oluyor; ancak i\u015fin ger\u00e7ek yan\u0131 teklifler geliyor&#8221; dedi.<\/p>\n","protected":false},"author":1,"featured_media":66259,"comment_status":"open","ping_status":"open","sticky":false,"template":"","format":"standard","meta":{"footnotes":""},"categories":[30],"tags":[254,6164],"class_list":["post-66258","post","type-post","status-publish","format-standard","has-post-thumbnail","hentry","category-spor","tag-baris","tag-sene"],"_links":{"self":[{"href":"https:\/\/ikimisli.tr\/index.php\/wp-json\/wp\/v2\/posts\/66258","targetHints":{"allow":["GET"]}}],"collection":[{"href":"https:\/\/ikimisli.tr\/index.php\/wp-json\/wp\/v2\/posts"}],"about":[{"href":"https:\/\/ikimisli.tr\/index.php\/wp-json\/wp\/v2\/types\/post"}],"author":[{"embeddable":true,"href":"https:\/\/ikimisli.tr\/index.php\/wp-json\/wp\/v2\/users\/1"}],"replies":[{"embeddable":true,"href":"https:\/\/ikimisli.tr\/index.php\/wp-json\/wp\/v2\/comments?post=66258"}],"version-history":[{"count":1,"href":"https:\/\/ikimisli.tr\/index.php\/wp-json\/wp\/v2\/posts\/66258\/revisions"}],"predecessor-version":[{"id":66260,"href":"https:\/\/ikimisli.tr\/index.php\/wp-json\/wp\/v2\/posts\/66258\/revisions\/66260"}],"wp:featuredmedia":[{"embeddable":true,"href":"https:\/\/ikimisli.tr\/index.php\/wp-json\/wp\/v2\/media\/66259"}],"wp:attachment":[{"href":"https:\/\/ikimisli.tr\/index.php\/wp-json\/wp\/v2\/media?parent=66258"}],"wp:term":[{"taxonomy":"category","embeddable":true,"href":"https:\/\/ikimisli.tr\/index.php\/wp-json\/wp\/v2\/categories?post=66258"},{"taxonomy":"post_tag","embeddable":true,"href":"https:\/\/ikimisli.tr\/index.php\/wp-json\/wp\/v2\/tags?post=66258"}],"curies":[{"name":"wp","href":"https:\/\/api.w.org\/{rel}","templated":true}]}}