{"id":66445,"date":"2025-08-10T08:32:58","date_gmt":"2025-08-10T08:32:58","guid":{"rendered":"https:\/\/ikimisli.tr\/?p=66445"},"modified":"2025-08-10T08:32:58","modified_gmt":"2025-08-10T08:32:58","slug":"mhpden-turkiyeli-cikisi","status":"publish","type":"post","link":"https:\/\/ikimisli.tr\/index.php\/2025\/08\/10\/mhpden-turkiyeli-cikisi\/","title":{"rendered":"MHP&#8217;den &#8216;T\u00fcrkiyeli&#8217; \u00e7\u0131k\u0131\u015f\u0131"},"content":{"rendered":"<p>MHP Genel Lider Yard\u0131mc\u0131s\u0131 ve \u0130stanbul Milletvekili Feti Y\u0131ld\u0131z, toplumsal medya hesab\u0131ndan yapt\u0131\u011f\u0131 payla\u015f\u0131mda, \u201cT\u00fcrkiyeli\u201d s\u00f6z\u00fcn\u00fcn tarihi s\u00fcrecine de\u011findi. Y\u0131ld\u0131z, bu tabirin birinci sefer 3 Nisan 1924 tarihli Muh\u00e2mat Kanunu\u2019nda \u201cteb\u00e2\u201d yerine vatanda\u015fl\u0131\u011fa terfi gayesiyle kullan\u0131ld\u0131\u011f\u0131n\u0131, lakin 1938 y\u0131l\u0131nda \u201cT\u00fcrk\u201d s\u00f6z\u00fcne d\u00f6n\u00fc\u015ferek tarih sahnesinden \u00e7ekildi\u011fini s\u00f6z etti.<\/p>\n<p>Y\u0131ld\u0131z payla\u015f\u0131m\u0131nda ayr\u0131ca, Muh\u00e2mat Kanunu ile birtak\u0131m avukatlar\u0131n tasfiyeye tabi tutuldu\u011funu ve avukatl\u0131k kurumunun tekrar d\u00fczenlendi\u011fini belirtti. Tasfiyelerin, yasal ko\u015fullar\u0131 avukatl\u0131k yapmaya uygun olmayanlar ile M\u00fctareke D\u00f6nemi\u2019nde \u00fclke aleyhine \u00e7al\u0131\u015fanlara y\u00f6nelik oldu\u011funu kaydetti.<\/p>\n<p>Y\u0131ld\u0131z, payla\u015f\u0131m\u0131nda \u015fu tabirleri kulland\u0131:\u00a0<\/p>\n<p>&#8220;\u201cT\u00fcrkiyeli\u201d s\u00f6z\u00fc birinci sefer \u201cteb\u00e2\u201d yerine, vatanda\u015fl\u0131\u011fa terf\u00ee emeliyle, 3 Nisan 1924 tarihli Muh\u00e2mat Kanunu\u2019nda kullan\u0131lm\u0131\u015f ve 1938\u2019de \u201cT\u00fcrk\u201de d\u00f6n\u00fc\u015ferek tarihe kar\u0131\u015fm\u0131\u015ft\u0131r. Muhamat Kanunu ile birtak\u0131m avukatlar tasfiyeye tabi tutmu\u015f , avukatl\u0131k kurumu tekrar d\u00fczenlenmi\u015ftir . Tasfiyeler, yasal kaideleri avukatl\u0131k yapmaya uygun olmayanlar ile M\u00fctareke Devrinde \u00fclke aleyhine \u00e7al\u0131\u015fanlara y\u00f6neliktir.&#8221;<\/p>\n<p><img decoding=\"async\" src=\"https:\/\/ikimisli.tr\/wp-content\/uploads\/2025\/08\/mhpden-turkiyeli-cikisi-0-ifhU8mUL.png\"\/><\/p>\n","protected":false},"excerpt":{"rendered":"<p>MHP Genel Lider Yard\u0131mc\u0131s\u0131 Feti Y\u0131ld\u0131z, \u201cT\u00fcrkiyeli\u201d tabirinin 1938\u2019de tarihe kar\u0131\u015ft\u0131\u011f\u0131n\u0131 belirten payla\u015f\u0131m\u0131yla dikkat \u00e7ekti.<\/p>\n","protected":false},"author":1,"featured_media":66446,"comment_status":"open","ping_status":"open","sticky":false,"template":"","format":"standard","meta":{"footnotes":""},"categories":[25],"tags":[2459],"class_list":["post-66445","post","type-post","status-publish","format-standard","has-post-thumbnail","hentry","category-gundem","tag-tarih"],"_links":{"self":[{"href":"https:\/\/ikimisli.tr\/index.php\/wp-json\/wp\/v2\/posts\/66445","targetHints":{"allow":["GET"]}}],"collection":[{"href":"https:\/\/ikimisli.tr\/index.php\/wp-json\/wp\/v2\/posts"}],"about":[{"href":"https:\/\/ikimisli.tr\/index.php\/wp-json\/wp\/v2\/types\/post"}],"author":[{"embeddable":true,"href":"https:\/\/ikimisli.tr\/index.php\/wp-json\/wp\/v2\/users\/1"}],"replies":[{"embeddable":true,"href":"https:\/\/ikimisli.tr\/index.php\/wp-json\/wp\/v2\/comments?post=66445"}],"version-history":[{"count":1,"href":"https:\/\/ikimisli.tr\/index.php\/wp-json\/wp\/v2\/posts\/66445\/revisions"}],"predecessor-version":[{"id":66448,"href":"https:\/\/ikimisli.tr\/index.php\/wp-json\/wp\/v2\/posts\/66445\/revisions\/66448"}],"wp:featuredmedia":[{"embeddable":true,"href":"https:\/\/ikimisli.tr\/index.php\/wp-json\/wp\/v2\/media\/66446"}],"wp:attachment":[{"href":"https:\/\/ikimisli.tr\/index.php\/wp-json\/wp\/v2\/media?parent=66445"}],"wp:term":[{"taxonomy":"category","embeddable":true,"href":"https:\/\/ikimisli.tr\/index.php\/wp-json\/wp\/v2\/categories?post=66445"},{"taxonomy":"post_tag","embeddable":true,"href":"https:\/\/ikimisli.tr\/index.php\/wp-json\/wp\/v2\/tags?post=66445"}],"curies":[{"name":"wp","href":"https:\/\/api.w.org\/{rel}","templated":true}]}}