{"id":6651,"date":"2025-01-25T06:59:43","date_gmt":"2025-01-25T06:59:43","guid":{"rendered":"https:\/\/ikimisli.tr\/?p=6651"},"modified":"2025-01-25T06:59:43","modified_gmt":"2025-01-25T06:59:43","slug":"akpli-vekille-ilgili-haber-yapan-gazeteci-gozaltina-alindi","status":"publish","type":"post","link":"https:\/\/ikimisli.tr\/index.php\/2025\/01\/25\/akpli-vekille-ilgili-haber-yapan-gazeteci-gozaltina-alindi\/","title":{"rendered":"AKP&#8217;li vekille ilgili haber yapan gazeteci g\u00f6zalt\u0131na al\u0131nd\u0131"},"content":{"rendered":"<p>Kocaeli Gazetesi muhabiri Cihat Polat, &#8220;AK Parti\u2019li Kat\u0131rc\u0131o\u011flu&#8217;nun dan\u0131\u015fman\u0131 ve karde\u015fi hakk\u0131nda \u015fok iddialar\u201d ba\u015fl\u0131kl\u0131 haberi nedeniyle \u0130l\u00e7e Jandarma Komutanl\u0131\u011f\u0131 tak\u0131mlar\u0131 taraf\u0131ndan \u00f6\u011flen saatlerinde, Polat ile birlikte haberde a\u00e7\u0131klamalar\u0131na yer verdi\u011fi \u0130zmit Belediyesi\u2019nin CHP\u2019li Meclis \u00dcyesi Naz\u0131m Gen\u00e7t\u00fcrk de g\u00f6zalt\u0131na al\u0131nd\u0131.\u00a0<\/p>\n<p>Polat ve Gen\u00e7t\u00fcrk, \u0130l\u00e7e Jandarma Komutanl\u0131\u011f\u0131&#8217;nda tabir vermesinin akabinde adliyeye sevk edildi.\u00a0Cihat Polat ile Naz\u0131m Gen\u00e7t\u00fcrk, tabirinin akabinde h\u00fcr b\u0131rak\u0131ld\u0131. Cihat Polat&#8217;\u0131 Kocaeli Adliyesi \u00f6n\u00fcnde \u00e7ok say\u0131da meslekta\u015f\u0131 kar\u015f\u0131lad\u0131. Gen\u00e7t\u00fck ve Polat\u2019a takviye i\u00e7in adliyeye \u0130zmit Belediye Ba\u015fkan\u0131 Fatma Kaplan H\u00fcrriyet, CHP Kocaeli \u0130l Ba\u015fkan\u0131 B\u00fclent Sar\u0131, CHP \u0130zmit \u0130l\u00e7e Lideri G\u00f6khan Ercan, Kocaeli Gazeteciler Cemiyeti Lideri Cemal Kaplan ile Polat\u2019\u0131n meslekta\u015flar\u0131 geldi.\u00a0<\/p>\n<p><b><strong>&#8220;SADECE HABER YAPTI\u011eI \u0130\u00c7\u0130N&#8230;&#8221;<\/strong><\/b><\/p>\n<p>Karara reaksiyon g\u00f6steren T\u00fcrkiye Gazeteciler Sendikas\u0131 (TGS) \u00fcyesi gazeteciler, Kocaeli Adliyesi \u00f6n\u00fcnde a\u00e7\u0131klamalarda bulundu. \u00c7al\u0131\u015fan Gazeteciler G\u00fcn\u00fc\u2019ne vurgu yapan TGS Kocaeli Temsilcisi S\u00fcriye \u00c7atak Tek, a\u00e7\u0131klamas\u0131nda \u015funlar\u0131 s\u00f6yledi:<\/p>\n<p>-10 Ocak \u00c7al\u0131\u015fan Gazeteciler G\u00fcn\u00fcnde T\u00fcrkiye\u2019de gazetecili\u011fe y\u00f6nelik h\u00fccumlar\u0131n geldi\u011fi noktay\u0131 bug\u00fcn burada \u00e7ok net g\u00f6r\u00fcyoruz. Yaln\u0131zca haber yapt\u0131\u011f\u0131 i\u00e7in Cihat Polat arkada\u015f\u0131m\u0131z g\u00f6zalt\u0131na al\u0131nd\u0131.<\/p>\n<p>-Kocaeli Milletvekili Radiye Sezer Kat\u0131rc\u0131o\u011flu\u2019nun dan\u0131\u015fman\u0131 ve karde\u015finin kocas\u0131n\u0131n \u0130zmit Orhaniye K\u00f6y\u00fcnde bulunan topra\u011f\u0131na yola cephesi olmamas\u0131na kar\u015f\u0131n orman alan\u0131ndan a\u011fa\u00e7lar kesilerek yol yapt\u0131\u011f\u0131 sav\u0131n\u0131 haber yapan arkada\u015f\u0131m\u0131z jandarma taraf\u0131ndan konutundan g\u00f6zalt\u0131na al\u0131nd\u0131.<\/p>\n<p>-Gazetecilerin gayreti ile elde edilen \u00c7al\u0131\u015fan Gazeteciler G\u00fcn\u00fcnde bir arkada\u015f\u0131m\u0131za y\u00f6nelik bu ak\u0131n hakikaten \u00e7ok manidar. Gazetecili\u011fe y\u00f6nelik bu h\u00fccumlar her ge\u00e7en g\u00fcn art\u0131yor. \u00d6zel m\u00fclkiyet ihlali m\u00fcnasebeti ile arkada\u015f\u0131m\u0131z g\u00f6zalt\u0131na al\u0131nd\u0131.\u00a0<\/p>\n<p>-Ka\u00e7ak oldu\u011fu tez edilen yap\u0131n\u0131n bulundu\u011fu alana haber yapmak maksad\u0131 ile gitti. Burada \u0130zmit Belediye Meclisi \u00fcyesinin yapt\u0131\u011f\u0131 a\u00e7\u0131klamay\u0131 haberle\u015ftirdi. Haber gazeteye girmeden jandarma gazeteye gelerek arkada\u015f\u0131m\u0131z\u0131 g\u00f6zalt\u0131na almak istedi. Lakin arkada\u015f\u0131m\u0131z gazetede de\u011fildi. Daha sonra ilgili gazetenin internet sitesinde 12.20\u2019de haber yay\u0131nlan\u0131yor ve arkada\u015f\u0131m\u0131z 13.23&#8217;te konutunda g\u00f6zalt\u0131na al\u0131n\u0131yor.<\/p>\n<p>-Milletvekili, daha arkada\u015f\u0131m\u0131zla ilgili g\u00f6zalt\u0131 karar\u0131 al\u0131nmadan yapt\u0131\u011f\u0131 a\u00e7\u0131klamada arkada\u015f\u0131m\u0131z\u0131n mevcutlu olarak tabire \u00e7a\u011fr\u0131ld\u0131\u011f\u0131n\u0131 ve isimli makamlara sevk edilece\u011fi ile ilgili a\u00e7\u0131klama yap\u0131yor. Daha jandarma g\u00f6zalt\u0131 karar\u0131 almadan bu a\u00e7\u0131klamay\u0131 milletvekili hangi bilgi ile yap\u0131yor. Kolluk kuvvetleri milletvekilinin a\u00e7\u0131klamas\u0131na nazaran mi s\u00fcre\u00e7 yap\u0131yor?<\/p>\n<p>-\u00c7ocuk ve bayanlar katledilirken bu kadar s\u00fcratli olmayan yarg\u0131 ve kolluk g\u00fc\u00e7leri kelam konusu gazeteciler oldu\u011funda jet s\u00fcratiyle s\u00fcre\u00e7 yap\u0131yor. Bu ne s\u00fcrat, bu ne kin. Milletvekili ya da iktidar g\u00fcc\u00fcn\u00fc gerisine alanlar gazetecilere g\u00f6zda\u011f\u0131 veremez. Biz g\u00f6zda\u011f\u0131 ata\u011f\u0131 yaln\u0131zca meslekta\u015f\u0131m\u0131za de\u011fil halk\u0131n haber alma hakk\u0131na y\u00f6nelik bir taarruzdur.<\/p>\n<p>-T\u00fcrkiye Gazeteciler Sendikas\u0131 olarak buradan bir defa daha sesleniyoruz, halk\u0131n haber alma hak\u0131na y\u00f6nelik t\u00fcm ak\u0131nlar\u0131 kar\u015f\u0131nda duraca\u011f\u0131z. T\u00fcm gazetecileri bu ataklara kar\u015f\u0131 birlik olmaya be \u00f6rg\u00fctl\u00fc hareket etmeye davet ediyoruz.<\/p>\n<p>\u00a0<\/p>\n","protected":false},"excerpt":{"rendered":"<p>AKP Kocaeli Milletvekili Radiye Sezer Kat\u0131rc\u0131o\u011flu&#8217;nun akrabas\u0131 ile ilgili haberinin akabinde g\u00f6zalt\u0131na al\u0131nan Kocaeli Gazetesi muhabiri Cihat Polat, tabirinin akabinde \u00f6zg\u00fcr b\u0131rak\u0131ld\u0131.<\/p>\n","protected":false},"author":1,"featured_media":6652,"comment_status":"open","ping_status":"open","sticky":false,"template":"","format":"standard","meta":{"footnotes":""},"categories":[25],"tags":[1722,1556,1610,1723,1596],"class_list":["post-6651","post","type-post","status-publish","format-standard","has-post-thumbnail","hentry","category-gundem","tag-arkadasimiz","tag-gazeteciler","tag-gozaltina","tag-kocaeli","tag-polat"],"_links":{"self":[{"href":"https:\/\/ikimisli.tr\/index.php\/wp-json\/wp\/v2\/posts\/6651","targetHints":{"allow":["GET"]}}],"collection":[{"href":"https:\/\/ikimisli.tr\/index.php\/wp-json\/wp\/v2\/posts"}],"about":[{"href":"https:\/\/ikimisli.tr\/index.php\/wp-json\/wp\/v2\/types\/post"}],"author":[{"embeddable":true,"href":"https:\/\/ikimisli.tr\/index.php\/wp-json\/wp\/v2\/users\/1"}],"replies":[{"embeddable":true,"href":"https:\/\/ikimisli.tr\/index.php\/wp-json\/wp\/v2\/comments?post=6651"}],"version-history":[{"count":1,"href":"https:\/\/ikimisli.tr\/index.php\/wp-json\/wp\/v2\/posts\/6651\/revisions"}],"predecessor-version":[{"id":6653,"href":"https:\/\/ikimisli.tr\/index.php\/wp-json\/wp\/v2\/posts\/6651\/revisions\/6653"}],"wp:featuredmedia":[{"embeddable":true,"href":"https:\/\/ikimisli.tr\/index.php\/wp-json\/wp\/v2\/media\/6652"}],"wp:attachment":[{"href":"https:\/\/ikimisli.tr\/index.php\/wp-json\/wp\/v2\/media?parent=6651"}],"wp:term":[{"taxonomy":"category","embeddable":true,"href":"https:\/\/ikimisli.tr\/index.php\/wp-json\/wp\/v2\/categories?post=6651"},{"taxonomy":"post_tag","embeddable":true,"href":"https:\/\/ikimisli.tr\/index.php\/wp-json\/wp\/v2\/tags?post=6651"}],"curies":[{"name":"wp","href":"https:\/\/api.w.org\/{rel}","templated":true}]}}